{"id":347442,"date":"2025-08-27T11:20:12","date_gmt":"2025-08-27T11:20:12","guid":{"rendered":"https:\/\/www.europesays.com\/fr\/347442\/"},"modified":"2025-08-27T11:20:12","modified_gmt":"2025-08-27T11:20:12","slug":"visible-depuis-la-promenade-des-anglais-un-drapeau-palestinien-a-ete-hisse-sur-la-tour-bellanda-a-nice","status":"publish","type":"post","link":"https:\/\/www.europesays.com\/fr\/347442\/","title":{"rendered":"Visible depuis la promenade des Anglais, un drapeau palestinien a \u00e9t\u00e9 hiss\u00e9 sur la tour Bellanda \u00e0 Nice"},"content":{"rendered":"<p>              <img ci-src=\"https:\/\/www.nicematin.com\/politique\/protec\/DATA_ART_16140469-EWg4zrmS.jpg?vh=b1c4cb&amp;ci_seal=0582fd6c33\" alt=\"\"\/><br \/>\n        Le drapeau palestinien est visible depuis la promenade des Anglais, ce mercredi 27 ao\u00fbt. Photo Ro. B. <strong>Photos Ro. B..<\/strong> <\/p>\n<p>              <img ci-src=\"https:\/\/www.nicematin.com\/politique\/protec\/DATA_ART_16140470-RFBgDn74.jpg?vh=a8ecb2&amp;ci_seal=7a8e4e86de\" alt=\"\"\/><br \/>\n        Le drapeau palestinien est visible depuis la promenade des Anglais, ce mercredi 27 ao\u00fbt. Photo Ro. B. <strong>Photos Ro. B..<\/strong> <\/p>\n<p>              <img ci-src=\"https:\/\/www.nicematin.com\/politique\/protec\/DATA_ART_16140040-Nf0ptnsA.jpg?vh=42e4c3&amp;ci_seal=7398cbf8d1\" alt=\"\"\/><br \/>\n        Le drapeau palestinien est visible depuis la promenade des Anglais, ce mercredi 27 ao\u00fbt. Photo Ro. B. <strong>Photos Ro. B..<\/strong> <\/p>\n<p>Un drapeau palestinien a \u00e9t\u00e9 accroch\u00e9 sur la tour Bellanda. Il \u00e9tait toujours en place ce mercredi 27 ao\u00fbt, \u00e0 Nice, visible depuis la promenade des Anglais ou le cours Saleya.<\/p>\n<p>De nombreuses manifestations pour la paix ont eu lieu \u00e0 Nice, depuis le d\u00e9but de la guerre le 7 octobre 2023 entre Isra\u00ebl et le Hamas, qui ravage la bande de Gaza. <a href=\"https:\/\/www.nicematin.com\/vie-locale\/christian-estrosi-enleve-les-drapeaux-israeliens-du-fronton-de-la-mairie-de-nice-et-les-remplace-991755\" rel=\"nofollow noopener\" target=\"_blank\">La mairie de Nice avait notamment \u00e9t\u00e9 contrainte par le tribunal administratif le 25 juin 2025 d\u2019enlever les drapeaux isra\u00e9liens qui flottaient sur son fronton<\/a>.<\/p>\n<p>Plus de 60.000 morts<\/p>\n<p>Vingt<a href=\"https:\/\/www.nicematin.com\/conflits\/15-morts-dont-4-journalistes-dans-des-frappes-israeliennes-sur-un-hopital-de-gaza-999227\" rel=\"nofollow noopener\" target=\"_blank\"> Palestiniens ont encore \u00e9t\u00e9 tu\u00e9s ce lundi 25 ao\u00fbt apr\u00e8s une frappe isra\u00e9lienne sur un h\u00f4pital, dont cinq journalistes.<\/a> Une frappe qualifi\u00e9e d\u2019\u00a0\u00bbintol\u00e9rable\u00a0\u00bb, par Emmanuel Macron. \u00ab\u00a0Les civils et les journalistes doivent \u00eatre prot\u00e9g\u00e9s en toutes circonstances. Les m\u00e9dias doivent pouvoir exercer leur mission de fa\u00e7on libre et ind\u00e9pendante pour couvrir la r\u00e9alit\u00e9 du conflit\u00a0\u00bb, a \u00e9crit le pr\u00e9sident de la r\u00e9publique fran\u00e7aise sur X.<\/p>\n<p>L\u2019attaque du Hamas du 7 octobre 2023 a entra\u00een\u00e9 la mort de 1.219 personnes c\u00f4t\u00e9 isra\u00e9lien. Les repr\u00e9sailles isra\u00e9liennes ont fait au moins 62.819 morts dans la bande de Gaza. Emmanuel Macron a par ailleurs r\u00e9cemment annonc\u00e9 que la France allait reconna\u00eetre l\u2019\u00c9tat de Palestine en septembre 2025 \u00e0 l\u2019ONU.<\/p>\n","protected":false},"excerpt":{"rendered":"Le drapeau palestinien est visible depuis la promenade des Anglais, ce mercredi 27 ao\u00fbt. Photo Ro. B. Photos&hellip;\n","protected":false},"author":2,"featured_media":347443,"comment_status":"","ping_status":"","sticky":false,"template":"","format":"standard","meta":{"footnotes":""},"categories":[2819],"tags":[1111,11,1777,674,1011,27,12,2401,316,882,25,3366],"class_list":{"0":"post-347442","1":"post","2":"type-post","3":"status-publish","4":"format-standard","5":"has-post-thumbnail","7":"category-nice","8":"tag-actu","9":"tag-actualites","10":"tag-eu","11":"tag-europe","12":"tag-fr","13":"tag-france","14":"tag-news","15":"tag-nice","16":"tag-politique","17":"tag-provence-alpes-cote-dazur","18":"tag-republique-francaise","19":"tag-vie-locale"},"share_on_mastodon":{"url":"https:\/\/pubeurope.com\/@fr\/115100465515639020","error":""},"_links":{"self":[{"href":"https:\/\/www.europesays.com\/fr\/wp-json\/wp\/v2\/posts\/347442","targetHints":{"allow":["GET"]}}],"collection":[{"href":"https:\/\/www.europesays.com\/fr\/wp-json\/wp\/v2\/posts"}],"about":[{"href":"https:\/\/www.europesays.com\/fr\/wp-json\/wp\/v2\/types\/post"}],"author":[{"embeddable":true,"href":"https:\/\/www.europesays.com\/fr\/wp-json\/wp\/v2\/users\/2"}],"replies":[{"embeddable":true,"href":"https:\/\/www.europesays.com\/fr\/wp-json\/wp\/v2\/comments?post=347442"}],"version-history":[{"count":0,"href":"https:\/\/www.europesays.com\/fr\/wp-json\/wp\/v2\/posts\/347442\/revisions"}],"wp:featuredmedia":[{"embeddable":true,"href":"https:\/\/www.europesays.com\/fr\/wp-json\/wp\/v2\/media\/347443"}],"wp:attachment":[{"href":"https:\/\/www.europesays.com\/fr\/wp-json\/wp\/v2\/media?parent=347442"}],"wp:term":[{"taxonomy":"category","embeddable":true,"href":"https:\/\/www.europesays.com\/fr\/wp-json\/wp\/v2\/categories?post=347442"},{"taxonomy":"post_tag","embeddable":true,"href":"https:\/\/www.europesays.com\/fr\/wp-json\/wp\/v2\/tags?post=347442"}],"curies":[{"name":"wp","href":"https:\/\/api.w.org\/{rel}","templated":true}]}}