{"id":347444,"date":"2025-08-27T11:21:10","date_gmt":"2025-08-27T11:21:10","guid":{"rendered":"https:\/\/www.europesays.com\/fr\/347444\/"},"modified":"2025-08-27T11:21:10","modified_gmt":"2025-08-27T11:21:10","slug":"un-sans-abri-de-40-ans-meurt-sur-la-promenade-des-anglais-a-nice","status":"publish","type":"post","link":"https:\/\/www.europesays.com\/fr\/347444\/","title":{"rendered":"Un sans-abri de 40 ans meurt sur la promenade des Anglais \u00e0 Nice"},"content":{"rendered":"<p>Un quadrag\u00e9naire sans domicile fixe est mort en pleine rue, sur la promenade des Anglais \u00e0 Nice, ce mecredi 27 ao\u00fbt.<\/p>\n<p>Un drame s&rsquo;est produit sur la promenade des Anglais ce mercredi 27 ao\u00fbt. Un sans domicile fixe de 40 ans est mort en pleine rue, d&rsquo;apr\u00e8s <a href=\"https:\/\/www.nicematin.com\/faits-divers\/un-sdf-age-de-40-ans-meurt-en-pleine-rue-a-nice-ce-mercredi-matin-999489\" target=\"_blank\" class=\"external_link\" rel=\"nofollow noopener\">des informations de Nice Matin<\/a> confirm\u00e9es par BFM Nice C\u00f4te d&rsquo;Azur.<\/p>\n<p>Le quadrag\u00e9naire sortait de l&rsquo;h\u00f4pital et se rendait en direction de la plage, pr\u00e8s de l&rsquo;avenue de la Lanterne, en fin de matin\u00e9e.<\/p>\n<p>Malgr\u00e9 l&rsquo;intervention du Samu et des sapeurs-pompiers, l&rsquo;homme a \u00e9t\u00e9 d\u00e9clar\u00e9 mort.<\/p>\n<p>Manon Aversa avec Mathias Fleury<\/p>\n","protected":false},"excerpt":{"rendered":"Un quadrag\u00e9naire sans domicile fixe est mort en pleine rue, sur la promenade des Anglais \u00e0 Nice, ce&hellip;\n","protected":false},"author":2,"featured_media":347445,"comment_status":"","ping_status":"","sticky":false,"template":"","format":"standard","meta":{"footnotes":""},"categories":[2819],"tags":[1111,11,1777,674,1011,27,12,2401,882,25],"class_list":{"0":"post-347444","1":"post","2":"type-post","3":"status-publish","4":"format-standard","5":"has-post-thumbnail","7":"category-nice","8":"tag-actu","9":"tag-actualites","10":"tag-eu","11":"tag-europe","12":"tag-fr","13":"tag-france","14":"tag-news","15":"tag-nice","16":"tag-provence-alpes-cote-dazur","17":"tag-republique-francaise"},"share_on_mastodon":{"url":"https:\/\/pubeurope.com\/@fr\/115100469351709847","error":""},"_links":{"self":[{"href":"https:\/\/www.europesays.com\/fr\/wp-json\/wp\/v2\/posts\/347444","targetHints":{"allow":["GET"]}}],"collection":[{"href":"https:\/\/www.europesays.com\/fr\/wp-json\/wp\/v2\/posts"}],"about":[{"href":"https:\/\/www.europesays.com\/fr\/wp-json\/wp\/v2\/types\/post"}],"author":[{"embeddable":true,"href":"https:\/\/www.europesays.com\/fr\/wp-json\/wp\/v2\/users\/2"}],"replies":[{"embeddable":true,"href":"https:\/\/www.europesays.com\/fr\/wp-json\/wp\/v2\/comments?post=347444"}],"version-history":[{"count":0,"href":"https:\/\/www.europesays.com\/fr\/wp-json\/wp\/v2\/posts\/347444\/revisions"}],"wp:featuredmedia":[{"embeddable":true,"href":"https:\/\/www.europesays.com\/fr\/wp-json\/wp\/v2\/media\/347445"}],"wp:attachment":[{"href":"https:\/\/www.europesays.com\/fr\/wp-json\/wp\/v2\/media?parent=347444"}],"wp:term":[{"taxonomy":"category","embeddable":true,"href":"https:\/\/www.europesays.com\/fr\/wp-json\/wp\/v2\/categories?post=347444"},{"taxonomy":"post_tag","embeddable":true,"href":"https:\/\/www.europesays.com\/fr\/wp-json\/wp\/v2\/tags?post=347444"}],"curies":[{"name":"wp","href":"https:\/\/api.w.org\/{rel}","templated":true}]}}