{"id":347452,"date":"2025-08-27T11:26:10","date_gmt":"2025-08-27T11:26:10","guid":{"rendered":"https:\/\/www.europesays.com\/fr\/347452\/"},"modified":"2025-08-27T11:26:10","modified_gmt":"2025-08-27T11:26:10","slug":"info-la-depeche-il-frappe-sa-salariee-a-coups-de-marteau-sur-la-tete-un-homme-arrete-pour-tentative-de-meurtre","status":"publish","type":"post","link":"https:\/\/www.europesays.com\/fr\/347452\/","title":{"rendered":"INFO LA DEPECHE. Il frappe sa salari\u00e9e \u00e0 coups de marteau sur la t\u00eate\u00a0: un homme arr\u00eat\u00e9 pour tentative de meurtre"},"content":{"rendered":"<p>\n                                                                    l&rsquo;essentiel<br \/>\n                                                                \u00c0 Toulouse, une employ\u00e9e de 38 ans a \u00e9t\u00e9 violemment agress\u00e9e \u00e0 coups de marteau sur son lieu de travail, le 18\u00a0ao\u00fbt dernier. L\u2019auteur pr\u00e9sum\u00e9, son sup\u00e9rieur hi\u00e9rarchique, a \u00e9t\u00e9 interpell\u00e9 quelques jours plus tard. Une tentative de meurtre dont le mobile pourrait \u00eatre d\u2019ordre personnel, selon les enqu\u00eateurs.\n                            <\/p>\n<p>Une femme de 38 ans a \u00e9chapp\u00e9 de peu \u00e0 un\u00a0meurtre. Gri\u00e8vement bless\u00e9e \u00e0 la t\u00eate, elle a \u00e9t\u00e9 victime d\u2019une attaque d\u2019une\u00a0violence rare sur son lieu de travail \u00e0 Toulouse. L\u2019agression, perp\u00e9tr\u00e9e \u00e0 coups de marteau, a caus\u00e9 de nombreuses plaies. Un homme de 57 ans, son sup\u00e9rieur hi\u00e9rarchique, vient d\u2019\u00eatre interpell\u00e9.<\/p>\n<p>Les faits se sont d\u00e9roul\u00e9s au c\u0153ur de l\u2019\u00e9t\u00e9, dans des circonstances d\u2019une extr\u00eame gravit\u00e9. Le dimanche 18\u00a0ao\u00fbt, vers 7\u00a0heures du matin, une employ\u00e9e d\u2019une mercerie arrive sur place et ouvre les locaux, pensant \u00eatre la premi\u00e8re arriv\u00e9e. Alors qu\u2019elle se dirige vers son bureau, un homme encagoul\u00e9 et gant\u00e9 surgit derri\u00e8re elle et l\u2019agresse sans dire un mot. Il vise directement la t\u00eate avec un marteau. Tr\u00e8s rapidement, la victime est gri\u00e8vement bless\u00e9e, le sang coule abondamment. Malgr\u00e9 ses blessures, elle parvient \u00e0 s\u2019emparer de l\u2019arme de son agresseur et \u00e0 fuir. Elle court jusqu\u2019\u00e0 croiser un t\u00e9moin, qui alerte aussit\u00f4t les secours.<\/p>\n<p class=\"std-elt__inline\">\n        <strong>\u00c0 lire aussi :<\/strong><br \/>\n        <a href=\"https:\/\/www.ladepeche.fr\/2025\/04\/30\/agression-au-marteau-insultes-menaces-que-sest-il-passe-dans-un-college-de-toulouse-mardi-12668160.php\" rel=\"nofollow noopener\" target=\"_blank\">Agression au marteau, insultes, menaces\u00a0: que s\u2019est-il pass\u00e9 dans un coll\u00e8ge de Toulouse mardi\u00a0?<\/a>\n    <\/p>\n<p>Lorsque les pompiers, le Smur et la police arrivent sur les lieux, l\u2019agresseur a d\u00e9j\u00e0 pris la fuite. La victime, en \u00e9tat de choc, est prise en charge sur place avant d\u2019\u00eatre conduite \u00e0 l\u2019h\u00f4pital. Si son pronostic vital n\u2019a jamais \u00e9t\u00e9 engag\u00e9, ses blessures sont s\u00e9rieuses.<\/p>\n<p>Confront\u00e9 aux preuves, il finit par reconna\u00eetre les faits<\/p>\n<p>Le parquet ouvre imm\u00e9diatement une enqu\u00eate pour tentative de meurtre, confi\u00e9e \u00e0 la division de la criminalit\u00e9 territoriale. Gr\u00e2ce \u00e0 l\u2019analyse des images de vid\u00e9oprotection, les unit\u00e9s de recherches retracent l\u2019itin\u00e9raire du suspect et parviennent \u00e0 l\u2019identifier. Il s\u2019agit du sup\u00e9rieur hi\u00e9rarchique de la victime.<\/p>\n<p class=\"std-elt__inline\">\n        <strong>\u00c0 lire aussi :<\/strong><br \/>\n        <a href=\"https:\/\/www.ladepeche.fr\/2025\/03\/20\/frappe-a-coups-de-marteau-et-asperge-de-gaz-lacrymogene-deux-mineurs-places-en-garde-a-vue-apres-lagression-dun-collegien-12582064.php\" rel=\"nofollow noopener\" target=\"_blank\">Frapp\u00e9 \u00e0 \u00ab\u00a0coups de marteau\u00a0\u00bb et asperg\u00e9 de gaz lacrymog\u00e8ne\u00a0: deux mineurs plac\u00e9s en garde \u00e0 vue apr\u00e8s l\u2019agression d\u2019un coll\u00e9gien<\/a>\n    <\/p>\n<p>Ce dernier est arr\u00eat\u00e9 le mardi 26\u00a0ao\u00fbt. Plac\u00e9 en garde \u00e0 vue, il nie d\u2019abord les faits. Toutefois, la perquisition men\u00e9e \u00e0 son domicile permet aux policiers\u00a0de recueillir plusieurs \u00e9l\u00e9ments \u00e0 charge. Confront\u00e9 \u00e0 ces preuves, l\u2019homme finit par reconna\u00eetre son geste. Une piste sentimentale, encore \u00e0 confirmer, est envisag\u00e9e par les enqu\u00eateurs\u00a0: la victime aurait repouss\u00e9 des avances de son patron, ce qui pourrait avoir d\u00e9clench\u00e9 l\u2019agression.<\/p>\n<p>Cette femme mentionne \u00e9galement d\u2019autres \u00e9v\u00e9nements suspects survenus ces derniers mois, comme la d\u00e9couverte de tags \u00e0 proximit\u00e9 de son domicile. \u00c0 ce stade, aucun lien formel n\u2019a \u00e9t\u00e9 \u00e9tabli entre ces incidents et l\u2019affaire en cours.<\/p>\n","protected":false},"excerpt":{"rendered":"l&rsquo;essentiel \u00c0 Toulouse, une employ\u00e9e de 38 ans a \u00e9t\u00e9 violemment agress\u00e9e \u00e0 coups de marteau sur son&hellip;\n","protected":false},"author":2,"featured_media":347453,"comment_status":"","ping_status":"","sticky":false,"template":"","format":"standard","meta":{"footnotes":""},"categories":[2816],"tags":[1111,11,1777,674,1011,27,12,2680,25,2312],"class_list":{"0":"post-347452","1":"post","2":"type-post","3":"status-publish","4":"format-standard","5":"has-post-thumbnail","7":"category-toulouse","8":"tag-actu","9":"tag-actualites","10":"tag-eu","11":"tag-europe","12":"tag-fr","13":"tag-france","14":"tag-news","15":"tag-occitanie","16":"tag-republique-francaise","17":"tag-toulouse"},"share_on_mastodon":{"url":"https:\/\/pubeurope.com\/@fr\/115100489031000148","error":""},"_links":{"self":[{"href":"https:\/\/www.europesays.com\/fr\/wp-json\/wp\/v2\/posts\/347452","targetHints":{"allow":["GET"]}}],"collection":[{"href":"https:\/\/www.europesays.com\/fr\/wp-json\/wp\/v2\/posts"}],"about":[{"href":"https:\/\/www.europesays.com\/fr\/wp-json\/wp\/v2\/types\/post"}],"author":[{"embeddable":true,"href":"https:\/\/www.europesays.com\/fr\/wp-json\/wp\/v2\/users\/2"}],"replies":[{"embeddable":true,"href":"https:\/\/www.europesays.com\/fr\/wp-json\/wp\/v2\/comments?post=347452"}],"version-history":[{"count":0,"href":"https:\/\/www.europesays.com\/fr\/wp-json\/wp\/v2\/posts\/347452\/revisions"}],"wp:featuredmedia":[{"embeddable":true,"href":"https:\/\/www.europesays.com\/fr\/wp-json\/wp\/v2\/media\/347453"}],"wp:attachment":[{"href":"https:\/\/www.europesays.com\/fr\/wp-json\/wp\/v2\/media?parent=347452"}],"wp:term":[{"taxonomy":"category","embeddable":true,"href":"https:\/\/www.europesays.com\/fr\/wp-json\/wp\/v2\/categories?post=347452"},{"taxonomy":"post_tag","embeddable":true,"href":"https:\/\/www.europesays.com\/fr\/wp-json\/wp\/v2\/tags?post=347452"}],"curies":[{"name":"wp","href":"https:\/\/api.w.org\/{rel}","templated":true}]}}