{"id":347454,"date":"2025-08-27T11:27:10","date_gmt":"2025-08-27T11:27:10","guid":{"rendered":"https:\/\/www.europesays.com\/fr\/347454\/"},"modified":"2025-08-27T11:27:10","modified_gmt":"2025-08-27T11:27:10","slug":"toulouse-trois-policiers-blesses-par-un-conducteur-ivre-et-sous-stupefiants","status":"publish","type":"post","link":"https:\/\/www.europesays.com\/fr\/347454\/","title":{"rendered":"Toulouse\u00a0: trois policiers bless\u00e9s par un conducteur ivre et sous stup\u00e9fiants"},"content":{"rendered":"<p class=\"paragraph text_align_left lp-f-body-02\">Trois policiers ont \u00e9t\u00e9 bless\u00e9s, dont deux gri\u00e8vement, mercredi matin \u00e0 Toulouse lorsque le conducteur d\u2019un utilitaire, ivre, a percut\u00e9 leur v\u00e9hicule, a-t-on appris de source polici\u00e8re.<\/p>\n<p class=\"paragraph text_align_left lp-f-body-02\">La collision a eu lieu peu avant 1 heure, alors que les agents regagnaient leur v\u00e9hicule \u00e0 l\u2019issue d\u2019une mission de police-secours. Deux policiers se trouvaient \u00e0 l\u2019int\u00e9rieur du v\u00e9hicule percut\u00e9 et deux \u00e0 l\u2019ext\u00e9rieur.<\/p>\n<p class=\"paragraph text_align_left lp-f-body-02\">Selon <a href=\"https:\/\/www.ladepeche.fr\/2025\/08\/27\/deux-policiers-blesses-apres-quun-conducteur-positif-a-lalcool-et-aux-stupefiants-a-percute-leur-vehicule-12895528.php\" rel=\"nofollow noopener\" target=\"_blank\">La D\u00e9p\u00eache du Midi<\/a>, sous la violence de l\u2019impact, la voiture de service a \u00e9t\u00e9 projet\u00e9e et a \u00e9cras\u00e9 les deux fonctionnaires \u00e0 l\u2019ext\u00e9rieur contre un autre v\u00e9hicule gar\u00e9. Ils se sont ainsi retrouv\u00e9s coinc\u00e9s entre les deux voitures.<\/p>\n<p class=\"paragraph text_align_left lp-f-body-02\">Les deux agents souffrent de fractures (fracture du bassin pour l\u2019un, fracture lombaire pour l\u2019autre), mais aucun pronostic vital n\u2019est engag\u00e9, a indiqu\u00e9 cette source. Le troisi\u00e8me souffre de blessures plus l\u00e9g\u00e8res et le quatri\u00e8me est choqu\u00e9 par l\u2019accident.<\/p>\n<p class=\"lp-card-podcast-highlighting__title  lp-f-subtitle-05\">[4\/4] C\u00e9cile Vallin, les secrets d\u2019une disparition<\/p>\n<p class=\"lp-card-podcast-highlighting__description lp-f-ui-05\">Crime story raconte chaque semaine les grandes affaires criminelles.<\/p>\n<p><a class=\"lp-card-podcast-highlighting__call-to-action\" data-page-type=\"HP\" data-block-name=\"podcast-highlight\">\u00c9couter<\/a><\/p>\n<p class=\"paragraph text_align_left lp-f-body-02\">Le conducteur du v\u00e9hicule fautif, interpell\u00e9 pour d\u00e9lit de \u00ab conduite sous l\u2019empire d\u2019un \u00e9tat alcoolique \u00bb, a \u00e9galement \u00e9t\u00e9 contr\u00f4l\u00e9 positif aux stup\u00e9fiants, indique une source polici\u00e8re.<\/p>\n<p class=\"paragraph text_align_left lp-f-body-02\">Trop ivre pour r\u00e9pondre, le chauffeur a \u00e9t\u00e9 plac\u00e9 en cellule de d\u00e9grisement avant le d\u00e9but de sa garde \u00e0 vue.<\/p>\n","protected":false},"excerpt":{"rendered":"Trois policiers ont \u00e9t\u00e9 bless\u00e9s, dont deux gri\u00e8vement, mercredi matin \u00e0 Toulouse lorsque le conducteur d\u2019un utilitaire, ivre,&hellip;\n","protected":false},"author":2,"featured_media":178316,"comment_status":"","ping_status":"","sticky":false,"template":"","format":"standard","meta":{"footnotes":""},"categories":[2816],"tags":[1111,11,459,1777,674,118,1011,27,12,2680,25,2312],"class_list":{"0":"post-347454","1":"post","2":"type-post","3":"status-publish","4":"format-standard","5":"has-post-thumbnail","7":"category-toulouse","8":"tag-actu","9":"tag-actualites","10":"tag-departements-horsidfo","11":"tag-eu","12":"tag-europe","13":"tag-faits-divers","14":"tag-fr","15":"tag-france","16":"tag-news","17":"tag-occitanie","18":"tag-republique-francaise","19":"tag-toulouse"},"share_on_mastodon":{"url":"https:\/\/pubeurope.com\/@fr\/115100493293326026","error":""},"_links":{"self":[{"href":"https:\/\/www.europesays.com\/fr\/wp-json\/wp\/v2\/posts\/347454","targetHints":{"allow":["GET"]}}],"collection":[{"href":"https:\/\/www.europesays.com\/fr\/wp-json\/wp\/v2\/posts"}],"about":[{"href":"https:\/\/www.europesays.com\/fr\/wp-json\/wp\/v2\/types\/post"}],"author":[{"embeddable":true,"href":"https:\/\/www.europesays.com\/fr\/wp-json\/wp\/v2\/users\/2"}],"replies":[{"embeddable":true,"href":"https:\/\/www.europesays.com\/fr\/wp-json\/wp\/v2\/comments?post=347454"}],"version-history":[{"count":0,"href":"https:\/\/www.europesays.com\/fr\/wp-json\/wp\/v2\/posts\/347454\/revisions"}],"wp:featuredmedia":[{"embeddable":true,"href":"https:\/\/www.europesays.com\/fr\/wp-json\/wp\/v2\/media\/178316"}],"wp:attachment":[{"href":"https:\/\/www.europesays.com\/fr\/wp-json\/wp\/v2\/media?parent=347454"}],"wp:term":[{"taxonomy":"category","embeddable":true,"href":"https:\/\/www.europesays.com\/fr\/wp-json\/wp\/v2\/categories?post=347454"},{"taxonomy":"post_tag","embeddable":true,"href":"https:\/\/www.europesays.com\/fr\/wp-json\/wp\/v2\/tags?post=347454"}],"curies":[{"name":"wp","href":"https:\/\/api.w.org\/{rel}","templated":true}]}}