{"id":347460,"date":"2025-08-27T11:31:12","date_gmt":"2025-08-27T11:31:12","guid":{"rendered":"https:\/\/www.europesays.com\/fr\/347460\/"},"modified":"2025-08-27T11:31:12","modified_gmt":"2025-08-27T11:31:12","slug":"a-marseille-un-jeune-a-scooter-decede-apres-un-refus-dobtemperer","status":"publish","type":"post","link":"https:\/\/www.europesays.com\/fr\/347460\/","title":{"rendered":"A Marseille, un jeune \u00e0 scooter d\u00e9c\u00e8de apr\u00e8s un refus d&rsquo;obtemp\u00e9rer"},"content":{"rendered":"<p>Le conducteur d&rsquo;un scooter, \u00e2g\u00e9 de 20 ans, est d\u00e9c\u00e9d\u00e9 \u00e0 Marseille dans la nuit de mardi \u00e0 mercredi apr\u00e8s un accident cons\u00e9cutif \u00e0 un refus d&rsquo;obtemp\u00e9rer, a-t-on appris de sources proches de l&rsquo;enqu\u00eate.<\/p>\n<p>Le parquet de Marseille a pr\u00e9cis\u00e9 \u00e0 l&rsquo;AFP avoir ouvert deux enqu\u00eates, l&rsquo;une pour \u00ab\u00a0refus d&rsquo;obtemp\u00e9rer aggrav\u00e9\u00a0\u00bb et l&rsquo;autre pour \u00ab\u00a0homicide involontaire\u00a0\u00bb.<\/p>\n<p>Les faits se sont d\u00e9roul\u00e9s peu apr\u00e8s 02H00 dans le 10e arrondissement lorsqu&rsquo;un \u00e9quipage de police a souhait\u00e9 verbaliser la victime apr\u00e8s de multiples infractions au code de la route, selon une source proche de l&rsquo;enqu\u00eate.<\/p>\n<p>Le conducteur de deux roues a alors pris la fuite et la police l&rsquo;a poursuivi, selon une source proche du dossier. Le jeune homme, en voulant s&rsquo;\u00e9chapper, a chut\u00e9 apr\u00e8s avoir heurt\u00e9 avec son v\u00e9hicule une cha\u00eene de parking.<\/p>\n<p>Il a \u00e9t\u00e9 transport\u00e9 en arr\u00eat cardio-respiratoire \u00e0 l&rsquo;h\u00f4pital de la Timone o\u00f9 son d\u00e9c\u00e8s a \u00e9t\u00e9 prononc\u00e9.<\/p>\n<p>\u00a0<\/p>\n<p>\u00a0<\/p>\n<p>\u00a9 Agence France-Presse<\/p>\n","protected":false},"excerpt":{"rendered":"Le conducteur d&rsquo;un scooter, \u00e2g\u00e9 de 20 ans, est d\u00e9c\u00e9d\u00e9 \u00e0 Marseille dans la nuit de mardi \u00e0&hellip;\n","protected":false},"author":2,"featured_media":133708,"comment_status":"","ping_status":"","sticky":false,"template":"","format":"standard","meta":{"footnotes":""},"categories":[2814],"tags":[1111,11,1777,674,1011,27,884,12,882,25,6291],"class_list":{"0":"post-347460","1":"post","2":"type-post","3":"status-publish","4":"format-standard","5":"has-post-thumbnail","7":"category-marseille","8":"tag-actu","9":"tag-actualites","10":"tag-eu","11":"tag-europe","12":"tag-fr","13":"tag-france","14":"tag-marseille","15":"tag-news","16":"tag-provence-alpes-cote-dazur","17":"tag-republique-francaise","18":"tag-scooter"},"share_on_mastodon":{"url":"https:\/\/pubeurope.com\/@fr\/115100508720150237","error":""},"_links":{"self":[{"href":"https:\/\/www.europesays.com\/fr\/wp-json\/wp\/v2\/posts\/347460","targetHints":{"allow":["GET"]}}],"collection":[{"href":"https:\/\/www.europesays.com\/fr\/wp-json\/wp\/v2\/posts"}],"about":[{"href":"https:\/\/www.europesays.com\/fr\/wp-json\/wp\/v2\/types\/post"}],"author":[{"embeddable":true,"href":"https:\/\/www.europesays.com\/fr\/wp-json\/wp\/v2\/users\/2"}],"replies":[{"embeddable":true,"href":"https:\/\/www.europesays.com\/fr\/wp-json\/wp\/v2\/comments?post=347460"}],"version-history":[{"count":0,"href":"https:\/\/www.europesays.com\/fr\/wp-json\/wp\/v2\/posts\/347460\/revisions"}],"wp:featuredmedia":[{"embeddable":true,"href":"https:\/\/www.europesays.com\/fr\/wp-json\/wp\/v2\/media\/133708"}],"wp:attachment":[{"href":"https:\/\/www.europesays.com\/fr\/wp-json\/wp\/v2\/media?parent=347460"}],"wp:term":[{"taxonomy":"category","embeddable":true,"href":"https:\/\/www.europesays.com\/fr\/wp-json\/wp\/v2\/categories?post=347460"},{"taxonomy":"post_tag","embeddable":true,"href":"https:\/\/www.europesays.com\/fr\/wp-json\/wp\/v2\/tags?post=347460"}],"curies":[{"name":"wp","href":"https:\/\/api.w.org\/{rel}","templated":true}]}}