{"id":347476,"date":"2025-08-27T11:41:10","date_gmt":"2025-08-27T11:41:10","guid":{"rendered":"https:\/\/www.europesays.com\/fr\/347476\/"},"modified":"2025-08-27T11:41:10","modified_gmt":"2025-08-27T11:41:10","slug":"le-kremlin-douche-lespoir-dune-rencontre-rapide-entre-poutine-et-zelensky","status":"publish","type":"post","link":"https:\/\/www.europesays.com\/fr\/347476\/","title":{"rendered":"le Kremlin douche l\u2019espoir d\u2019une rencontre rapide entre Poutine et Zelensky"},"content":{"rendered":"<p>\u00ab\u00a0Les chefs des groupes de n\u00e9gociations [NDLR\u00a0: russe et ukrainien] sont en contact\u00a0\u00bb, a d\u00e9clar\u00e9 le porte-parole du Kremlin, Dmitri Peskov, lors de son briefing quotidien, en disant ne pas \u00eatre en mesure d\u2019annoncer une date pour de futurs pourparlers entre les deux pays. \u00ab\u00a0Tout autre contact \u00e0 haut niveau, ou au plus haut niveau, doit \u00eatre bien pr\u00e9par\u00e9, afin d\u2019\u00eatre fructueux\u00a0\u00bb, a-t-il ajout\u00e9.<\/p>\n<p>Zelensky et Poutine \u00ab\u00a0ne s\u2019aiment pas\u00a0\u00bb<\/p>\n<p>Le pr\u00e9sident am\u00e9ricain Donald Trump avait affirm\u00e9 le 18\u00a0ao\u00fbt avoir lanc\u00e9 les pr\u00e9paratifs d\u2019une rencontre entre les pr\u00e9sidents russe et ukrainien, avec l\u2019accord des bellig\u00e9rants, mais a \u00e9t\u00e9 beaucoup moins affirmatif par la suite. <a href=\"https:\/\/www.sudouest.fr\/international\/europe\/ukraine\/guerre-en-ukraine-trump-dit-qu-il-a-parle-a-poutine-depuis-sa-reunion-avec-zelensky-et-les-europeens-25665046.php\" rel=\"nofollow noopener\" target=\"_blank\">Poutine et Zelensky \u00ab\u00a0ne s\u2019aiment pas\u00a0\u00bb, a-t-il d\u00e9clar\u00e9 mardi depuis Washington<\/a>.<\/p>\n<p>Le ministre russe des Affaires \u00e9trang\u00e8res, Sergue\u00ef Lavrov, avait d\u00e9j\u00e0 douch\u00e9 les espoirs de Trump vendredi dernier,<a href=\"https:\/\/www.sudouest.fr\/international\/guerre-en-ukraine-lavrov-accuse-l-occident-de-chercher-a-empecher-les-negociations-de-paix-25647857.php\" rel=\"nofollow noopener\" target=\"_blank\"> en accusant Volodymyr Zelensky de bloquer la tenue d\u2019une telle r\u00e9union<\/a> et en affirmant qu\u2019il n\u2019y avait \u00ab\u00a0pas de rencontre pr\u00e9vue\u00a0\u00bb.<\/p>\n<p>Le Kremlin a aussi indiqu\u00e9 mercredi que Moscou voyait d\u2019un \u0153il \u00ab\u00a0d\u00e9favorable\u00a0\u00bb les discussions concernant un \u00e9ventuel envoi de troupes europ\u00e9ennes sur le sol ukrainien en cas d\u2019accord de paix avec l\u2019Ukraine, alors que Kiev souhaite des garanties de s\u00e9curit\u00e9 de ses alli\u00e9s occidentaux pour dissuader la Russie de l\u2019attaquer \u00e0 nouveau.<\/p>\n<p>Garanties de s\u00e9curit\u00e9<\/p>\n<p>\u00ab\u00a0Il n\u2019y a pas d\u2019arm\u00e9e europ\u00e9enne, il n\u2019y a que des arm\u00e9es de pays sp\u00e9cifiques, qui sont pour la plupart membres de l\u2019Otan\u00a0\u00bb, a r\u00e9agi mercredi Dmitri Peskov. Moscou consid\u00e8re l\u2019expansion de l\u2019Otan \u00e0 ses fronti\u00e8res comme l\u2019une des \u00ab\u00a0causes profondes\u00a0\u00bb ayant men\u00e9 au conflit.<\/p>\n<p>En visite vendredi \u00e0 Kiev, le secr\u00e9taire g\u00e9n\u00e9ral de l\u2019Otan, Mark Rutte, avait appel\u00e9 les alli\u00e9s occidentaux \u00e0 donner des \u00ab\u00a0garanties de s\u00e9curit\u00e9 solides\u00a0\u00bb pour l\u2019Ukraine, en cas d\u2019un accord de paix avec Moscou.<\/p>\n","protected":false},"excerpt":{"rendered":"\u00ab\u00a0Les chefs des groupes de n\u00e9gociations [NDLR\u00a0: russe et ukrainien] sont en contact\u00a0\u00bb, a d\u00e9clar\u00e9 le porte-parole du&hellip;\n","protected":false},"author":2,"featured_media":347477,"comment_status":"","ping_status":"","sticky":false,"template":"","format":"standard","meta":{"footnotes":""},"categories":[1590],"tags":[11,1777,674,12,220],"class_list":{"0":"post-347476","1":"post","2":"type-post","3":"status-publish","4":"format-standard","5":"has-post-thumbnail","7":"category-ukraine","8":"tag-actualites","9":"tag-eu","10":"tag-europe","11":"tag-news","12":"tag-ukraine"},"share_on_mastodon":{"url":"https:\/\/pubeurope.com\/@fr\/115100548045715180","error":""},"_links":{"self":[{"href":"https:\/\/www.europesays.com\/fr\/wp-json\/wp\/v2\/posts\/347476","targetHints":{"allow":["GET"]}}],"collection":[{"href":"https:\/\/www.europesays.com\/fr\/wp-json\/wp\/v2\/posts"}],"about":[{"href":"https:\/\/www.europesays.com\/fr\/wp-json\/wp\/v2\/types\/post"}],"author":[{"embeddable":true,"href":"https:\/\/www.europesays.com\/fr\/wp-json\/wp\/v2\/users\/2"}],"replies":[{"embeddable":true,"href":"https:\/\/www.europesays.com\/fr\/wp-json\/wp\/v2\/comments?post=347476"}],"version-history":[{"count":0,"href":"https:\/\/www.europesays.com\/fr\/wp-json\/wp\/v2\/posts\/347476\/revisions"}],"wp:featuredmedia":[{"embeddable":true,"href":"https:\/\/www.europesays.com\/fr\/wp-json\/wp\/v2\/media\/347477"}],"wp:attachment":[{"href":"https:\/\/www.europesays.com\/fr\/wp-json\/wp\/v2\/media?parent=347476"}],"wp:term":[{"taxonomy":"category","embeddable":true,"href":"https:\/\/www.europesays.com\/fr\/wp-json\/wp\/v2\/categories?post=347476"},{"taxonomy":"post_tag","embeddable":true,"href":"https:\/\/www.europesays.com\/fr\/wp-json\/wp\/v2\/tags?post=347476"}],"curies":[{"name":"wp","href":"https:\/\/api.w.org\/{rel}","templated":true}]}}