{"id":347480,"date":"2025-08-27T11:43:10","date_gmt":"2025-08-27T11:43:10","guid":{"rendered":"https:\/\/www.europesays.com\/fr\/347480\/"},"modified":"2025-08-27T11:43:10","modified_gmt":"2025-08-27T11:43:10","slug":"paris-sera-t-il-lepicentre-du-prochain-krach-financier","status":"publish","type":"post","link":"https:\/\/www.europesays.com\/fr\/347480\/","title":{"rendered":"\u201cParis sera-t-il l\u2019\u00e9picentre du prochain krach financier ?\u201d"},"content":{"rendered":"\n<p>La dette est hors de contr\u00f4le, la marge de man\u0153uvre fiscale tr\u00e8s limit\u00e9e, et la seule chose sur laquelle la classe politique semble capable de s\u2019entendre, c\u2019est l\u2019envie de mettre le sujet sous le tapis encore un an ou deux. Cet \u00e9tat des lieux pourrait coller \u00e0 bon nombre de pays, Royaume-Uni compris.<\/p>\n<p>Mais, ces derniers temps, c\u2019est \u00e0 la France qu\u2019il correspond le mieux. Alors que le gouvernement est une nouvelle fois sur le point de tomber, et que le CAC\u00a040 d\u00e9visse [il a perdu plus de 3\u00a0% en deux s\u00e9ances apr\u00e8s les annonces de Fran\u00e7ois Bayrou], une question s\u2019impose\u00a0: Paris sera-t-il l\u2019\u00e9picentre du prochain krach financier\u00a0?<\/p>\n<p>Le Premier ministre, Fran\u00e7ois Bayrou, a pris [lundi 25\u00a0ao\u00fbt] la d\u00e9cision courageuse, mais insens\u00e9e, de solliciter un vote de confiance \u00e0 l\u2019Assembl\u00e9e nationale, le 8\u00a0septembre. <a href=\"https:\/\/www.courrierinternational.com\/article\/vu-de-l-etranger-budget-francois-bayrou-joue-sa-survie-politique-sur-des-mesures-impopulaires_233164\" target=\"_blank\" rel=\"noopener\">Le centriste bataille [depuis des semaines] pour faire adopter son budget<\/a>, qui pr\u00e9voit de modestes restrictions des d\u00e9penses publiques \u2013\u00a0pas de coupe, bien s\u00fbr, mais un ralentissement de la hausse des d\u00e9penses\u00a0\u2013 et quelques mesures symboliques, parmi lesquelles la suppression de deux jours f\u00e9ri\u00e9s.<\/p>\n<p>Bayrou a peu de chances de s\u2019en sortir, et si les d\u00e9put\u00e9s lui refusent effectivement leur confiance, le gouvernement tombera, et Emmanuel Macron n\u2019aura plus qu\u2019\u00e0 se trouver un nouveau Premier <\/p>\n<p>                                     <strong class=\"paywall-title\">Cet article est r\u00e9serv\u00e9 aux\u00a0abonn\u00e9s.<\/strong>   <\/p>\n<p class=\"paywall-text\">Profitez de\u00a0l\u2019offre sp\u00e9ciale num\u00e9rique pour acc\u00e9der \u00e0\u00a0l\u2019int\u00e9gralit\u00e9 de\u00a0nos contenus en\u00a0illimit\u00e9.<\/p>\n<p class=\"article-authors\">                         <a href=\"https:\/\/www.courrierinternational.com\/auteur\/matthew-lynn\" target=\"_blank\" rel=\"noopener\">Matthew Lynn<\/a>    <\/p>\n<p class=\"article-vo\"><a href=\"https:\/\/www.spectator.co.uk\/article\/is-france-about-to-trigger-the-next-financial-crash\/\" rel=\"noopener\" target=\"_blank\">Lire l\u2019article original<\/a><\/p>\n<p>Source de l\u2019article<\/p>\n<p>   <img decoding=\"async\" class=\"source-logo\" src=\"https:\/\/www.europesays.com\/fr\/wp-content\/uploads\/2025\/08\/b2bac62_1643653453621-the-spectator.jpg\"  alt=\"Logo\" loading=\"lazy\" width=\"32\" height=\"32\"\/>  The Spectator  (Londres)       <\/p>\n<p>\u201cLe Spectateur\u201d est une institution de la presse britannique. Fond\u00e9 en 1828, c\u2019est le journal de r\u00e9f\u00e9rence des intellectuels et dirigeants conservateurs, mais aussi des eurosceptiques\u00a0: The Spectator a soutenu la sortie de l\u2019Union europ\u00e9enne lors du r\u00e9f\u00e9rendum de 2016\u00a0et continue de se montrer tr\u00e8s critique vis-\u00e0-vis de Bruxelles. R\u00e9put\u00e9 pour ses analyses et son ton incisif, il a appartenu de 1989\u00a0\u00e0 2024\u00a0au m\u00eame groupe que <a href=\"https:\/\/www.courrierinternational.com\/notule-source\/the-daily-telegraph-0\" target=\"_blank\" rel=\"noopener\">The Daily Telegraph<\/a>. L\u2019ancien Premier ministre Boris Johnson en a \u00e9t\u00e9 le directeur au tournant du mill\u00e9naire (1999-2005).<\/p>\n<p>Le 10\u00a0septembre 2024, <a href=\"https:\/\/www.spectator.co.uk\/article\/the-spectators-new-owner-and-new-era\/\" target=\"_blank\" rel=\"noopener\">The Spectator est tomb\u00e9 dans l\u2019escarcelle de Sir Paul Marshall<\/a> actionnaire de la cha\u00eene de t\u00e9l\u00e9vision conservatrice GB News. Le montant de la transaction, annonc\u00e9 autour de 100\u00a0millions de livres, est particuli\u00e8rement \u00e9lev\u00e9 au vu de la tendance au d\u00e9clin de la valorisation des journaux britanniques.<\/p>\n<p>      <a href=\"https:\/\/www.courrierinternational.com\/notule-source\/the-spectator\" class=\"source-link\" target=\"_blank\" rel=\"noopener\">Lire la suite<\/a>                 <\/p>\n<p>Nos services<\/p>\n","protected":false},"excerpt":{"rendered":"La dette est hors de contr\u00f4le, la marge de man\u0153uvre fiscale tr\u00e8s limit\u00e9e, et la seule chose sur&hellip;\n","protected":false},"author":2,"featured_media":347481,"comment_status":"","ping_status":"","sticky":false,"template":"","format":"standard","meta":{"footnotes":""},"categories":[1588],"tags":[11,7993,1777,674,590,15763,3821,12,316,473,1853,2542,1851,1850,1852],"class_list":{"0":"post-347480","1":"post","2":"type-post","3":"status-publish","4":"format-standard","5":"has-post-thumbnail","7":"category-royaume-uni","8":"tag-actualites","9":"tag-dette-publique","10":"tag-eu","11":"tag-europe","12":"tag-finance","13":"tag-franu00e7ois-bayrou","14":"tag-la-france-vue-de-lu2019u00e9tranger","15":"tag-news","16":"tag-politique","17":"tag-royaume-uni","18":"tag-royaume-uni-de-grande-bretagne-et-dirlande-du-nord","19":"tag-u00e9conomie","20":"tag-uk","21":"tag-united-kingdom","22":"tag-united-kingdom-of-great-britain-and-northern-ireland"},"share_on_mastodon":{"url":"https:\/\/pubeurope.com\/@fr\/115100556192735438","error":""},"_links":{"self":[{"href":"https:\/\/www.europesays.com\/fr\/wp-json\/wp\/v2\/posts\/347480","targetHints":{"allow":["GET"]}}],"collection":[{"href":"https:\/\/www.europesays.com\/fr\/wp-json\/wp\/v2\/posts"}],"about":[{"href":"https:\/\/www.europesays.com\/fr\/wp-json\/wp\/v2\/types\/post"}],"author":[{"embeddable":true,"href":"https:\/\/www.europesays.com\/fr\/wp-json\/wp\/v2\/users\/2"}],"replies":[{"embeddable":true,"href":"https:\/\/www.europesays.com\/fr\/wp-json\/wp\/v2\/comments?post=347480"}],"version-history":[{"count":0,"href":"https:\/\/www.europesays.com\/fr\/wp-json\/wp\/v2\/posts\/347480\/revisions"}],"wp:featuredmedia":[{"embeddable":true,"href":"https:\/\/www.europesays.com\/fr\/wp-json\/wp\/v2\/media\/347481"}],"wp:attachment":[{"href":"https:\/\/www.europesays.com\/fr\/wp-json\/wp\/v2\/media?parent=347480"}],"wp:term":[{"taxonomy":"category","embeddable":true,"href":"https:\/\/www.europesays.com\/fr\/wp-json\/wp\/v2\/categories?post=347480"},{"taxonomy":"post_tag","embeddable":true,"href":"https:\/\/www.europesays.com\/fr\/wp-json\/wp\/v2\/tags?post=347480"}],"curies":[{"name":"wp","href":"https:\/\/api.w.org\/{rel}","templated":true}]}}