{"id":347499,"date":"2025-08-27T11:55:12","date_gmt":"2025-08-27T11:55:12","guid":{"rendered":"https:\/\/www.europesays.com\/fr\/347499\/"},"modified":"2025-08-27T11:55:12","modified_gmt":"2025-08-27T11:55:12","slug":"aldeguer-juge-que-sa-precipitation-lui-a-coute-le-podium-en-hongrie","status":"publish","type":"post","link":"https:\/\/www.europesays.com\/fr\/347499\/","title":{"rendered":"Aldeguer juge que sa pr\u00e9cipitation lui a co\u00fbt\u00e9 le podium en Hongrie"},"content":{"rendered":"<p>Apr\u00e8s son podium en Autriche, <a href=\"https:\/\/fr.motorsport.com\/driver\/fermin-aldeguer\/945314\/\" target=\"_blank\" rel=\"noopener\">Ferm\u00edn Aldeguer<\/a> estime avoir manqu\u00e9 une nouvelle r\u00e9compense lors du Grand Prix de Hongrie. Le jeune Espagnol avait d\u00e9j\u00e0 rivalis\u00e9 avec le rythme de <a href=\"https:\/\/fr.motorsport.com\/driver\/marc-marquez\/92646\/\" target=\"_blank\" rel=\"noopener\">Marc M\u00e1rquez<\/a> en pneus us\u00e9s au Red Bull Ring, <a href=\"https:\/\/fr.motorsport.com\/motogp\/news\/aldeguer-roi-fins-course-marquez-inspirer\/10751675\/\" target=\"_self\" rel=\"noopener\">s&rsquo;attirant les louanges du champion<\/a>, et dimanche il s&rsquo;est une nouvelle fois fait remarquer, en signant le deuxi\u00e8me meilleur temps de la course dans les tout derniers tours. Sauf qu&rsquo;une chute \u00e0 mi-course l&rsquo;avait rel\u00e9gu\u00e9 en fond de peloton.<\/p>\n<p>Avant cette erreur, le pilote Gresini occupait une solide cinqui\u00e8me place dans la roue de <a href=\"https:\/\/fr.motorsport.com\/driver\/franco-morbidelli\/109417\/\" target=\"_blank\" rel=\"noopener\">Franco Morbidelli<\/a>\u00a0et sa capacit\u00e9 \u00e0 bien exploiter ses pneus dans la seconde partie d&rsquo;une course lui laissait esp\u00e9rer de belles choses.\u00a0Il a beau \u00eatre remont\u00e9 en selle apr\u00e8s sa chute, il a finalement d\u00fb se contenter de la 16e position sous le drapeau \u00e0 damier, \u00e0 pr\u00e8s de 30 secondes des points et tr\u00e8s loin du podium auquel il pensait pouvoir pr\u00e9tendre.<\/p>\n<p>\u00ab\u00a0Un go\u00fbt doux-amer\u00a0\u00bb, a r\u00e9sum\u00e9\u00a0Ferm\u00edn Aldeguer \u00e0 l&rsquo;heure du bilan. \u00ab\u00a0Au final, cela ne refl\u00e8te pas tout le travail accompli pendant le week-end, car on a \u00e9t\u00e9 tr\u00e8s forts d\u00e8s le d\u00e9but. En qualifications, on a fait huiti\u00e8me&#8230; On savait que \u00e7a n&rsquo;\u00e9tait pas une tr\u00e8s bonne position, mais malgr\u00e9 tout, les astres se sont pas mal align\u00e9s en ma faveur dans les deux courses et j&rsquo;\u00e9tais quatri\u00e8me ou cinqui\u00e8me.\u00a0\u00bb<\/p>\n<p>Le rookie est tomb\u00e9 dans le virage 1 du Balaton Park, l\u00e0 o\u00f9 avait d\u00e9j\u00e0 chut\u00e9 pr\u00e9c\u00e9demment son co\u00e9quipier, <a href=\"https:\/\/fr.motorsport.com\/driver\/alex-marquez\/96324\/\" target=\"_blank\" rel=\"noopener\">\u00c1lex M\u00e1rquez<\/a>. \u00ab\u00a0J&rsquo;essayais de d\u00e9passer Morbidelli mais, alors que j&rsquo;\u00e9tais derri\u00e8re lui, la temp\u00e9rature et la pression ont beaucoup grimp\u00e9 et j&rsquo;ai perdu l&rsquo;avant\u00a0\u00bb, a-t-il expliqu\u00e9. \u00ab\u00a0C&rsquo;est un virage lent, on peut facilement y perdre le pneu avant sans m\u00eame faire de grosse erreur. J&rsquo;ai peut-\u00eatre eu un petit peu de chattering, je ne sais pas, c&rsquo;\u00e9tait difficile \u00e0 comprendre sur le moment.\u00a0\u00bb<\/p>\n<p>   <img decoding=\"async\" draggable=\"false\" src=\"https:\/\/www.europesays.com\/fr\/wp-content\/uploads\/2025\/08\/1756295712_936_fermin-aldeguer-gresini-racing.jpg\" alt=\"Ferm\u00edn Aldeguer, Gresini Racing\" width=\"1200\" height=\"800\" loading=\"lazy\"\/> <\/p>\n<p class=\"title\">Ferm\u00edn Aldeguer a des regrets apr\u00e8s le GP de Hongrie.<\/p>\n<p class=\"photographer\">Photo de : Attila Kisbenedek \/ AFP via Getty Images<\/p>\n<p>\u00ab\u00a0J&rsquo;ai continu\u00e9, pour essayer de recueillir des informations et d&rsquo;\u00e9valuer quels \u00e9taient mon rythme et ma vitesse, et ils \u00e9taient bons. C&rsquo;est quand je suis tomb\u00e9 que le pneu arri\u00e8re medium commen\u00e7ait \u00e0 mieux fonctionner\u00a0\u00bb, a poursuivi le pilote Gresini, qui s&rsquo;est montr\u00e9 tr\u00e8s performant malgr\u00e9 un repose-pied cass\u00e9.<\/p>\n<p>\u00ab\u00a0J&rsquo;ai roul\u00e9 en 1&rsquo;37&Prime;7-1&rsquo;37&Prime;8, j&rsquo;\u00e9tais tr\u00e8s rapide mais j&rsquo;ai perdu toute chance de ne serait-ce que de marquer des points. Rouler \u00e0 ce rythme-l\u00e0 apr\u00e8s une chute et voir qu&rsquo;il n&rsquo;y a que le vainqueur qui ait roul\u00e9 comme moi, c&rsquo;est quelque chose de positif. Il faut continuer comme \u00e7a et en \u00eatre satisfait.\u00a0\u00bb<\/p>\n<p>S&rsquo;il avait pu mener sa course normalement, Aldeguer est persuad\u00e9 qu&rsquo;il aurait pu monter \u00e0 nouveau sur le podium : \u00ab\u00a0Une deuxi\u00e8me ou troisi\u00e8me place \u00e9tait tout \u00e0 fait envisageable. Mais bon, les chutes font partie des courses. Il faut apprendre de ses erreurs. Je me suis un peu pr\u00e9cipit\u00e9. Je n&rsquo;ai pas forc\u00e9, mais la temp\u00e9rature des pneus \u00e9tait \u00e9lev\u00e9e, le virage 1 \u00e9tait tr\u00e8s lent&#8230; Et je suis tomb\u00e9.\u00a0\u00bb<\/p>\n<p>La Honda de Marini, un rempart infranchissable au sprint<\/p>\n<p>La veille, l&rsquo;Espagnol avait obtenu un top 5 au sprint, alors qu&rsquo;il s&rsquo;\u00e9lan\u00e7ait de la huiti\u00e8me position \u00e0 la suite d&rsquo;une erreur qu&rsquo;il regrettait en qualifications. L\u00e0 aussi, il estimait que le podium aurait pu \u00eatre envisageable, sauf qu&rsquo;il n&rsquo;a pas r\u00e9ussi \u00e0 franchir le barrage form\u00e9 par <a href=\"https:\/\/fr.motorsport.com\/driver\/luca-marini\/201098\/\" target=\"_blank\" rel=\"noopener\">Luca Marini<\/a>.<\/p>\n<p>\u00ab\u00a0J&rsquo;ai eu de la chance au d\u00e9part avec l&rsquo;erreur de Quartararo, j&rsquo;ai gagn\u00e9 quelques places\u00a0\u00bb, expliquait-il samedi. \u00ab\u00a0Mais j&rsquo;ai pass\u00e9 le premier virage tr\u00e8s calmement, je n&rsquo;ai pas d\u00e9senclench\u00e9 le holeshot device \u00e0 l&rsquo;avant, il est rest\u00e9 actif jusqu&rsquo;au cinqui\u00e8me virage, et alors j&rsquo;ai perdu des places au profit de Marini et de Mir.\u00a0\u00bb<\/p>\n<p>\u00ab\u00a0Ensuite, j&rsquo;ai essay\u00e9 de m&rsquo;am\u00e9liorer tour apr\u00e8s tour et de rejoindre le podium, mais le style des Honda est compl\u00e8tement diff\u00e9rent, ils sont rapides \u00e0 d&rsquo;autres endroits que nous. L&rsquo;\u00e9lectronique et les r\u00e9glages n&rsquo;\u00e9taient peut-\u00eatre pas parfaits pour se battre contre eux.\u00a0\u00bb<\/p>\n<p>Les cinq points sauv\u00e9s samedi permettent \u00e0 Ferm\u00edn Aldeguer de se maintenir au huiti\u00e8me rang du <a href=\"https:\/\/fr.motorsport.com\/motogp\/news\/championnat-marquez-double-points-bagnaia\/10753060\/\" target=\"_self\" rel=\"noopener\">championnat<\/a> en profitant du score vierge de <a href=\"https:\/\/fr.motorsport.com\/driver\/johann-zarco\/96107\/\" target=\"_blank\" rel=\"noopener\">Johann Zarco<\/a>, sur qui il a pris l&rsquo;avantage durant ce mois d&rsquo;ao\u00fbt.<\/p>\n<p>Lire aussi :<\/p>\n<p>Dans cet article<\/p>\n<p>Soyez le premier inform\u00e9 et souscrivez aux alertes mails pour recevoir les infos en temps r\u00e9el<\/p>\n<p>    S&rsquo;abonner aux alertes de news<\/p>\n","protected":false},"excerpt":{"rendered":"Apr\u00e8s son podium en Autriche, Ferm\u00edn Aldeguer estime avoir manqu\u00e9 une nouvelle r\u00e9compense lors du Grand Prix de&hellip;\n","protected":false},"author":2,"featured_media":347500,"comment_status":"","ping_status":"","sticky":false,"template":"","format":"standard","meta":{"footnotes":""},"categories":[1413],"tags":[48356,21747,3453,1011,27,21746,3452,1457,1456,1458,60],"class_list":{"0":"post-347499","1":"post","2":"type-post","3":"status-publish","4":"format-standard","5":"has-post-thumbnail","7":"category-moto","8":"tag-aldeguer-juge-que-sa-pru00e9cipitation-lui-a-cou00fbtu00e9-le-podium-en-hongrie","9":"tag-balaton-park","10":"tag-fermu00edn-aldeguer","11":"tag-fr","12":"tag-france","13":"tag-gp-de-hongrie","14":"tag-gresini-racing","15":"tag-moto","16":"tag-motocycle","17":"tag-motogp","18":"tag-sports"},"share_on_mastodon":{"url":"https:\/\/pubeurope.com\/@fr\/115100603386758292","error":""},"_links":{"self":[{"href":"https:\/\/www.europesays.com\/fr\/wp-json\/wp\/v2\/posts\/347499","targetHints":{"allow":["GET"]}}],"collection":[{"href":"https:\/\/www.europesays.com\/fr\/wp-json\/wp\/v2\/posts"}],"about":[{"href":"https:\/\/www.europesays.com\/fr\/wp-json\/wp\/v2\/types\/post"}],"author":[{"embeddable":true,"href":"https:\/\/www.europesays.com\/fr\/wp-json\/wp\/v2\/users\/2"}],"replies":[{"embeddable":true,"href":"https:\/\/www.europesays.com\/fr\/wp-json\/wp\/v2\/comments?post=347499"}],"version-history":[{"count":0,"href":"https:\/\/www.europesays.com\/fr\/wp-json\/wp\/v2\/posts\/347499\/revisions"}],"wp:featuredmedia":[{"embeddable":true,"href":"https:\/\/www.europesays.com\/fr\/wp-json\/wp\/v2\/media\/347500"}],"wp:attachment":[{"href":"https:\/\/www.europesays.com\/fr\/wp-json\/wp\/v2\/media?parent=347499"}],"wp:term":[{"taxonomy":"category","embeddable":true,"href":"https:\/\/www.europesays.com\/fr\/wp-json\/wp\/v2\/categories?post=347499"},{"taxonomy":"post_tag","embeddable":true,"href":"https:\/\/www.europesays.com\/fr\/wp-json\/wp\/v2\/tags?post=347499"}],"curies":[{"name":"wp","href":"https:\/\/api.w.org\/{rel}","templated":true}]}}