{"id":347501,"date":"2025-08-27T11:56:08","date_gmt":"2025-08-27T11:56:08","guid":{"rendered":"https:\/\/www.europesays.com\/fr\/347501\/"},"modified":"2025-08-27T11:56:08","modified_gmt":"2025-08-27T11:56:08","slug":"transferts-mercato-om-ca-brule-entre-dani-ceballos-real-madrid-et-lolympique-de-marseille-eurosport","status":"publish","type":"post","link":"https:\/\/www.europesays.com\/fr\/347501\/","title":{"rendered":"Transferts &#8211; Mercato OM : \u00c7a br\u00fble entre Dani Ceballos (Real Madrid) et l&#039;Olympique de Marseille &#8211; Eurosport"},"content":{"rendered":"<ol>\n<li><a href=\"https:\/\/news.google.com\/rss\/articles\/CBMi_AFBVV95cUxNYkxPR3Q5VzlxRU13YURWc3hmaVN0T2ZzRi1tNVpoenJGbVYwY0VDbnFsN1dnQ1czOTFGTE5MOV9jbVI4aGpSSEZ3UjRIMVFQcUFmSlE0WDE3em5IZWtEMkxIVm9ETVRKRnJua2hPV1FYVDJCWnNOMnNrcmlpOXBGZWI3MWtSVjFsYmhMZTBrT29maUo3THYwbFRtc0hCQ05xZkdVaHJ4LWpvQmxVOFNvMGlYVEM5TUZ4aVhFbEhJSktTNjg2Qk9xaWRhTnF5ZXozZ0R2S2daYzRaRWV6cU9TSDh0RlVaa1JGMWxFMGJtR01FM2drTGNZbjNFMnk?oc=5\" target=\"_blank\" rel=\"nofollow noopener\">Transferts &#8211; Mercato OM : \u00c7a br\u00fble entre Dani Ceballos (Real Madrid) et l&rsquo;Olympique de Marseille<\/a>&nbsp;&nbsp;Eurosport<\/li>\n<li><a href=\"https:\/\/news.google.com\/rss\/articles\/CBMi3AFBVV95cUxOSkZuZTRzd3oxZkpLMk1ZaE5JZ3hjamppT0pLbjVYY0lodnFJTE1ZVjhuSmVZcm53a1VXaXVCUFVpRTdIdTN1LVZUV2FLV29lQ3J2VEZRTy1mSHhYVEJ0NWI3Wm96OFhUN3ZTLTRvTzJ5Z1E0RGw4TU1rSlQwQTF2RElHOVgyWVM2bXlXdmp4bDNZWWlHYmQwREFJU214TDdmMU1UVUJKa2pPX1ZRaHdfdS1hZnZpb051LU5tMXd1cm1RZHR1SkZ4STM3dzc1dFJXdjJ4dG5vby1UdEpx?oc=5\" target=\"_blank\" rel=\"nofollow noopener\">Mercato: le gros coup de l&rsquo;OM, d&rsquo;accord avec le Real Madrid pour Dani Ceballos<\/a>&nbsp;&nbsp;RMC Sport<\/li>\n<li><a href=\"https:\/\/news.google.com\/rss\/articles\/CBMi8wFBVV95cUxNVXl0QURhai1MWWdrb2lyN3ZRRURmeTBrNkRYT1FUZnAxWnRaUDVSWGticlRoZ2lFUUM2M0RKUTJfSUNrUTJRb3B5cHgtZ2lyOW01R2h0bDJBRi1wS2VDa2NfYklRb0pMdUoxWmxWR2JKeHFUYlVDX0txZktkYlFsUkd0M1RrRHM0Ump6RmZVRnppOVdNbkFMRGF6MHQxa092dE5lckJtb0tBam9BQUgxa3RmbkJQNzdSMXZsUG1WUVVyUHhfTkRtdzhKMFI4N0dyNmU1TkpjaDNzYUtXNERSYVVKSU9GaEJGMWhjUVo4UGpocDQ?oc=5\" target=\"_blank\" rel=\"nofollow noopener\">Transferts &#8211; Dani Ceballos : un bon pari pour l&rsquo;OM, oui, mais pas le rempla\u00e7ant de Rabiot<\/a>&nbsp;&nbsp;Eurosport<\/li>\n<li><a href=\"https:\/\/news.google.com\/rss\/articles\/CBMi-AFBVV95cUxOSmYyYTJoNzJkcC12aWNoRjNDRUVKUHZBQ01FZjVDZ09EYXpNTjViM1JhN3NseVh5RjhFRkRaekRaRlR0S3ZMTF9UaE04bjN1YlBQNzhUYS1neDVqNFJkTDJBRkJuZkNyRkQxRmp2UkhWaEVFazlWTUtBRkZSSlNWVW5oYWJRRGppNFFQR3dGcThIaWpYRHY4SU5JVjFKUmppem9NbWs1VENRa2RVRG9rUEpROHY0d0Z2QWxSZXBmNWpMT1J4TlBEb3R0RTF4UWNvck1QaHpoSXNVRjNUb3BXbXdac1Q4NEZGTmpwei1wMHRkTFc5SUpsag?oc=5\" target=\"_blank\" rel=\"nofollow noopener\">Gros volume de jeu, facult\u00e9s \u00e0 gratter des ballons : le profil de Florentino Luis, milieu de Benfica convoit\u00e9 par l&rsquo;OM<\/a>&nbsp;&nbsp;L&rsquo;\u00c9quipe<\/li>\n<li><a href=\"https:\/\/news.google.com\/rss\/articles\/CBMingFBVV95cUxPU0c0a2dENC16dXpOOEJQWThudEk3a3lEblB0QUVDRkdhbE5qVFV3N1FvQ2xoSG5Id2ZNN0lQN2hYaEttV2J3aW5Bd1JfWjlKWVBZNFItZ1Y1RHFwQnFaTXBWNFczaXd3TWs3aHNUeFVDWnpuajVPcHBWa3BoaDN5aXlMU3dfX0p6bFR4NXhUT3RpMk1UQnVxdHRuaUVZUQ?oc=5\" target=\"_blank\" rel=\"nofollow noopener\">Le clan Florentino Luis r\u00e9agit \u00e0 l\u2019int\u00e9r\u00eat de l\u2019OM<\/a>&nbsp;&nbsp;Foot Mercato<\/li>\n<\/ol>\n","protected":false},"excerpt":{"rendered":"Transferts &#8211; Mercato OM : \u00c7a br\u00fble entre Dani Ceballos (Real Madrid) et l&rsquo;Olympique de Marseille&nbsp;&nbsp;Eurosport Mercato: le&hellip;\n","protected":false},"author":2,"featured_media":1445,"comment_status":"","ping_status":"","sticky":false,"template":"","format":"standard","meta":{"footnotes":""},"categories":[1412],"tags":[1451,1452,1453,1454,1455,1011,27,60],"class_list":{"0":"post-347501","1":"post","2":"type-post","3":"status-publish","4":"format-standard","5":"has-post-thumbnail","7":"category-f1","8":"tag-f1","9":"tag-formula-1","10":"tag-formula1","11":"tag-formule-1","12":"tag-formule1","13":"tag-fr","14":"tag-france","15":"tag-sports"},"share_on_mastodon":{"url":"https:\/\/pubeurope.com\/@fr\/115100607005634036","error":""},"_links":{"self":[{"href":"https:\/\/www.europesays.com\/fr\/wp-json\/wp\/v2\/posts\/347501","targetHints":{"allow":["GET"]}}],"collection":[{"href":"https:\/\/www.europesays.com\/fr\/wp-json\/wp\/v2\/posts"}],"about":[{"href":"https:\/\/www.europesays.com\/fr\/wp-json\/wp\/v2\/types\/post"}],"author":[{"embeddable":true,"href":"https:\/\/www.europesays.com\/fr\/wp-json\/wp\/v2\/users\/2"}],"replies":[{"embeddable":true,"href":"https:\/\/www.europesays.com\/fr\/wp-json\/wp\/v2\/comments?post=347501"}],"version-history":[{"count":0,"href":"https:\/\/www.europesays.com\/fr\/wp-json\/wp\/v2\/posts\/347501\/revisions"}],"wp:featuredmedia":[{"embeddable":true,"href":"https:\/\/www.europesays.com\/fr\/wp-json\/wp\/v2\/media\/1445"}],"wp:attachment":[{"href":"https:\/\/www.europesays.com\/fr\/wp-json\/wp\/v2\/media?parent=347501"}],"wp:term":[{"taxonomy":"category","embeddable":true,"href":"https:\/\/www.europesays.com\/fr\/wp-json\/wp\/v2\/categories?post=347501"},{"taxonomy":"post_tag","embeddable":true,"href":"https:\/\/www.europesays.com\/fr\/wp-json\/wp\/v2\/tags?post=347501"}],"curies":[{"name":"wp","href":"https:\/\/api.w.org\/{rel}","templated":true}]}}