{"id":347502,"date":"2025-08-27T11:57:11","date_gmt":"2025-08-27T11:57:11","guid":{"rendered":"https:\/\/www.europesays.com\/fr\/347502\/"},"modified":"2025-08-27T11:57:11","modified_gmt":"2025-08-27T11:57:11","slug":"un-contre-la-montre-par-equipes-delicat-gaudu-leader-le-classement","status":"publish","type":"post","link":"https:\/\/www.europesays.com\/fr\/347502\/","title":{"rendered":"un contre la montre par \u00e9quipes d\u00e9licat, Gaudu leader, le classement"},"content":{"rendered":"<p class=\"app_entry_lead\">\n                                    <a title=\"\" href=\"https:\/\/www.europesays.com\/fr\/wp-content\/uploads\/2025\/08\/79447060.jpg\" class=\"fancy\"><\/p>\n<p>                            <img loading=\"lazy\" decoding=\"async\" src=\"https:\/\/www.europesays.com\/fr\/wp-content\/uploads\/2025\/08\/79447060.jpg\" alt=\"Vuelta 2025\u00a0: un contre la montre par \u00e9quipes d\u00e9licat, Gaudu leader, le classement\" width=\"1500\" height=\"1000\"\/><\/p>\n<p>                    <\/a><br \/>\n                    Le Tour d&rsquo;Espagne se d\u00e9roule du 23\u00a0ao\u00fbt au 14\u00a0septembre avec de grandes attentes autour de Vingegaard&#8230; Mais pas que.\n            <\/p>\n<p>            &#13;<\/p>\n<p>Sommaire<\/p>\n<p>&#13;<br \/>\n&#13;<br \/>\n&#13;<\/p>\n<p>La Vuelta a d\u00e9but\u00e9 d\u00e8s le samedi 23 ao\u00fbt. Et une fois n&rsquo;est pas coutume, le plateau est tr\u00e8s relev\u00e9 pour ce Tour d&rsquo;Espagne avec la pr\u00e9sence notamment de Jonas Vingegaard qui esp\u00e8re un premier sacre.\u00a0L&rsquo;\u00e9dition 2025\u00a0se tient jusqu&rsquo;au 14\u00a0septembre et passera par plusieurs pays, de Turin \u00e0 Madrid en passant par Voiron dans les Alpes fran\u00e7aises ou Andorre, pour un total\u00a0de\u00a03\u00a0151\u00a0km.\u00a0Jonas Vingegaard,\u00a0Juan Ayuso,\u00a0Richard Carapaz,\u00a0Egan Bernal\u00a0et\u00a0Giulio Ciccone sont les principaux favoris de la course. Forfait sur le Tour de France, David Gaudu restera l&rsquo;attraction fran\u00e7aise sur ce Tour d&rsquo;Espagne.<\/p>\n<p>Derni\u00e8res mises \u00e0 jour<\/p>\n<p><a name=\"post1756294204\"\/>13:30 &#8211; L&rsquo;ordre et horaire des \u00e9quipes<\/p>\n<p>Voici l&rsquo;ordre de passage pour cette 5e \u00e9tape avec la Groupama FDJ de David Gaudu qui partira en derni\u00e8re position.<\/p>\n<ol>&#13;<\/p>\n<li>16:37:00\u00a0\u00a0LOTTO<\/li>\n<p>&#13;<\/p>\n<li>16:41:00\u00a0\u00a0ALPECIN-DECEUNINCK<\/li>\n<p>&#13;<\/p>\n<li>16:45:00\u00a0\u00a0TEAM PICNIC POSTNL<\/li>\n<p>&#13;<\/p>\n<li>16:49:00\u00a0\u00a0INTERMARCH\u00c9 &#8211; WANTY<\/li>\n<p>&#13;<\/p>\n<li>16:53:00 \u00a0COFIDIS<\/li>\n<p>&#13;<\/p>\n<li>16:57:00\u00a0\u00a0TEAM JAYCO ALULA<\/li>\n<p>&#13;<\/p>\n<li>17:01:00\u00a0\u00a0LIDL-TREK<\/li>\n<p>&#13;<\/p>\n<li>17:05:00\u00a0\u00a0Q36.5 PRO CYCLING TEAM<\/li>\n<p>&#13;<\/p>\n<li>17:09:00\u00a0\u00a0EF EDUCATION &#8211; EASYPOST<\/li>\n<p>&#13;<\/p>\n<li>17:13:00\u00a0\u00a0BURGOS-BURPELLET-BH<\/li>\n<p>&#13;<\/p>\n<li>17:17:00 \u00a0ARKEA-B&amp;B HOTELS<\/li>\n<p>&#13;<\/p>\n<li>17:21:00\u00a0\u00a0CAJA RURAL-SEGUROS RGA<\/li>\n<p>&#13;<\/p>\n<li>17:25:00\u00a0\u00a0MOVISTAR TEAM<\/li>\n<p>&#13;<\/p>\n<li>17:29:00 \u00a0DECATHLON AG2R LA MONDIALE TEAM<\/li>\n<p>&#13;<\/p>\n<li>17:33:00\u00a0\u00a0INEOS GRENADIERS<\/li>\n<p>&#13;<\/p>\n<li>17:37:00\u00a0\u00a0BAHRAIN VICTORIOUS<\/li>\n<p>&#13;<\/p>\n<li>17:41:00\u00a0\u00a0ISRAEL &#8211; PREMIER TECH<\/li>\n<p>&#13;<\/p>\n<li>17:45:00\u00a0\u00a0RED BULL &#8211; BORA &#8211; HANSGROHE<\/li>\n<p>&#13;<\/p>\n<li>17:49:00\u00a0\u00a0SOUDAL QUICK-STEP<\/li>\n<p>&#13;<\/p>\n<li>17:53:00\u00a0\u00a0XDS ASTANA TEAM<\/li>\n<p>&#13;<\/p>\n<li>17:57:00\u00a0\u00a0UAE TEAM EMIRATES XRG<\/li>\n<p>&#13;<\/p>\n<li>18:01:00\u00a0\u00a0TEAM VISMA | LEASE A BIKE<\/li>\n<p>&#13;<\/p>\n<li>18:05:00 \u00a0GROUPAMA-FDJ<\/li>\n<p>&#13;\n<\/ol>\n<p><a name=\"post1756287018\"\/>11:30 &#8211; Un chrono au programme<\/p>\n<p>C&rsquo;est un contre la montre par \u00e9quipes d\u00e9licat qui attendent les coureurs car l&rsquo;exercice est toujours un peu particulier en raison du manque de chrono de ce genre sur le calendrier World Tour. Mais longue de 24,1 kilom\u00e8tres, la cinqui\u00e8me \u00e9tape du Tour d&rsquo;Espagne autour de Figueres, en Catalogne, sera plate et ne pr\u00e9sentera aucun danger, la pure vitesse est donc attendue et les \u00e9quipes bien entra\u00een\u00e9es devraient bien figurer.<\/p>\n<p>L&rsquo;\u00e9dition 2025 est tr\u00e8s montagneuse avec 10\u00a0arriv\u00e9es au sommet.<\/p>\n<p><a class=\"fancy\" href=\"https:\/\/img-4.linternaute.com\/IbLX3OHP10DsGJ6QqauXTl2e7yE=\/1080x\/smart\/792089761efa497c8b756cea64708cde\/ccmcms-linternaute\/79044868.png\" rel=\"nofollow noopener\" target=\"_blank\"><img decoding=\"async\" alt=\"\" src=\"https:\/\/www.europesays.com\/fr\/wp-content\/uploads\/2025\/08\/79044868.png\"\/><\/a>&#13;<br \/>\n&#13;<br \/>\n\u00a9\u00a0Vuelta&#13;<\/p>\n<ul>&#13;<\/p>\n<li>Dimanche 24\u00a0ao\u00fbt \u2013\u00a0<strong>Etape 2\u00a0:\u00a0<\/strong>Alba &gt; Limone Piemonte (157\u00a0km)<\/li>\n<p>&#13;<\/p>\n<li>Lundi 25\u00a0ao\u00fbt \u2013\u00a0<strong>Etape 3\u00a0:\u00a0<\/strong>San Maurizio Canavese &gt; Ceres (139\u00a0km)<\/li>\n<p>&#13;<\/p>\n<li>Mardi 26\u00a0ao\u00fbt \u2013\u00a0<strong>Etape 4\u00a0:<\/strong>\u00a0Susa &gt; Voiron (192\u00a0km)<\/li>\n<p>&#13;<\/p>\n<li>Mercredi 27\u00a0ao\u00fbt \u2013<strong>\u00a0Etape 5\u00a0(CLM par \u00e9qu.)\u00a0:\u00a0<\/strong>Figueres &gt; Figueres (20\u00a0km)<\/li>\n<p>&#13;<\/p>\n<li>Jeudi 28\u00a0ao\u00fbt \u2013<strong>\u00a0Etape 6\u00a0:\u00a0<\/strong>Olot &gt; Pal. Andorra (170\u00a0km)<\/li>\n<p>&#13;<\/p>\n<li>Vendredi 29\u00a0ao\u00fbt \u2013<strong>\u00a0Etape 7\u00a0:\u00a0<\/strong>Andorra la Vella.Andorra &gt; Cerler.Huesca La Magia (187\u00a0km)<\/li>\n<p>&#13;<\/p>\n<li>Samedi 30\u00a0ao\u00fbt \u2013<strong>\u00a0Etape 8\u00a0:\u00a0<\/strong>Monz\u00f3n Templario &gt; Zaragoza (187\u00a0km)<\/li>\n<p>&#13;<\/p>\n<li>Dimanche 31\u00a0ao\u00fbt \u2013\u00a0<strong>Etape 9\u00a0:<\/strong>\u00a0Alfaro &gt; Estaci\u00f3n de esqu\u00ed de Valdezcaray (195\u00a0km)<\/li>\n<p>&#13;<\/p>\n<li>Mardi 2\u00a0septembre \u2013\u00a0<strong>Etape 10\u00a0:<\/strong>\u00a0Parque de la Naturaleza Sendaviva &gt; El Ferial Larra Belagua (168\u00a0km)<\/li>\n<p>&#13;<\/p>\n<li>Mercredi 3\u00a0septembre \u2013\u00a0<strong>Etape 11\u00a0:\u00a0<\/strong>Bilbao &gt; Bilbao (167\u00a0km)<\/li>\n<p>&#13;<\/p>\n<li>Jeudi 4\u00a0septembre \u2013\u00a0<strong>Etape 12\u00a0:<\/strong>\u00a0Laredo &gt; Los Corrales de Buelna (143\u00a0km)<\/li>\n<p>&#13;<\/p>\n<li>Vendredi 5\u00a0septembre \u2013\u00a0<strong>Etape 13\u00a0:\u00a0<\/strong>Cabez\u00f3n de la Sal &gt; L&rsquo;Angliru (202\u00a0km)<\/li>\n<p>&#13;<\/p>\n<li>Samedi 6\u00a0septembre \u2013\u00a0<strong>Etape 14\u00a0:\u00a0<\/strong>Avil\u00e9s &gt; Alto de La Farrapona. Lagos de Somiedo (135\u00a0km)<\/li>\n<p>&#13;<\/p>\n<li>Dimanche 7\u00a0septembre \u2013<strong>\u00a0Etape 15\u00a0:\u00a0<\/strong>A Veiga\/Vegadeo &gt; Monforte de Lemos (167\u00a0km)<\/li>\n<p>&#13;<\/p>\n<li>Mardi 9\u00a0septembre \u2013<strong>\u00a0Etape 16\u00a0:<\/strong>\u00a0Poio &gt; Mos.Castro de Herville (172\u00a0km)<\/li>\n<p>&#13;<\/p>\n<li>Mercredi 10\u00a0septembre \u2013\u00a0<strong>Etape 17\u00a0:<\/strong>\u00a0O Barco de Valdeorras &gt; Alto de El Morredero.Ponferrada (137\u00a0km)<\/li>\n<p>&#13;<\/p>\n<li>Jeudi 11\u00a0septembre \u2013\u00a0<strong>Etape 18\u00a0(CLM ind.)\u00a0:<\/strong>\u00a0Valladolid &gt; Valladolid (26\u00a0km)<\/li>\n<p>&#13;<\/p>\n<li>Vendredi 12\u00a0septembre \u2013\u00a0<strong>Etape 19\u00a0:<\/strong>\u00a0Rueda &gt; Guijuelo (159\u00a0km)<\/li>\n<p>&#13;<\/p>\n<li>Samedi 13\u00a0septembre \u2013\u00a0<strong>Etape 20\u00a0:<\/strong>\u00a0Robledo de Chavela &gt; Bola del Mundo. Puerto de Navacerrada (156\u00a0km)<\/li>\n<p>&#13;<\/p>\n<li>Dimanche 14\u00a0septembre \u2013\u00a0<strong>Etape 21\u00a0:<\/strong>\u00a0Alalpardo &gt; Madrid (101\u00a0km)<\/li>\n<p>&#13;\n<\/ul>\n<p>Quelle diffusion ?<\/p>\n<p>En France, comme dans le reste de l&rsquo;Europe, le\u00a0Tour d&rsquo;Espagne 2025\u00a0est diffus\u00e9 en direct et en int\u00e9gralit\u00e9 par\u00a0Eurosport.\u00a0<\/p>\n","protected":false},"excerpt":{"rendered":"Le Tour d&rsquo;Espagne se d\u00e9roule du 23\u00a0ao\u00fbt au 14\u00a0septembre avec de grandes attentes autour de Vingegaard&#8230; Mais pas&hellip;\n","protected":false},"author":2,"featured_media":347503,"comment_status":"","ping_status":"","sticky":false,"template":"","format":"standard","meta":{"footnotes":""},"categories":[1411],"tags":[1154,207,1011,27,60],"class_list":{"0":"post-347502","1":"post","2":"type-post","3":"status-publish","4":"format-standard","5":"has-post-thumbnail","7":"category-cyclisme","8":"tag-cycling","9":"tag-cyclisme","10":"tag-fr","11":"tag-france","12":"tag-sports"},"share_on_mastodon":{"url":"https:\/\/pubeurope.com\/@fr\/115100610958861027","error":""},"_links":{"self":[{"href":"https:\/\/www.europesays.com\/fr\/wp-json\/wp\/v2\/posts\/347502","targetHints":{"allow":["GET"]}}],"collection":[{"href":"https:\/\/www.europesays.com\/fr\/wp-json\/wp\/v2\/posts"}],"about":[{"href":"https:\/\/www.europesays.com\/fr\/wp-json\/wp\/v2\/types\/post"}],"author":[{"embeddable":true,"href":"https:\/\/www.europesays.com\/fr\/wp-json\/wp\/v2\/users\/2"}],"replies":[{"embeddable":true,"href":"https:\/\/www.europesays.com\/fr\/wp-json\/wp\/v2\/comments?post=347502"}],"version-history":[{"count":0,"href":"https:\/\/www.europesays.com\/fr\/wp-json\/wp\/v2\/posts\/347502\/revisions"}],"wp:featuredmedia":[{"embeddable":true,"href":"https:\/\/www.europesays.com\/fr\/wp-json\/wp\/v2\/media\/347503"}],"wp:attachment":[{"href":"https:\/\/www.europesays.com\/fr\/wp-json\/wp\/v2\/media?parent=347502"}],"wp:term":[{"taxonomy":"category","embeddable":true,"href":"https:\/\/www.europesays.com\/fr\/wp-json\/wp\/v2\/categories?post=347502"},{"taxonomy":"post_tag","embeddable":true,"href":"https:\/\/www.europesays.com\/fr\/wp-json\/wp\/v2\/tags?post=347502"}],"curies":[{"name":"wp","href":"https:\/\/api.w.org\/{rel}","templated":true}]}}