{"id":347504,"date":"2025-08-27T11:58:09","date_gmt":"2025-08-27T11:58:09","guid":{"rendered":"https:\/\/www.europesays.com\/fr\/347504\/"},"modified":"2025-08-27T11:58:09","modified_gmt":"2025-08-27T11:58:09","slug":"kylian-mbappe-le-malaise-est-confirme","status":"publish","type":"post","link":"https:\/\/www.europesays.com\/fr\/347504\/","title":{"rendered":"Kylian Mbapp\u00e9, le malaise est confirm\u00e9\u00a0!"},"content":{"rendered":"<p class=\"heading\">La saison pass\u00e9e a \u00e9t\u00e9 d\u00e9cevante pour le Real Madrid. Malgr\u00e9 l\u2019arriv\u00e9e de Kylian Mbapp\u00e9, le club madril\u00e8ne n\u2019a remport\u00e9 aucun troph\u00e9e majeur. Et comme si cela ne suffisait pas, l\u2019attaquant fran\u00e7ais a plong\u00e9 involontairement Rodrygo dans un profond malaise, dont il peine \u00e0 se sortir au sein de la Casa Blanca.<\/p>\n<p>Pour sa premi\u00e8re saison au <strong>Real Madrid<\/strong>, <a href=\"https:\/\/le10sport.com\/football\/espagne\/real-madrid\/kylian-mbappe-la-demande-qui-a-fait-gagner-des-millions-deuros-755689\" rel=\"nofollow noopener\" target=\"_blank\">Kylian Mbapp\u00e9<\/a> avait tr\u00e8s certainement esp\u00e9r\u00e9 de meilleurs r\u00e9sultats collectifs. Sacr\u00e9 Soulier d\u2019Or et Pichichi, l\u2019attaquant de 26 ans n\u2019a toutefois remport\u00e9 aucun troph\u00e9e majeur avec les Merengue. Et comme si cela ne suffisait pas, le capitaine de l\u2019<strong>\u00e9quipe de France<\/strong> a \u00e9t\u00e9 \u00e0 l\u2019origine d\u2019un profond malaise au sein de la Casa Blanca.<\/p>\n<p>                                            Rodrygo a v\u00e9cu un malaise avec Mbapp\u00e9<\/p>\n<p>Comme le confirme MARCA, <strong>Rodrygo<\/strong> se serait senti mal \u00e0 l\u2019aise au <strong>Real Madrid<\/strong> la saison pass\u00e9e. Le Br\u00e9silien a toujours fait bonne figure depuis son arriv\u00e9e dans la capitale espagnole. Mais cette discr\u00e9tion et ce r\u00f4le de second plan dans une \u00e9quipe o\u00f9 l\u2019impact m\u00e9diatique p\u00e8se beaucoup l\u2019ont plac\u00e9 dans une situation d\u00e9licate aux c\u00f4t\u00e9s de <strong>Kylian Mbapp\u00e9<\/strong>, <strong>Vinicius Jr<\/strong> et <strong>Endrick<\/strong>. De ce fait, <strong>Rodrygo<\/strong> aurait perdu sa confiance qui faisait sa force les saisons pass\u00e9es.<\/p>\n<p>                                            Xabi Alonso va r\u00e9gler le probl\u00e8me au Real Madrid ?<\/p>\n<p>L\u2019international auriverde entendrait toutefois se sortir de ce calvaire. Selon le m\u00e9dia espagnol, <strong>Rodrygo<\/strong> aurait demand\u00e9 \u00e0 <strong>Xabi Alonso<\/strong> pendant la pr\u00e9-saison de l\u2019aider \u00e0 retrouver cette confiance qui lui permettait d\u2019\u00e9voluer au plus haut niveau. \u00c0 voir maintenant si l\u2019entra\u00eeneur du<strong> Real Madrid<\/strong> lui accordera suffisamment de temps de jeu pour cela.<\/p>\n","protected":false},"excerpt":{"rendered":"La saison pass\u00e9e a \u00e9t\u00e9 d\u00e9cevante pour le Real Madrid. Malgr\u00e9 l\u2019arriv\u00e9e de Kylian Mbapp\u00e9, le club madril\u00e8ne&hellip;\n","protected":false},"author":2,"featured_media":347505,"comment_status":"","ping_status":"","sticky":false,"template":"","format":"standard","meta":{"footnotes":""},"categories":[1410],"tags":[63,1011,27,60],"class_list":{"0":"post-347504","1":"post","2":"type-post","3":"status-publish","4":"format-standard","5":"has-post-thumbnail","7":"category-football","8":"tag-football","9":"tag-fr","10":"tag-france","11":"tag-sports"},"share_on_mastodon":{"url":"https:\/\/pubeurope.com\/@fr\/115100614903152148","error":""},"_links":{"self":[{"href":"https:\/\/www.europesays.com\/fr\/wp-json\/wp\/v2\/posts\/347504","targetHints":{"allow":["GET"]}}],"collection":[{"href":"https:\/\/www.europesays.com\/fr\/wp-json\/wp\/v2\/posts"}],"about":[{"href":"https:\/\/www.europesays.com\/fr\/wp-json\/wp\/v2\/types\/post"}],"author":[{"embeddable":true,"href":"https:\/\/www.europesays.com\/fr\/wp-json\/wp\/v2\/users\/2"}],"replies":[{"embeddable":true,"href":"https:\/\/www.europesays.com\/fr\/wp-json\/wp\/v2\/comments?post=347504"}],"version-history":[{"count":0,"href":"https:\/\/www.europesays.com\/fr\/wp-json\/wp\/v2\/posts\/347504\/revisions"}],"wp:featuredmedia":[{"embeddable":true,"href":"https:\/\/www.europesays.com\/fr\/wp-json\/wp\/v2\/media\/347505"}],"wp:attachment":[{"href":"https:\/\/www.europesays.com\/fr\/wp-json\/wp\/v2\/media?parent=347504"}],"wp:term":[{"taxonomy":"category","embeddable":true,"href":"https:\/\/www.europesays.com\/fr\/wp-json\/wp\/v2\/categories?post=347504"},{"taxonomy":"post_tag","embeddable":true,"href":"https:\/\/www.europesays.com\/fr\/wp-json\/wp\/v2\/tags?post=347504"}],"curies":[{"name":"wp","href":"https:\/\/api.w.org\/{rel}","templated":true}]}}