{"id":347508,"date":"2025-08-27T12:00:16","date_gmt":"2025-08-27T12:00:16","guid":{"rendered":"https:\/\/www.europesays.com\/fr\/347508\/"},"modified":"2025-08-27T12:00:16","modified_gmt":"2025-08-27T12:00:16","slug":"son-heritage-architectural-est-toujours-vivant-en-provence-alpes-et-cote-dazur","status":"publish","type":"post","link":"https:\/\/www.europesays.com\/fr\/347508\/","title":{"rendered":"son h\u00e9ritage architectural est toujours vivant en Provence Alpes et C\u00f4te d&rsquo;Azur"},"content":{"rendered":"<p class=\"article__intro\">Consid\u00e9r\u00e9 comme un architecte visionnaire, Le Corbusier a marqu\u00e9 le 20e si\u00e8cle. En Provence-Alpes-C\u00f4te d\u2019Azur, son empreinte se lit encore aujourd\u2019hui de la Cit\u00e9 radieuse de Marseille \u00e0 l\u2019intimit\u00e9 de son cabanon \u00e0 Roquebrune-Cap-Martin dans les Alpes-Maritimes.<\/p>\n<p>\n      L\u2019actu des r\u00e9gions\n    <\/p>\n<p>\n      Chaque jour, un tour d\u2019horizon des principales infos de toutes les r\u00e9gions.\n    <\/p>\n<p>    France T\u00e9l\u00e9visions utilise votre adresse e-mail afin de vous envoyer la newsletter \u00ab\u00a0L\u2019actu des r\u00e9gions\u00a0\u00bb. Vous pouvez vous d\u00e9sinscrire \u00e0 tout moment via le lien en bas de cette newsletter. <a target=\"_blank\" href=\"https:\/\/www.francetelevisions.fr\/groupe\/confidentialite\/politique-de-confidentialite\/politique-de-confidentialite-de-france-televisions-6503\" rel=\"nofollow noopener\">Notre politique de confidentialit\u00e9<\/a><\/p>\n<p>Le Corbusier est l\u2019un des architectes les plus influents du 20e si\u00e8cle.<\/p>\n<p>N\u00e9 en Suisse en 1887, Charles-\u00c9douard Jeanneret-Gris (de son vrai nom) sera naturalis\u00e9 fran\u00e7ais en 1930. Consid\u00e9r\u00e9 comme une figure majeure de l\u2019architecture du si\u00e8cle pass\u00e9, il s\u2019est impos\u00e9 par des id\u00e9es novatrices, et parfois consid\u00e9r\u00e9es comme trop radicales \u00e0 son \u00e9poque.<\/p>\n<p><a data-article-figure=\"\" href=\"https:\/\/france3-regions.franceinfo.fr\/image\/n6BCr_OYB74qNtUIL7ILljq8e2k\/2953x2897\/regions\/2025\/08\/27\/maxpeoplefrfive139227-68aecf5ce8970283059203.jpg\" data-pswp-width=\"2953\" data-pswp-height=\"2897\" target=\"_blank\" rel=\"nofollow noopener\"><\/p>\n<p>          <img width=\"600\" height=\"400\" class=\"article-image lazy\" data-src=\"https:\/\/www.europesays.com\/fr\/wp-content\/uploads\/2025\/08\/maxpeoplefrfive139227-68aecf5ce8970283059203.jpg\" alt=\"L'architecte Le Corbusier dans son atelier, ann\u00e9es 1960.\" fetchpriority=\"high\" as=\"image\"\/><\/p>\n<p>\n            L&rsquo;architecte Le Corbusier dans son atelier, ann\u00e9es 1960.<br \/>\n                           \u2022<br \/>\n                                      \u00a9 VIA WWW.IMAGO-IMAGES.DE \/ MAXPPP\n                      <\/p>\n<p><\/a><\/p>\n<p>Ses constructions sont r\u00e9parties de l\u2019Europe \u00e0 l\u2019Inde, o\u00f9 ses cr\u00e9ations tr\u00f4nent \u00e0 plusieurs endroits de la ville de Chandigarh.<\/p>\n<p><a data-article-figure=\"\" href=\"https:\/\/france3-regions.franceinfo.fr\/image\/3tgGk0kCRrSCr2LrpURWlJGykO4\/2542x3794\/regions\/2025\/08\/27\/ibpremiumfour173711-68aece872f0c1676061181.jpg\" data-pswp-width=\"2542\" data-pswp-height=\"3794\" target=\"_blank\" rel=\"nofollow noopener\"><\/p>\n<p>          <img width=\"600\" height=\"400\" class=\"article-image lazy\" data-src=\"https:\/\/www.europesays.com\/fr\/wp-content\/uploads\/2025\/08\/ibpremiumfour173711-68aece872f0c1676061181.jpg\" alt=\"L'architecte Le Corbusier est la t\u00eate pensante de ce b\u00e2timent. Il s'agit d'une structure en b\u00e9ton pr\u00e9sente \u00e0 Chandigarh en Inde.\" fetchpriority=\"high\" as=\"image\"\/><\/p>\n<p>\n            L&rsquo;architecte Le Corbusier est la t\u00eate pensante de ce b\u00e2timent. Il s&rsquo;agit d&rsquo;une structure en b\u00e9ton pr\u00e9sente \u00e0 Chandigarh en Inde.<br \/>\n                           \u2022<br \/>\n                                      \u00a9 IMAGEBROKER \/ DAD FOTOS \/ MAXPPP\n                      <\/p>\n<p><\/a><\/p>\n<p>En 2016, dix-sept de ses r\u00e9alisations ont \u00e9t\u00e9 inscrites au patrimoine mondial de l\u2019UNESCO, dont dix en France. Soixante ans apr\u00e8s sa disparition le 27 ao\u00fbt 1965 \u00e0 Roquebrune-Cap-Martin, l\u2019\u0153uvre de Le Corbusier continue de dialoguer avec le pr\u00e9sent.<\/p>\n<p class=\"p1\">En 2024, la maison Chanel a choisi le toit-terrasse de la cit\u00e9 radieuse de Marseille pour pr\u00e9senter sa collection croisi\u00e8re, un d\u00e9fil\u00e9 exclusif qui a replac\u00e9 l\u2019Unit\u00e9 d\u2019habitation au c\u0153ur de la sc\u00e8ne artistique et internationale.<\/p>\n<p class=\"p2\">Le Corbusier entretenait une relation privil\u00e9gi\u00e9e avec le sud de la France, notamment la C\u00f4te d\u2019Azur. Tomb\u00e9 amoureux de Roquebrune-Cap-Martin, pr\u00e8s de Menton, il y s\u00e9journait r\u00e9guli\u00e8rement pour travailler et se ressourcer.<\/p>\n<p class=\"p2\">En 1952, il y fit construire un minuscule cabanon de 3,66 par 2,26 m\u00e8tres.<\/p>\n<p><a data-article-figure=\"\" href=\"https:\/\/france3-regions.franceinfo.fr\/image\/3obIpWKOlpqmf5S0OFbxORA3Ybc\/3600x2400\/regions\/2021\/05\/07\/60958ee5ea522__bla8206-5308088.jpg\" data-pswp-width=\"3600\" data-pswp-height=\"2400\" target=\"_blank\" rel=\"nofollow noopener\"><\/p>\n<p>          <img width=\"600\" height=\"400\" class=\"article-image lazy\" data-src=\"https:\/\/www.europesays.com\/fr\/wp-content\/uploads\/2025\/08\/60958ee5ea522__bla8206-5308088.jpg\" alt=\"Le cabanon construit par Le Corbusier, \u00e0 c\u00f4t\u00e9 de la villa E-1027.\" fetchpriority=\"high\" as=\"image\"\/><\/p>\n<p>\n            Le cabanon construit par Le Corbusier, \u00e0 c\u00f4t\u00e9 de la villa E-1027.<br \/>\n                           \u2022<br \/>\n                                      \u00a9 Lo\u00efc BLACHE\/FTV\n                      <\/p>\n<p><\/a><\/p>\n<p class=\"p2\">Pens\u00e9 comme une cellule de vie id\u00e9ale, ce cabanon minimaliste est aujourd\u2019hui consid\u00e9r\u00e9 comme une prouesse architecturale, symbole d&rsquo;un art de vivre misant sur la simplicit\u00e9.<\/p>\n<\/p>\n<p class=\"p2\">C\u2019est \u00e9galement \u00e0 Roquebrune que Le Corbusier trouva la mort, le 27 ao\u00fbt 1965, il y a 60 ans de cela, alors qu\u2019il se baignait en mer, un rituel quotidien pour lui. Il est depuis enterr\u00e9 au cimeti\u00e8re du village, dans une tombe qu\u2019il avait lui-m\u00eame dessin\u00e9e et qui surplombe la M\u00e9diterran\u00e9e.<\/p>\n<p class=\"p2\">Deux lieux majeurs incarnent l\u2019h\u00e9ritage de cet architecte dans la r\u00e9gion Provence-Alpes-C\u00f4te d\u2019Azur.<\/p>\n<\/p>\n<ul>\n<li><strong\/>Le cabanon de Roquebrune-Cap-Martin (<a href=\"https:\/\/france3-regions.franceinfo.fr\/provence-alpes-cote-d-azur\/alpes-maritimes\" target=\"_blank\" rel=\"noopener nofollow\">Alpes-Maritimes<\/a>) : une minuscule construction pens\u00e9e dans les moindres d\u00e9tails, aujourd\u2019hui class\u00e9e \u00e0 l\u2019UNESCO. Ainsi que les unit\u00e9s de camping.\u00a0<\/li>\n<\/ul>\n<p><a data-article-figure=\"\" href=\"https:\/\/france3-regions.franceinfo.fr\/image\/qLjLwrznmzV65obHlIs1Z2L9Nq8\/767x432\/regions\/2020\/06\/09\/5edec156ec52a_000_par7641429.jpg\" data-pswp-width=\"767\" data-pswp-height=\"432\" target=\"_blank\" rel=\"nofollow noopener\"><\/p>\n<p>          <img width=\"600\" height=\"400\" class=\"article-image lazy\" data-src=\"https:\/\/www.europesays.com\/fr\/wp-content\/uploads\/2025\/08\/5edec156ec52a_000_par7641429.jpg\" alt=\"Les unit\u00e9s de camping de Le Corbusier \u00e0 Roquebrune-Cap-Martin\" fetchpriority=\"high\" as=\"image\"\/><\/p>\n<p>\n            Les unit\u00e9s de camping de Le Corbusier \u00e0 Roquebrune-Cap-Martin<br \/>\n                           \u2022<br \/>\n                                      \u00a9 VALERY HACHE \/ AFP\n                      <\/p>\n<p><\/a><\/p>\n<ul>\n<li><strong\/>La Cit\u00e9 radieuse de Marseille (<a href=\"https:\/\/france3-regions.franceinfo.fr\/provence-alpes-cote-d-azur\/bouches-du-rhone\" target=\"_blank\" rel=\"noopener nofollow\">Bouches-du-Rh\u00f4ne<\/a>) : construite entre 1947 et 1952, cette unit\u00e9 d\u2019habitation monumentale est l\u2019une des \u0153uvres les plus c\u00e9l\u00e8bres du Corbusier. Toujours habit\u00e9e, elle est inscrite au patrimoine mondial de l\u2019UNESCO.<\/li>\n<\/ul>\n<p>Si l&rsquo;h\u00e9ritage architectural du Corbusier demeure respect\u00e9, ses engagements politiques refont n\u00e9anmoins surface depuis une dizaine d&rsquo;ann\u00e9es. Le livre <a href=\"https:\/\/www.albin-michel.fr\/le-corbusier-un-fascisme-francais-9782226316509\" target=\"_blank\" rel=\"noopener nofollow\">Le Corbusier, un fascisme fran\u00e7ais <\/a>(Albin Michel, 2015) raconte notamment ses \u00e9crits dans des revues fascistes et l&rsquo;antis\u00e9mitisme dont il faisait preuve.<\/p>\n","protected":false},"excerpt":{"rendered":"Consid\u00e9r\u00e9 comme un architecte visionnaire, Le Corbusier a marqu\u00e9 le 20e si\u00e8cle. En Provence-Alpes-C\u00f4te d\u2019Azur, son empreinte se&hellip;\n","protected":false},"author":2,"featured_media":347509,"comment_status":"","ping_status":"","sticky":false,"template":"","format":"standard","meta":{"footnotes":""},"categories":[1358],"tags":[1348,1384,1385,1386,58,59,1011,27],"class_list":{"0":"post-347508","1":"post","2":"type-post","3":"status-publish","4":"format-standard","5":"has-post-thumbnail","7":"category-arts-et-design","8":"tag-arts","9":"tag-arts-and-design","10":"tag-arts-et-design","11":"tag-design","12":"tag-divertissement","13":"tag-entertainment","14":"tag-fr","15":"tag-france"},"share_on_mastodon":{"url":"https:\/\/pubeurope.com\/@fr\/115100622702901946","error":""},"_links":{"self":[{"href":"https:\/\/www.europesays.com\/fr\/wp-json\/wp\/v2\/posts\/347508","targetHints":{"allow":["GET"]}}],"collection":[{"href":"https:\/\/www.europesays.com\/fr\/wp-json\/wp\/v2\/posts"}],"about":[{"href":"https:\/\/www.europesays.com\/fr\/wp-json\/wp\/v2\/types\/post"}],"author":[{"embeddable":true,"href":"https:\/\/www.europesays.com\/fr\/wp-json\/wp\/v2\/users\/2"}],"replies":[{"embeddable":true,"href":"https:\/\/www.europesays.com\/fr\/wp-json\/wp\/v2\/comments?post=347508"}],"version-history":[{"count":0,"href":"https:\/\/www.europesays.com\/fr\/wp-json\/wp\/v2\/posts\/347508\/revisions"}],"wp:featuredmedia":[{"embeddable":true,"href":"https:\/\/www.europesays.com\/fr\/wp-json\/wp\/v2\/media\/347509"}],"wp:attachment":[{"href":"https:\/\/www.europesays.com\/fr\/wp-json\/wp\/v2\/media?parent=347508"}],"wp:term":[{"taxonomy":"category","embeddable":true,"href":"https:\/\/www.europesays.com\/fr\/wp-json\/wp\/v2\/categories?post=347508"},{"taxonomy":"post_tag","embeddable":true,"href":"https:\/\/www.europesays.com\/fr\/wp-json\/wp\/v2\/tags?post=347508"}],"curies":[{"name":"wp","href":"https:\/\/api.w.org\/{rel}","templated":true}]}}