{"id":347510,"date":"2025-08-27T12:01:11","date_gmt":"2025-08-27T12:01:11","guid":{"rendered":"https:\/\/www.europesays.com\/fr\/347510\/"},"modified":"2025-08-27T12:01:11","modified_gmt":"2025-08-27T12:01:11","slug":"peinture-et-livres-les-immanquables-de-la-rentree","status":"publish","type":"post","link":"https:\/\/www.europesays.com\/fr\/347510\/","title":{"rendered":"Peinture et livres : les immanquables de la rentr\u00e9e"},"content":{"rendered":"<p>Entre r\u00e9trospectives g\u00e9n\u00e9rales et analyses cibl\u00e9es, plusieurs publications invitent \u00e0 se plonger dans la peinture en cette fin d&rsquo;\u00e9t\u00e9. Pour expliquer l&rsquo;histoire de cet art, Ch\u00eane r\u00e9\u00e9dite L\u00e9onard, Frida et les autres. Huit si\u00e8cles de peinture racont\u00e9s en cent artistes de <strong>Camille Jouneaux<\/strong> (27\u00a0ao\u00fbt) tandis que Larousse passe 500\u00a0chefs-d&rsquo;\u0153uvre \u00e0 la loupe (8\u00a0octobre).<\/p>\n<p>Plusieurs peintres voient aussi leur travail \u00eatre examin\u00e9 dans plusieurs ouvrages. <strong>Sylvie Girard-Lagorce<\/strong> d\u00e9crypte Van Gogh. La beaut\u00e9 de la nature (G\u00e9o, 10\u00a0septembre). <strong>Catherine Ambroselli de Bayser<\/strong> analyse l&rsquo;\u0153uvre de George Desvalli\u00e8res, peintre du Sacr\u00e9-Coeur (El Viso, 11\u00a0septembre). <strong>C\u00e9line Muzelle<\/strong> et <strong>Manuel Anceau<\/strong> pr\u00e9sentent Fusco l&rsquo;exil\u00e9 (Fage, 12\u00a0septembre).<\/p>\n<p>Monographie et peinture abstraite<\/p>\n<p>Avec Christian Hidaka, peintures. L&rsquo;intemporel et le bel aujourd&rsquo;hui de <strong>Peter Read<\/strong> (traduit par <strong>Jean-Fran\u00e7ois Caro<\/strong>, 12\u00a0septembre), les \u00c9ditions B42 proposent une monographie consacr\u00e9e \u00e0 cet artiste britannique d&rsquo;origine japonaise. Le peintre am\u00e9ricain sp\u00e9cialiste du portrait <strong>John Singer Sargent<\/strong> est \u00e0 l&rsquo;honneur dans Sargent\u00a0: le beau monde et son revers d&rsquo;<strong>Isabelle Gadoin<\/strong>, <strong>Charlotte Ribeyrol<\/strong> et <strong>Emily Eells<\/strong> (Cohen &amp; Cohen, 11\u00a0septembre) et dans John Singer Sargent, voyageur de <strong>Laura Valette<\/strong> (Falaises, 19\u00a0septembre).<\/p>\n<p>La peinture abstraite se d\u00e9couvre avec la monographie d\u00e9di\u00e9e \u00e0 Paul Pagk sous la direction de <strong>Denise Wendel-Poray<\/strong> (Skira, 24\u00a0septembre). <strong>In\u00e8s Boittiaux<\/strong> d\u00e9crypte six \u0153uvres de Frida Kahlo (\u00ab\u00a0L&rsquo;art plus grand\u00a0\u00bb\/Hazan, 1er\u00a0octobre). Et le 9\u00a0octobre, Gallimard enrichit sa collection \u00ab\u00a0Pop-art\u00a0\u00bb avec Edvard Munch de <strong>Claire Maingon<\/strong>, Johannes Vermeer de <strong>L\u00e9onie Marquaille<\/strong>, JMW Turner d&rsquo;<strong>Amandine Rabier<\/strong> et Le Douanier Rousseau de <strong>Marion Alluchon<\/strong>.<\/p>\n","protected":false},"excerpt":{"rendered":"Entre r\u00e9trospectives g\u00e9n\u00e9rales et analyses cibl\u00e9es, plusieurs publications invitent \u00e0 se plonger dans la peinture en cette fin&hellip;\n","protected":false},"author":2,"featured_media":347511,"comment_status":"","ping_status":"","sticky":false,"template":"","format":"standard","meta":{"footnotes":""},"categories":[1357],"tags":[1379,58,59,1011,27,1380],"class_list":{"0":"post-347510","1":"post","2":"type-post","3":"status-publish","4":"format-standard","5":"has-post-thumbnail","7":"category-livres","8":"tag-books","9":"tag-divertissement","10":"tag-entertainment","11":"tag-fr","12":"tag-france","13":"tag-livres"},"share_on_mastodon":{"url":"https:\/\/pubeurope.com\/@fr\/115100626703603807","error":""},"_links":{"self":[{"href":"https:\/\/www.europesays.com\/fr\/wp-json\/wp\/v2\/posts\/347510","targetHints":{"allow":["GET"]}}],"collection":[{"href":"https:\/\/www.europesays.com\/fr\/wp-json\/wp\/v2\/posts"}],"about":[{"href":"https:\/\/www.europesays.com\/fr\/wp-json\/wp\/v2\/types\/post"}],"author":[{"embeddable":true,"href":"https:\/\/www.europesays.com\/fr\/wp-json\/wp\/v2\/users\/2"}],"replies":[{"embeddable":true,"href":"https:\/\/www.europesays.com\/fr\/wp-json\/wp\/v2\/comments?post=347510"}],"version-history":[{"count":0,"href":"https:\/\/www.europesays.com\/fr\/wp-json\/wp\/v2\/posts\/347510\/revisions"}],"wp:featuredmedia":[{"embeddable":true,"href":"https:\/\/www.europesays.com\/fr\/wp-json\/wp\/v2\/media\/347511"}],"wp:attachment":[{"href":"https:\/\/www.europesays.com\/fr\/wp-json\/wp\/v2\/media?parent=347510"}],"wp:term":[{"taxonomy":"category","embeddable":true,"href":"https:\/\/www.europesays.com\/fr\/wp-json\/wp\/v2\/categories?post=347510"},{"taxonomy":"post_tag","embeddable":true,"href":"https:\/\/www.europesays.com\/fr\/wp-json\/wp\/v2\/tags?post=347510"}],"curies":[{"name":"wp","href":"https:\/\/api.w.org\/{rel}","templated":true}]}}