{"id":347512,"date":"2025-08-27T12:02:13","date_gmt":"2025-08-27T12:02:13","guid":{"rendered":"https:\/\/www.europesays.com\/fr\/347512\/"},"modified":"2025-08-27T12:02:13","modified_gmt":"2025-08-27T12:02:13","slug":"marceau-demasque-catherine-decouvre-enfin-la-verite-un-si-grand-soleil-spoilers-15-au-19-septembre-2025","status":"publish","type":"post","link":"https:\/\/www.europesays.com\/fr\/347512\/","title":{"rendered":"Marceau d\u00e9masqu\u00e9, Catherine d\u00e9couvre enfin la v\u00e9rit\u00e9 &#8211; Un si grand soleil (spoilers) 15 au 19 septembre 2025"},"content":{"rendered":"<p>\tD\u00e9couvrez les spoilers en avance des \u00e9pisodes d\u2019Un si grand soleil diffus\u00e9s du 15 au 19 septembre 2025 : fin de l\u2019illusion pour Catherine (Smadi Wolfman), la manipulation de Marceau (St\u00e9phane Brel) r\u00e9v\u00e9l\u00e9e Tous les r\u00e9sum\u00e9s courts de #USGS en avance de France 3 sont dispo.<br \/>\n<img fetchpriority=\"high\" decoding=\"async\" aria-describedby=\"caption-attachment-312151\" src=\"https:\/\/www.europesays.com\/fr\/wp-content\/uploads\/2025\/08\/unsigrandsoleil-spoilers1.jpg\" alt=\"catherine et marceau un si grand soleil \" width=\"1280\" height=\"720\" class=\"size-full wp-image-312151\"  \/><\/p>\n<p id=\"caption-attachment-312151\" class=\"wp-caption-text\">Marceau (St\u00e9phane Brel) un vrai manipulateur : il a r\u00e9ussi \u00e0 pi\u00e9ger Catherine et \u00e0 l\u2019envoyer en prison<\/p>\n<p>Les <a href=\"https:\/\/www.nouveautes-tele.com\/86457-grand-soleil-le-guide-complet-du-feuilleton-france-2-rentree-2018.html\" rel=\"nofollow noopener\" target=\"_blank\"><strong>spoilers Un si grand soleil  <\/strong><\/a> 3 semaines en avance, on vous dit tout ce qui va se passer dans la semaine du 15 au 19 septembre 2025 avec les \u00e9pisodes 1749 \u00e0 1753 en attendant les r\u00e9sum\u00e9s complets et les r\u00e9caps vid\u00e9o sur notre <a href=\"https:\/\/www.youtube.com\/@nouveautesteleoff\/videos\" target=\"_blank\" rel=\"noopener nofollow\"><strong>cha\u00eene YouTube<\/strong><\/a>. <\/p>\n<p>-&gt; Suivez les <a href=\"https:\/\/www.nouveautes-tele.com\/87294-audience-feuilleton-france2-grand-soleil-soap.html\" rel=\"nofollow noopener\" target=\"_blank\"><strong>audiences TV<\/strong><\/a> qui sont plut\u00f4t stables \u00e0 20H40 chaque soir. <\/p>\n<p><\/p>\n<p>Les acteurs au rendez-vous cette semaine dans Un si grand soleil , on retrouve notamment : St\u00e9phane Monpetit (Eliott) Jules Bahloul (Boris), Lou Kuma Kudi (Muriel), Chrystelle Labaude (Elisabeth Bastide), Yvon Back (Becker), Adriel Sorrente (Pablo), Emma Colberti (Eve), Tonya Kinzinger (Janet), Mo\u00efse Santamaria (Manu), Nadia Fossier (Alix Dardel), Bibi Tanga (Hugo), Constantin Balsan (Yann), Sylvain Boccara (Louis), L\u00e9a Gillard (Laurine Laumi\u00e8re), Aurore Delplace (Johanna), Smadi Wolfman (Catherine Laumi\u00e8re), Folco Marchi (Ludo), Lila Guiraud (Tha\u00efs), Nicolas G\u00e9rout (Thierry), St\u00e9phane Brel (Pascal Marceau), Tristan Robin (L\u00e9o), Chlo\u00e9 Guillot (Pauline)\u2026   <\/p>\n<p>&#13;<\/p>\n<p>Un si grand soleil en avance lundi 15 septembre 2025 <\/p>\n<p>Dans <strong>Un si grand soleil \u00e9pisode 1749<\/strong> : La jalousie d\u2019Achille prend une tournure inqui\u00e9tante, tandis qu\u2019\u00c9lisabeth se retrouve entra\u00een\u00e9e dans une guerre psychologique sans merci.<\/p>\n<p>Un si grand soleil en avance mardi 16 septembre 2025 <\/p>\n<p>Dans <strong>Un si grand soleil \u00e9pisode 1750<\/strong> : Au lyc\u00e9e, les tensions montent et divisent les \u00e9l\u00e8ves. De son c\u00f4t\u00e9, \u00c9lisabeth c\u00e8de du terrain face \u00e0 Catherine\u2026 mais la bataille est-elle r\u00e9ellement termin\u00e9e ?<\/p>\n<p>Un si grand soleil en avance mercredi 17 septembre 2025 <\/p>\n<p>Dans <strong>Un si grand soleil \u00e9pisode 1751<\/strong> : \u00c0 la ferme, les habitants sont frapp\u00e9s de plein fouet par une coupure d\u2019eau. Pendant ce temps, un coup de th\u00e9\u00e2tre \u00e9clate chez Bastide &amp; Laumi\u00e8re, bouleversant l\u2019\u00e9quilibre des forces.<\/p>\n<p>Un si grand soleil en avance jeudi 18 septembre 2025<br \/>\n<img loading=\"lazy\" decoding=\"async\" aria-describedby=\"caption-attachment-294347\" src=\"data:image\/svg+xml,%3Csvg%20xmlns=\" http:=\"\" alt=\"eliott un si grand soleil\" width=\"1200\" height=\"672\" class=\"size-full wp-image-294347\" data-lazy- data-lazy- data-lazy-src=\"https:\/\/www.europesays.com\/fr\/wp-content\/uploads\/2025\/08\/grand-soleil-1654fcf.jpg\"\/><\/p>\n<p id=\"caption-attachment-294347\" class=\"wp-caption-text\">Eliott \u00e9choue face \u00e0 Muriel ou face \u00e0 Catherine ?<\/p>\n<p>Dans <strong>Un si grand soleil \u00e9pisode 1752<\/strong> : Face \u00e0 la crise, les victimes du manque d\u2019eau s\u2019organisent dans l\u2019urgence. De son c\u00f4t\u00e9, Eliott doit se r\u00e9soudre \u00e0 affronter une d\u00e9faite am\u00e8re.<br \/>\nUn si grand soleil en avance vendredi 19 septembre 2025 <\/p>\n<p> Dans <strong>Un si grand soleil \u00e9pisode 1753<\/strong> : La p\u00e9nurie d\u2019eau met \u00e0 mal l\u2019harmonie entre voisins, et Ludo comme \u00c9lodie en subissent les cons\u00e9quences. Quant \u00e0 Catherine, elle r\u00e9alise enfin l\u2019ampleur de la manipulation dont elle a \u00e9t\u00e9 la victime. \u2014 l\u2019\u00e9pisode pourrait \u00eatre d\u00e9programm\u00e9 \u00e0 cause du rugby \u2014<\/p>\n<p>\ud83d\udcac Que pensez-vous des nouveaux \u00e9pisodes Un si grand soleil ?  Dites nous en commentaire !<\/p>\n<p>-&gt; N&rsquo;h\u00e9sitez pas \u00e0 nous suivre sur <a href=\"https:\/\/whatsapp.com\/channel\/0029Vaff4LEFcowCVHrXqx17\" target=\"_blank\" rel=\"noopener nofollow\"><strong>notre cha\u00eene WhatsApp<\/strong><\/a> pour ne rien manquer des derni\u00e8res actualit\u00e9s de Nouveaut\u00e9s-T\u00e9l\u00e9. &#13;<br \/>\n&#13;<\/p>\n<p>                          <img loading=\"lazy\" decoding=\"async\" width=\"512\" height=\"512\" src=\"data:image\/svg+xml,%3Csvg%20xmlns=\" http:=\"\" alt=\"Logo de Nouveaut\u00e9 t\u00e9l\u00e9\" data-lazy-src=\"https:\/\/www.europesays.com\/fr\/wp-content\/uploads\/2025\/06\/nt-logo.png\"\/><\/p>\n<p>\t\t\t  Isabelle Corteilles<\/p>\n<p>Titou, passionn\u00e9e de m\u00e9dias et incollable sur l\u2019actualit\u00e9 des s\u00e9ries t\u00e9l\u00e9. De la g\u00e9n\u00e9ration Dawson\u2019s Creek et Sous le Soleil, je navigue aujourd\u2019hui entre le Spoon de DNA, les marais salants d\u2019ITC, le Mistral de PBLV, le Com\u00e8te de TP2L, la Pe\u00f1a Loca de Nouveau Jour et les Sauvages d\u2019Un Si Grand Soleil, pour ne rien rater des derni\u00e8res intrigues et indiscr\u00e9tions.<\/p>\n","protected":false},"excerpt":{"rendered":"D\u00e9couvrez les spoilers en avance des \u00e9pisodes d\u2019Un si grand soleil diffus\u00e9s du 15 au 19 septembre 2025&hellip;\n","protected":false},"author":2,"featured_media":347513,"comment_status":"","ping_status":"","sticky":false,"template":"","format":"standard","meta":{"footnotes":""},"categories":[1356],"tags":[58,59,1011,27,252,1364],"class_list":{"0":"post-347512","1":"post","2":"type-post","3":"status-publish","4":"format-standard","5":"has-post-thumbnail","7":"category-television","8":"tag-divertissement","9":"tag-entertainment","10":"tag-fr","11":"tag-france","12":"tag-television","13":"tag-tv"},"share_on_mastodon":{"url":"https:\/\/pubeurope.com\/@fr\/115100630636937790","error":""},"_links":{"self":[{"href":"https:\/\/www.europesays.com\/fr\/wp-json\/wp\/v2\/posts\/347512","targetHints":{"allow":["GET"]}}],"collection":[{"href":"https:\/\/www.europesays.com\/fr\/wp-json\/wp\/v2\/posts"}],"about":[{"href":"https:\/\/www.europesays.com\/fr\/wp-json\/wp\/v2\/types\/post"}],"author":[{"embeddable":true,"href":"https:\/\/www.europesays.com\/fr\/wp-json\/wp\/v2\/users\/2"}],"replies":[{"embeddable":true,"href":"https:\/\/www.europesays.com\/fr\/wp-json\/wp\/v2\/comments?post=347512"}],"version-history":[{"count":0,"href":"https:\/\/www.europesays.com\/fr\/wp-json\/wp\/v2\/posts\/347512\/revisions"}],"wp:featuredmedia":[{"embeddable":true,"href":"https:\/\/www.europesays.com\/fr\/wp-json\/wp\/v2\/media\/347513"}],"wp:attachment":[{"href":"https:\/\/www.europesays.com\/fr\/wp-json\/wp\/v2\/media?parent=347512"}],"wp:term":[{"taxonomy":"category","embeddable":true,"href":"https:\/\/www.europesays.com\/fr\/wp-json\/wp\/v2\/categories?post=347512"},{"taxonomy":"post_tag","embeddable":true,"href":"https:\/\/www.europesays.com\/fr\/wp-json\/wp\/v2\/tags?post=347512"}],"curies":[{"name":"wp","href":"https:\/\/api.w.org\/{rel}","templated":true}]}}