{"id":347514,"date":"2025-08-27T12:03:11","date_gmt":"2025-08-27T12:03:11","guid":{"rendered":"https:\/\/www.europesays.com\/fr\/347514\/"},"modified":"2025-08-27T12:03:11","modified_gmt":"2025-08-27T12:03:11","slug":"prince-jackson-annonce-ses-fiancailles-et-rend-hommage-a-son-pere-michael-jackson","status":"publish","type":"post","link":"https:\/\/www.europesays.com\/fr\/347514\/","title":{"rendered":"Prince Jackson annonce ses fian\u00e7ailles et rend hommage \u00e0 son p\u00e8re Michael Jackson"},"content":{"rendered":"<p>Publi\u00e927. ao\u00fbt 2025, 12:42<\/p>\n<p>Fils de Michael Jackson: Prince Jackson va se marier et fait un clin d&rsquo;\u0153il \u00e0 son papa<\/p>\n<p>L\u2019a\u00een\u00e9 du King of Pop a annonc\u00e9 qu\u2019il allait \u00e9pouser son amoureuse, rencontr\u00e9e sur les bancs de l\u2019universit\u00e9, et a fait un petit signe \u00e0 son d\u00e9funt papa.<\/p>\n<p>Prince Michael Jackson, fils a\u00een\u00e9 du roi de la pop, a annonc\u00e9 la bonne nouvelle sur Instagram: \u00e0 28 ans, il s\u2019est fianc\u00e9e \u00e0 sa compagne Molly, apr\u00e8s huit ans de relation. \u00abNous avons voyag\u00e9 \u00e0 travers le monde, obtenu notre dipl\u00f4me et grandi ensemble. J&rsquo;ai h\u00e2te d&rsquo;entamer ce nouveau chapitre de notre vie, de continuer \u00e0 grandir et \u00e0 cr\u00e9er de merveilleux souvenirs. Je t&rsquo;aime, ma belle\u00bb, a-t-il \u00e9crit sur le r\u00e9seau social, en l\u00e9gende d\u2019un carrousel de photos de leur couple.<\/p>\n<p>Sur le premier clich\u00e9, on les voit tout de blanc v\u00eatus et on distingue clairement une bague de fian\u00e7ailles \u00e0 l\u2019annulaire gauche de la jeune femme. Sur le second, on les voit entourant la matriarche de la famille, Katherine Jackson, aujourd&rsquo;hui \u00e2g\u00e9e de 95 ans.<\/p>\n<p><img loading=\"lazy\" decoding=\"async\" src=\"https:\/\/www.europesays.com\/fr\/wp-content\/uploads\/2025\/08\/6a3fb848-bff4-475d-b3a7-b9d9bef89671.jpg\" alt=\"\" title=\"\"  width=\"1200\" height=\"800\"\/>Instagram<\/p>\n<p>Difficile de ne pas partager ces grands moments de bonheur avec ses parents. Alors Prince a eu une petite pens\u00e9e pour son p\u00e8re, d\u00e9c\u00e9d\u00e9 en 2009, alors qu\u2019il n\u2019avait que douze ans: c\u2019est le titre \u00abI can\u2019t stop loving you\u00bb qui accompagne cette tendre annonce sur les r\u00e9seaux sociaux.<\/p>\n<p>Michael Jackson a eu deux enfants avec Debbie Rowe, l\u2019infirmi\u00e8re de son dermatologue, qu\u2019il a \u00e9pous\u00e9e en 1996: Prince, n\u00e9 le 13 f\u00e9vrier 1997 et Paris, n\u00e9e le 3 avril 1998. Son troisi\u00e8me enfant, Blanket, est n\u00e9 d\u2019une m\u00e8re porteuse, le 21 f\u00e9vrier 2002.<\/p>\n<p>(mc)<\/p>\n","protected":false},"excerpt":{"rendered":"Publi\u00e927. ao\u00fbt 2025, 12:42 Fils de Michael Jackson: Prince Jackson va se marier et fait un clin d&rsquo;\u0153il&hellip;\n","protected":false},"author":2,"featured_media":347515,"comment_status":"","ping_status":"","sticky":false,"template":"","format":"standard","meta":{"footnotes":""},"categories":[1355],"tags":[58,59,1011,27,1361,873],"class_list":{"0":"post-347514","1":"post","2":"type-post","3":"status-publish","4":"format-standard","5":"has-post-thumbnail","7":"category-musique","8":"tag-divertissement","9":"tag-entertainment","10":"tag-fr","11":"tag-france","12":"tag-music","13":"tag-musique"},"share_on_mastodon":{"url":"https:\/\/pubeurope.com\/@fr\/115100634539631958","error":""},"_links":{"self":[{"href":"https:\/\/www.europesays.com\/fr\/wp-json\/wp\/v2\/posts\/347514","targetHints":{"allow":["GET"]}}],"collection":[{"href":"https:\/\/www.europesays.com\/fr\/wp-json\/wp\/v2\/posts"}],"about":[{"href":"https:\/\/www.europesays.com\/fr\/wp-json\/wp\/v2\/types\/post"}],"author":[{"embeddable":true,"href":"https:\/\/www.europesays.com\/fr\/wp-json\/wp\/v2\/users\/2"}],"replies":[{"embeddable":true,"href":"https:\/\/www.europesays.com\/fr\/wp-json\/wp\/v2\/comments?post=347514"}],"version-history":[{"count":0,"href":"https:\/\/www.europesays.com\/fr\/wp-json\/wp\/v2\/posts\/347514\/revisions"}],"wp:featuredmedia":[{"embeddable":true,"href":"https:\/\/www.europesays.com\/fr\/wp-json\/wp\/v2\/media\/347515"}],"wp:attachment":[{"href":"https:\/\/www.europesays.com\/fr\/wp-json\/wp\/v2\/media?parent=347514"}],"wp:term":[{"taxonomy":"category","embeddable":true,"href":"https:\/\/www.europesays.com\/fr\/wp-json\/wp\/v2\/categories?post=347514"},{"taxonomy":"post_tag","embeddable":true,"href":"https:\/\/www.europesays.com\/fr\/wp-json\/wp\/v2\/tags?post=347514"}],"curies":[{"name":"wp","href":"https:\/\/api.w.org\/{rel}","templated":true}]}}