{"id":347518,"date":"2025-08-27T12:05:10","date_gmt":"2025-08-27T12:05:10","guid":{"rendered":"https:\/\/www.europesays.com\/fr\/347518\/"},"modified":"2025-08-27T12:05:10","modified_gmt":"2025-08-27T12:05:10","slug":"dans-la-tete-de-celine-atteinte-de-fibromyalgie-jai-parfois-envie-de-baisser-les-bras-mais-la-vie-cest-pas-ca","status":"publish","type":"post","link":"https:\/\/www.europesays.com\/fr\/347518\/","title":{"rendered":"Dans la t\u00eate de C\u00e9line, atteinte de fibromyalgie\u00a0: \u00ab\u00a0J\u2019ai parfois envie de baisser les bras. Mais la vie, c\u2019est pas \u00e7a\u00a0\u00bb"},"content":{"rendered":"<p class=\"paragraph text_align_left lp-f-body-02\">En France, en 2020, on comptait 1,2 million de personnes fibromyalgiques, quatre fois plus de femmes que d\u2019hommes. La fibromyalgie n\u2019est pas reconnue comme une maladie \u00ab parce qu\u2019il y a autant de sympt\u00f4mes diff\u00e9rents que de personnes touch\u00e9es \u00bb, r\u00e9sume C\u00e9line, qui a re\u00e7u le diagnostic il y a sept ans. La science parle de syndrome, d\u2019affection chronique. Invisible, elle consiste essentiellement \u2013 et c\u2019est d\u00e9j\u00e0 beaucoup &#8211; <a href=\"https:\/\/www.leparisien.fr\/societe\/fibromyalgie-d-ou-viennent-ces-douleurs-inexpliquees-12-05-2017-6941292.php?ts=1748274939038\" target=\"_self\" rel=\"nofollow noopener\">en douleurs persistantes, fatigue intense<\/a>, insomnies et troubles de la m\u00e9moire.<\/p>\n","protected":false},"excerpt":{"rendered":"En France, en 2020, on comptait 1,2 million de personnes fibromyalgiques, quatre fois plus de femmes que d\u2019hommes.&hellip;\n","protected":false},"author":2,"featured_media":347519,"comment_status":"","ping_status":"","sticky":false,"template":"","format":"standard","meta":{"footnotes":""},"categories":[10],"tags":[1011,27,72,71,104],"class_list":{"0":"post-347518","1":"post","2":"type-post","3":"status-publish","4":"format-standard","5":"has-post-thumbnail","7":"category-sante","8":"tag-fr","9":"tag-france","10":"tag-health","11":"tag-sante","12":"tag-societe"},"share_on_mastodon":{"url":"https:\/\/pubeurope.com\/@fr\/115100642533703873","error":""},"_links":{"self":[{"href":"https:\/\/www.europesays.com\/fr\/wp-json\/wp\/v2\/posts\/347518","targetHints":{"allow":["GET"]}}],"collection":[{"href":"https:\/\/www.europesays.com\/fr\/wp-json\/wp\/v2\/posts"}],"about":[{"href":"https:\/\/www.europesays.com\/fr\/wp-json\/wp\/v2\/types\/post"}],"author":[{"embeddable":true,"href":"https:\/\/www.europesays.com\/fr\/wp-json\/wp\/v2\/users\/2"}],"replies":[{"embeddable":true,"href":"https:\/\/www.europesays.com\/fr\/wp-json\/wp\/v2\/comments?post=347518"}],"version-history":[{"count":0,"href":"https:\/\/www.europesays.com\/fr\/wp-json\/wp\/v2\/posts\/347518\/revisions"}],"wp:featuredmedia":[{"embeddable":true,"href":"https:\/\/www.europesays.com\/fr\/wp-json\/wp\/v2\/media\/347519"}],"wp:attachment":[{"href":"https:\/\/www.europesays.com\/fr\/wp-json\/wp\/v2\/media?parent=347518"}],"wp:term":[{"taxonomy":"category","embeddable":true,"href":"https:\/\/www.europesays.com\/fr\/wp-json\/wp\/v2\/categories?post=347518"},{"taxonomy":"post_tag","embeddable":true,"href":"https:\/\/www.europesays.com\/fr\/wp-json\/wp\/v2\/tags?post=347518"}],"curies":[{"name":"wp","href":"https:\/\/api.w.org\/{rel}","templated":true}]}}