{"id":347522,"date":"2025-08-27T12:07:10","date_gmt":"2025-08-27T12:07:10","guid":{"rendered":"https:\/\/www.europesays.com\/fr\/347522\/"},"modified":"2025-08-27T12:07:10","modified_gmt":"2025-08-27T12:07:10","slug":"sans-amertume-karim-zeribi-devoile-les-raisons-qui-lont-pousse-a-quitter-cnews","status":"publish","type":"post","link":"https:\/\/www.europesays.com\/fr\/347522\/","title":{"rendered":"\u00ab\u00a0Sans amertume\u00a0\u00bb\u2026 Karim Z\u00e9ribi d\u00e9voile les raisons qui l\u2019ont pouss\u00e9 \u00e0 quitter CNews"},"content":{"rendered":"<p>L\u2019interlude m\u00e9diatique de <a href=\"https:\/\/www.20minutes.fr\/sport\/football\/4144056-20250318-equipe-france-deschamps-accuse-racisme-ancien-elu-fff-pourrait-porter-plainte\" class=\"c-link c-link--is-underlined\" rel=\"nofollow noopener\" target=\"_blank\">Karim Z\u00e9ribi<\/a> a pris fin\u00a0: chroniqueur depuis\u00a02018 dans des \u00e9missions de <a href=\"https:\/\/www.20minutes.fr\/medias\/cnews\/\" class=\"c-link c-link--is-underlined\" rel=\"nofollow noopener\" target=\"_blank\">CNews<\/a> (dont Punchline et <a href=\"https:\/\/www.20minutes.fr\/arts-stars\/medias\/4107793-20240831-sexuellement-incorrecte-lucie-castets-victime-propos-homophobes-cnews\" class=\"c-link c-link--is-underlined\" rel=\"nofollow noopener\" target=\"_blank\">L\u2019heure des Pros<\/a>), l\u2019ancien \u00e9lu marseillais a officialis\u00e9, lundi 25\u00a0ao\u00fbt 2025, son d\u00e9part de la cha\u00eene d\u2019information en continu, <a href=\"https:\/\/www.ozap.com\/actu\/une-ligne-editoriale-que-je-n-ai-jamais-partagee-karim-zeribi-annonce-son-depart-de-cnews-apres-7-saisons\/651325\" rel=\"nofollow noopener\" target=\"_blank\" class=\"c-link c-link--is-underlined\">rapporte PureM\u00e9dias<\/a>.<\/p>\n<\/p>\n<p>\u00ab\u00a0Apr\u00e8s sept ann\u00e9es de collaboration, j\u2019ai d\u00e9cid\u00e9 de mettre un terme \u00e0 ma participation aux \u00e9missions de la cha\u00eene CNews avec laquelle je n\u2019effectuerai pas ma rentr\u00e9e m\u00e9diatique comme je le fais depuis plusieurs ann\u00e9es maintenant \u00e0 la fin du mois d\u2019ao\u00fbt\u00a0\u00bb, a-t-il ainsi \u00e9crit sur Instagram.<\/p>\n<p class=\"mb-xxl@xs color-ultramarine font-weight-semi-bold@xs font-source-serif-pro heading-s@xs\">L\u2019acc\u00e8s \u00e0 ce contenu a \u00e9t\u00e9 bloqu\u00e9 afin de respecter votre choix de consentement<\/p>\n<p class=\"mb-m@xs text-l@xs\">En cliquant sur\u00ab J\u2019accepte \u00bb, vous acceptez le d\u00e9p\u00f4t de cookies par des services externes et aurez ainsi acc\u00e8s aux contenus de nos partenaires.<\/p>\n<p class=\"mb-xl@xs text-s@xs\">Plus d\u2019informations sur la page<a href=\"https:\/\/www.20minutes.fr\/gestion-cookies\" class=\"mx-xxs@xs color-ultramarine\" rel=\"nofollow noopener\" target=\"_blank\">Politique de gestion des cookies<\/a><\/p>\n<p>J\u2019accepte<\/p>\n<p>Karim Z\u00e9ribi y salue les \u00e9quipes avec lesquelles il a travaill\u00e9 sept ann\u00e9es durant et \u00ab\u00a0la libert\u00e9 de ton qui m\u2019a \u00e9t\u00e9 accord\u00e9e dans mes interventions\u00a0\u00bb et ce, pr\u00e9cise-t-il, \u00ab\u00a0malgr\u00e9 une ligne \u00e9ditoriale que je n\u2019ai jamais partag\u00e9e\u00a0\u00bb.<\/p>\n<p>Ajoutant s\u2019\u00eatre toujours exprim\u00e9 \u00ab\u00a0avec sinc\u00e9rit\u00e9 et conviction\u00a0\u00bb sur les cha\u00eenes du <a href=\"https:\/\/www.20minutes.fr\/arts-stars\/medias\/canal_plus\/\" class=\"c-link c-link--is-underlined\" rel=\"nofollow noopener\" target=\"_blank\">groupe Canal+<\/a>\u00a0malgr\u00e9 le fait qu\u2019y r\u00e8gne \u00ab\u00a0un d\u00e9s\u00e9quilibre sur les grands sujets d\u2019<a href=\"https:\/\/www.20minutes.fr\/actu-generale\/\" class=\"c-link c-link--is-underlined\" rel=\"nofollow noopener\" target=\"_blank\">actualit\u00e9<\/a> et de <a href=\"https:\/\/www.20minutes.fr\/societe\/\" class=\"c-link c-link--is-underlined\" rel=\"nofollow noopener\" target=\"_blank\">soci\u00e9t\u00e9\u00a0<\/a>\u00bb, l\u2019ancien eurod\u00e9put\u00e9 socialiste assure qu\u2019\u00e0 ses yeux, \u00ab\u00a0la pluralit\u00e9 des points de vue est une condition essentielle du <a href=\"https:\/\/www.20minutes.fr\/dossier\/debat\" class=\"c-link c-link--is-underlined\" rel=\"nofollow noopener\" target=\"_blank\">d\u00e9bat <\/a>d\u00e9mocratique\u00a0\u00bb.<\/p>\n<p><a href=\"https:\/\/www.20minutes.fr\/arts-stars\/television\/\" class=\"c-link c-btn c-btn--primary\" rel=\"nofollow noopener\" target=\"_blank\">Notre dossier \u00ab T\u00e9l\u00e9vision \u00bb<\/a><\/p>\n<p>Enfin, Karim Z\u00e9ribi assure quitter CNews sans amertume\u2026 \u00ab\u00a0mais avec la volont\u00e9 de continuer \u00e0 m\u2019exprimer dans des espaces o\u00f9 <a href=\"https:\/\/www.20minutes.fr\/arts-stars\/medias\/4077497-20240222-conseil-etat-pluralisme-media-opinion-tout-comprendre-reproche-cnews\" class=\"c-link c-link--is-underlined\" rel=\"nofollow noopener\" target=\"_blank\">la diversit\u00e9 des opinions n\u2019est pas seulement tol\u00e9r\u00e9e<\/a>, mais pleinement encourag\u00e9e\u00a0\u00bb. Pour rappel, l\u2019homme politique de 58 ans avait, avant son exp\u00e9rience dans le groupe Canal+, \u00e9t\u00e9 chroniqueur sur <a href=\"https:\/\/www.20minutes.fr\/dossier\/rmc\" class=\"c-link c-link--is-underlined\" rel=\"nofollow noopener\" target=\"_blank\">RMC <\/a>dans Les grandes gueules et le Super Moscato Show.<\/p>\n","protected":false},"excerpt":{"rendered":"L\u2019interlude m\u00e9diatique de Karim Z\u00e9ribi a pris fin\u00a0: chroniqueur depuis\u00a02018 dans des \u00e9missions de CNews (dont Punchline et&hellip;\n","protected":false},"author":2,"featured_media":347523,"comment_status":"","ping_status":"","sticky":false,"template":"","format":"standard","meta":{"footnotes":""},"categories":[8],"tags":[10474,9722,422,58,59,1011,27,2705,2440,32356,4484,10319,13696,252,133],"class_list":{"0":"post-347522","1":"post","2":"type-post","3":"status-publish","4":"format-standard","5":"has-post-thumbnail","7":"category-divertissement","8":"tag-canal","9":"tag-cnews","10":"tag-depute","11":"tag-divertissement","12":"tag-entertainment","13":"tag-fr","14":"tag-france","15":"tag-groupe","16":"tag-instagram","17":"tag-les-ecologistes-eelv","18":"tag-parti-socialiste-ps","19":"tag-rmc","20":"tag-socialiste","21":"tag-television","22":"tag-video"},"share_on_mastodon":{"url":"https:\/\/pubeurope.com\/@fr\/115100650299443906","error":""},"_links":{"self":[{"href":"https:\/\/www.europesays.com\/fr\/wp-json\/wp\/v2\/posts\/347522","targetHints":{"allow":["GET"]}}],"collection":[{"href":"https:\/\/www.europesays.com\/fr\/wp-json\/wp\/v2\/posts"}],"about":[{"href":"https:\/\/www.europesays.com\/fr\/wp-json\/wp\/v2\/types\/post"}],"author":[{"embeddable":true,"href":"https:\/\/www.europesays.com\/fr\/wp-json\/wp\/v2\/users\/2"}],"replies":[{"embeddable":true,"href":"https:\/\/www.europesays.com\/fr\/wp-json\/wp\/v2\/comments?post=347522"}],"version-history":[{"count":0,"href":"https:\/\/www.europesays.com\/fr\/wp-json\/wp\/v2\/posts\/347522\/revisions"}],"wp:featuredmedia":[{"embeddable":true,"href":"https:\/\/www.europesays.com\/fr\/wp-json\/wp\/v2\/media\/347523"}],"wp:attachment":[{"href":"https:\/\/www.europesays.com\/fr\/wp-json\/wp\/v2\/media?parent=347522"}],"wp:term":[{"taxonomy":"category","embeddable":true,"href":"https:\/\/www.europesays.com\/fr\/wp-json\/wp\/v2\/categories?post=347522"},{"taxonomy":"post_tag","embeddable":true,"href":"https:\/\/www.europesays.com\/fr\/wp-json\/wp\/v2\/tags?post=347522"}],"curies":[{"name":"wp","href":"https:\/\/api.w.org\/{rel}","templated":true}]}}