{"id":347524,"date":"2025-08-27T12:08:14","date_gmt":"2025-08-27T12:08:14","guid":{"rendered":"https:\/\/www.europesays.com\/fr\/347524\/"},"modified":"2025-08-27T12:08:14","modified_gmt":"2025-08-27T12:08:14","slug":"nano-banana-le-modele-dedition-dimages-signe-google-qui-fait-fureur-lusine-digitale","status":"publish","type":"post","link":"https:\/\/www.europesays.com\/fr\/347524\/","title":{"rendered":"Nano-Banana, le mod\u00e8le d&#039;\u00e9dition d&#039;images sign\u00e9 Google qui fait fureur &#8211; L&#039;Usine Digitale"},"content":{"rendered":"<ol>\n<li><a href=\"https:\/\/news.google.com\/rss\/articles\/CBMitwFBVV95cUxOelEwQV9WUUxTOVJMdUJkTGI0alp3UjhyMmFiTllxdFFOU0tLdFdJWWxxTUZ4Tmh4TlducVVaRHJGOTdxWVdvYllDbW5pZVFBUThZRDhPcWlKLVFnN1dRNmhlcXZuTml4VnJWSm1CLXN1YklkTVl0ZWx1NXN0b0hDMXZ2dkpob3phTTNkTE5NQVNlWjcya0ZyWjhEYkdtVDZORWh6VXJLRmUtaW56bEEwSXRwQllEV3M?oc=5\" target=\"_blank\" rel=\"nofollow noopener\">Nano-Banana, le mod\u00e8le d&rsquo;\u00e9dition d&rsquo;images sign\u00e9 Google qui fait fureur<\/a>&nbsp;&nbsp;L&rsquo;Usine Digitale<\/li>\n<li><a href=\"https:\/\/news.google.com\/rss\/articles\/CBMipwFBVV95cUxQZjUtZWppOUFsQmxBbVM5TmhOV05wTmc3cDZFckQtQkR0RkxrWGJ4aGlEVHZvVHl6THNYRmwwZTM2d1RwOWFFLU9Ia0xNM05QdmEyQ3JWQWVDemMtUHkwREl1Wk92UEJsR2tjNGlPVlJ4cktLem9hci1JQkF1Wjc1cjNkSTZZZXNMaGhLa2R5YnJCdnBYdDFsalRnbnFHLVA0bUtnbkFlcw?oc=5\" target=\"_blank\" rel=\"nofollow noopener\">Voici la nouvelle interface de Google Photos<\/a>&nbsp;&nbsp;Frandroid<\/li>\n<li><a href=\"https:\/\/news.google.com\/rss\/articles\/CBMitwFBVV95cUxNaTVZNGQ2WkIyUkJaNVZySmx2TWpfRDhoNFdlMjR3Vkp1aVNHdnozLUlxOWFMZzRfRS1pTW5PcDVZbGZqclB0YjRTMWp4T1dMM0F6MG9XWUVFUnRIN0VXMkU3b2NIZ1VPSE1WMVNkbDB0eVBqeW8yeFdqenVDVGVyT0N1ODQtTjdjaGJIWmtVb3ZYVmJZakwwV3NuamxHNDFPcjh3V3RjNmdPRHpQSnhyRGY4RV9TVkU?oc=5\" target=\"_blank\" rel=\"nofollow noopener\">Google lance nano-banana, le nouveau meilleur outil pour modifier une image avec IA<\/a>&nbsp;&nbsp;Numerama<\/li>\n<li><a href=\"https:\/\/news.google.com\/rss\/articles\/CBMinwFBVV95cUxQR3prN2IzWGtyY2lDZkl5VF80RjI4QURXRUJjbzlpRWRtaVFXal9fM3RtZ1UyeHZ5T3BIMUIwWHdYNGoxYnhSbXJVTC02ZC10Vl85ZlRmaEF5MGYtbXc4RjVBLThxRklTckpJVThybjFUbjdpbXFNYUcwYlhMbFBULWxmLS1HX3dLU2h4a1dTYm9LTmQ2a1dCSTVFYkhWNXc?oc=5\" target=\"_blank\" rel=\"nofollow noopener\">Adieu Photoshop ? Google Gemini permet d\u00e9sormais de retoucher une image et de fusionner des photos<\/a>&nbsp;&nbsp;01net.com<\/li>\n<li><a href=\"https:\/\/news.google.com\/rss\/articles\/CBMizgFBVV95cUxNRGtKOU1qcjIwOXNqYjl1WTQyLXpkY21BZmRla0JFZnlsZTN0djA2WWoxUGpvWHdadFRyN2RiWHYtS3UydklEU3NORUduLWJtdDJUcDctdVFHTl9BT3FQYWUxQWVaOTBFSVVMejZkMmdKWS0xSEFHY18wTzlCRmxrVk1VaGFJd0JVcUYzVG02TW1WZXZRcGZLNTVpNVI0a3ZtWTRqazZ1QVZpOWJiQ2ZGcW50aDJxVFVSSTBsZFFlMHJYek41TmlFWWloS2l4dw?oc=5\" target=\"_blank\" rel=\"nofollow noopener\">L\u2019action Adobe chute apr\u00e8s l\u2019annonce de Google sur l\u2019\u00e9dition d\u2019images dans Gemini<\/a>&nbsp;&nbsp;Investing.com France<\/li>\n<\/ol>\n","protected":false},"excerpt":{"rendered":"Nano-Banana, le mod\u00e8le d&rsquo;\u00e9dition d&rsquo;images sign\u00e9 Google qui fait fureur&nbsp;&nbsp;L&rsquo;Usine Digitale Voici la nouvelle interface de Google Photos&nbsp;&nbsp;Frandroid&hellip;\n","protected":false},"author":2,"featured_media":220302,"comment_status":"","ping_status":"","sticky":false,"template":"","format":"standard","meta":{"footnotes":""},"categories":[7],"tags":[1011,27,43,40,41,39,42,44],"class_list":{"0":"post-347524","1":"post","2":"type-post","3":"status-publish","4":"format-standard","5":"has-post-thumbnail","7":"category-sciences-et-technologies","8":"tag-fr","9":"tag-france","10":"tag-science","11":"tag-science-and-technology","12":"tag-sciences","13":"tag-sciences-et-technologies","14":"tag-technologies","15":"tag-technology"},"share_on_mastodon":{"url":"https:\/\/pubeurope.com\/@fr\/115100654278747398","error":""},"_links":{"self":[{"href":"https:\/\/www.europesays.com\/fr\/wp-json\/wp\/v2\/posts\/347524","targetHints":{"allow":["GET"]}}],"collection":[{"href":"https:\/\/www.europesays.com\/fr\/wp-json\/wp\/v2\/posts"}],"about":[{"href":"https:\/\/www.europesays.com\/fr\/wp-json\/wp\/v2\/types\/post"}],"author":[{"embeddable":true,"href":"https:\/\/www.europesays.com\/fr\/wp-json\/wp\/v2\/users\/2"}],"replies":[{"embeddable":true,"href":"https:\/\/www.europesays.com\/fr\/wp-json\/wp\/v2\/comments?post=347524"}],"version-history":[{"count":0,"href":"https:\/\/www.europesays.com\/fr\/wp-json\/wp\/v2\/posts\/347524\/revisions"}],"wp:featuredmedia":[{"embeddable":true,"href":"https:\/\/www.europesays.com\/fr\/wp-json\/wp\/v2\/media\/220302"}],"wp:attachment":[{"href":"https:\/\/www.europesays.com\/fr\/wp-json\/wp\/v2\/media?parent=347524"}],"wp:term":[{"taxonomy":"category","embeddable":true,"href":"https:\/\/www.europesays.com\/fr\/wp-json\/wp\/v2\/categories?post=347524"},{"taxonomy":"post_tag","embeddable":true,"href":"https:\/\/www.europesays.com\/fr\/wp-json\/wp\/v2\/tags?post=347524"}],"curies":[{"name":"wp","href":"https:\/\/api.w.org\/{rel}","templated":true}]}}