{"id":347525,"date":"2025-08-27T12:09:11","date_gmt":"2025-08-27T12:09:11","guid":{"rendered":"https:\/\/www.europesays.com\/fr\/347525\/"},"modified":"2025-08-27T12:09:11","modified_gmt":"2025-08-27T12:09:11","slug":"ce-metal-lourd-va-t-il-signer-la-fin-du-chocolat-dans-nos-placards","status":"publish","type":"post","link":"https:\/\/www.europesays.com\/fr\/347525\/","title":{"rendered":"Ce m\u00e9tal lourd va-t-il signer la fin du chocolat dans nos placards\u00a0?"},"content":{"rendered":"<p>Bient\u00f4t fini le petit carr\u00e9 de chocolat du soir ou le bol de lait chocolat\u00e9 du matin\u00a0? <a href=\"https:\/\/www.20minutes.fr\/sante\/4157143-20250605-alimentation-cereales-petit-dej-pommes-terre-medecins-alertent-taux-astronomiques-cadmium\" class=\"c-link c-link--is-underlined\" rel=\"nofollow noopener\" target=\"_blank\">Le 5 juin dernier<\/a>, des m\u00e9decins lib\u00e9raux ont donn\u00e9 l\u2019alerte\u00a0: <a href=\"https:\/\/www.20minutes.fr\/sante\/2831147-20200729-autorites-sanitaires-alertent-cadmium-substance-cancerogene-trop-presente-algues-makis\" class=\"c-link c-link--is-underlined\" rel=\"nofollow noopener\" target=\"_blank\">le cadmium<\/a>, un m\u00e9tal lourd naturellement pr\u00e9sent dans les sols et class\u00e9 canc\u00e9rog\u00e8ne depuis\u00a02012, serait pr\u00e9sent <a href=\"https:\/\/www.20minutes.fr\/societe\/4168822-20250821-consommation-mangez-beaucoup-chocolat-attention-empoisonnement-cadmium\" class=\"c-link c-link--is-underlined\" rel=\"nofollow noopener\" target=\"_blank\">en trop grande quantit\u00e9<\/a> dans l\u2019alimentation des Fran\u00e7ais. Notamment dans le pain, les pommes de terre, le riz, les l\u00e9gumes, les th\u00e9s noirs et\u2026 le chocolat, donc\u00a0!<\/p>\n<p>Les risques\u00a0? Des atteintes r\u00e9nales et une fragilit\u00e9 osseuse. Il est d\u2019autant plus nocif lorsqu\u2019il s\u2019accumule dans l\u2019organisme, notamment dans les reins, le foie et les muscles.<\/p>\n<p>Un accroissement des cancers du pancr\u00e9as<\/p>\n<p><a href=\"https:\/\/www.anses.fr\/fr\/content\/exposition-au-cadmium-lanses-propose-des-valeurs-limites-pour-mieux-proteger-les\" target=\"_blank\" class=\"c-link c-link--is-underlined\" rel=\"nofollow noopener\">Reconnu canc\u00e9rog\u00e8ne<\/a>, mutag\u00e8ne et toxique pour la reproduction, le cadmium est \u00e9galement suspect\u00e9 de jouer un r\u00f4le dans l\u2019accroissement exponentiel des cancers du pancr\u00e9as, bien plus \u00e9lev\u00e9s en France que dans les pays voisins.<\/p>\n<p>Ainsi, de nombreuses personnes, plus particuli\u00e8rement les enfants, seraient expos\u00e9es \u00e0 une impr\u00e9gnation en cadmium tr\u00e8s \u00e9lev\u00e9e. La consommation de tabac entra\u00eene aussi une augmentation de plus de 50\u00a0% chez les fumeurs.<\/p>\n<p>Mais d\u2019o\u00f9 provient cette surdose de cadmium dans nos aliments\u00a0? 20 Minutes fait le point dans la vid\u00e9o plac\u00e9e tout en haut de cet article.<\/p>\n","protected":false},"excerpt":{"rendered":"Bient\u00f4t fini le petit carr\u00e9 de chocolat du soir ou le bol de lait chocolat\u00e9 du matin\u00a0? Le&hellip;\n","protected":false},"author":2,"featured_media":347526,"comment_status":"","ping_status":"","sticky":false,"template":"","format":"standard","meta":{"footnotes":""},"categories":[6],"tags":[258,35,101,7334,254,5826,33,34,436,1011,27,5447,39827,52,1800,71,5699],"class_list":{"0":"post-347525","1":"post","2":"type-post","3":"status-publish","4":"format-standard","5":"has-post-thumbnail","7":"category-economie","8":"tag-alimentation","9":"tag-business","10":"tag-cancer","11":"tag-chocolat","12":"tag-conso","13":"tag-contamination","14":"tag-economie","15":"tag-economy","16":"tag-environnement","17":"tag-fr","18":"tag-france","19":"tag-intoxication","20":"tag-lactualite-en-videos","21":"tag-planete","22":"tag-pollution","23":"tag-sante","24":"tag-sante-publique"},"share_on_mastodon":{"url":"https:\/\/pubeurope.com\/@fr\/115100658170702880","error":""},"_links":{"self":[{"href":"https:\/\/www.europesays.com\/fr\/wp-json\/wp\/v2\/posts\/347525","targetHints":{"allow":["GET"]}}],"collection":[{"href":"https:\/\/www.europesays.com\/fr\/wp-json\/wp\/v2\/posts"}],"about":[{"href":"https:\/\/www.europesays.com\/fr\/wp-json\/wp\/v2\/types\/post"}],"author":[{"embeddable":true,"href":"https:\/\/www.europesays.com\/fr\/wp-json\/wp\/v2\/users\/2"}],"replies":[{"embeddable":true,"href":"https:\/\/www.europesays.com\/fr\/wp-json\/wp\/v2\/comments?post=347525"}],"version-history":[{"count":0,"href":"https:\/\/www.europesays.com\/fr\/wp-json\/wp\/v2\/posts\/347525\/revisions"}],"wp:featuredmedia":[{"embeddable":true,"href":"https:\/\/www.europesays.com\/fr\/wp-json\/wp\/v2\/media\/347526"}],"wp:attachment":[{"href":"https:\/\/www.europesays.com\/fr\/wp-json\/wp\/v2\/media?parent=347525"}],"wp:term":[{"taxonomy":"category","embeddable":true,"href":"https:\/\/www.europesays.com\/fr\/wp-json\/wp\/v2\/categories?post=347525"},{"taxonomy":"post_tag","embeddable":true,"href":"https:\/\/www.europesays.com\/fr\/wp-json\/wp\/v2\/tags?post=347525"}],"curies":[{"name":"wp","href":"https:\/\/api.w.org\/{rel}","templated":true}]}}