{"id":347529,"date":"2025-08-27T12:11:11","date_gmt":"2025-08-27T12:11:11","guid":{"rendered":"https:\/\/www.europesays.com\/fr\/347529\/"},"modified":"2025-08-27T12:11:11","modified_gmt":"2025-08-27T12:11:11","slug":"les-prochaines-elections-municipales-se-tiendront-les-15-et-22-mars-2026-liberation","status":"publish","type":"post","link":"https:\/\/www.europesays.com\/fr\/347529\/","title":{"rendered":"Les prochaines \u00e9lections municipales se tiendront les 15 et 22 mars\u00a02026 \u2013 Lib\u00e9ration"},"content":{"rendered":"<p class=\"sc-ksZaOG ehjQrN text-element\">A vos agendas. Les prochaines \u00e9lections municipales seront organis\u00e9es les dimanches 15 et 22 mars 2026, a fait savoir la porte-parole du gouvernement, Sophie Primas, \u00e0 l\u2019issue <a href=\"https:\/\/www.liberation.fr\/politique\/en-direct-vote-de-confiance-a-francois-bayrou-un-conseil-des-ministres-de-rentree-agitee-a-lelysee-ce-matin-20250827_JO7GCUCTQJEERKRTGCPUFNQRXI\/\" target=\"_blank\" rel=\"noreferrer noopener\" title=\"https:\/\/www.liberation.fr\/politique\/en-direct-vote-de-confiance-a-francois-bayrou-un-conseil-des-ministres-de-rentree-agitee-a-lelysee-ce-matin-20250827_JO7GCUCTQJEERKRTGCPUFNQRXI\/\">du Conseil des ministres ce mercredi 27 ao\u00fbt<\/a>. Un d\u00e9cret ent\u00e9rinant ces dates &#8211; les m\u00eames que celles pr\u00e9vues en 2020 &#8211; du \u00abrenouvellement des conseillers municipaux et communautaires, des conseillers m\u00e9tropolitains de Lyon, des conseillers de Paris et des conseillers d\u2019arrondissement de Paris, Lyon et Marseille et portant convocation des \u00e9lecteurs\u00bb sera prochainement publi\u00e9 dans le Journal officiel.<\/p>\n<p class=\"sc-ksZaOG ehjQrN text-element\">Ces \u00e9lections seront notamment marqu\u00e9es par le changement du mode de scrutin \u00e0 Paris, Lyon et Marseille. <a href=\"https:\/\/www.liberation.fr\/politique\/loi-plm-le-conseil-constitutionnel-donne-son-feu-vert-20250807_WUBFQKTXV5HBJGOG6TWWAIKQAM\/\" target=\"_blank\" rel=\"noreferrer noopener\" title=\"https:\/\/www.liberation.fr\/politique\/loi-plm-le-conseil-constitutionnel-donne-son-feu-vert-20250807_WUBFQKTXV5HBJGOG6TWWAIKQAM\/\">Objectif de cette nouvelle loi dite \u00abPLM\u00bb <\/a>: mettre un terme au mode d\u2019\u00e9lection sp\u00e9cifique des maires des trois villes. Depuis 1982, les \u00e9lecteurs \u00e0 Paris, Lyon et Marseille votaient en effet uniquement dans leur arrondissement ou secteur pour une liste de conseillers. Puis, chaque conseil d\u2019arrondissement ou de secteur \u00e9lisait, parmi ses membres, ceux qui allaient aussi si\u00e9ger au sein du conseil municipal. Avec la r\u00e9forme, ce fonctionnement est remplac\u00e9 par un double vote, organis\u00e9 le m\u00eame jour, l\u2019un pour les conseillers d\u2019arrondissement, l\u2019autre pour les conseillers municipaux centraux. Charge ensuite au conseil municipal d\u2019\u00e9lire son maire.<\/p>\n<p class=\"sc-ksZaOG ehjQrN text-element\">Autre nouveaut\u00e9 : dans les communes de moins de 1 000 habitants, <a href=\"https:\/\/www.liberation.fr\/politique\/elections\/municipales-2026-lassemblee-etend-la-parite-des-listes-aux-petites-communes-20250408_7Q5N67HLSJHQHEJBGAXGFJXLSU\/\" target=\"_blank\" rel=\"noreferrer noopener\" title=\"https:\/\/www.liberation.fr\/politique\/elections\/municipales-2026-lassemblee-etend-la-parite-des-listes-aux-petites-communes-20250408_7Q5N67HLSJHQHEJBGAXGFJXLSU\/\">le scrutin de liste paritaire va devenir la r\u00e8gle<\/a>. Ce mode de scrutin, d\u00e9j\u00e0 effectif dans le reste de la France depuis les \u00e9lections municipales de 2014, devrait ainsi mettre un terme au \u00abpanachage\u00bb, qui permet actuellement aux \u00e9lecteurs des petites communes d\u2019effacer des listes \u00e9lectorales les noms de certains candidats. <\/p>\n<p class=\"sc-ksZaOG ehjQrN text-element\">Un syst\u00e8me qui ne permettait pas d\u2019assurer la parit\u00e9 entre les femmes et les hommes. D\u00e8s mars 2026, le scrutin se fera ainsi par liste compl\u00e8te, avec une alternance stricte femme \/homme, sans panachage, rapporte le <a href=\"https:\/\/www.info.gouv.fr\/actualite\/municipales-2026-un-nouveau-mode-de-scrutin-dans-les-petites-communes\" target=\"_blank\" rel=\"noreferrer noopener\" title=\"https:\/\/www.info.gouv.fr\/actualite\/municipales-2026-un-nouveau-mode-de-scrutin-dans-les-petites-communes\">site officiel du gouvernement<\/a>.<\/p>\n<p class=\"sc-ksZaOG ehjQrN text-element\"><a href=\"https:\/\/www.liberation.fr\/politiques\/2020\/03\/03\/municipales-la-campagne-a-l-heure-du-coronavirus_1780447\/\" target=\"_blank\" rel=\"noreferrer noopener\" title=\"https:\/\/www.liberation.fr\/politiques\/2020\/03\/03\/municipales-la-campagne-a-l-heure-du-coronavirus_1780447\/\">Lors des pr\u00e9c\u00e9dentes \u00e9lections municipales, organis\u00e9es en 2020,<\/a> un invit\u00e9 surprise s\u2019\u00e9tait invit\u00e9 dans les urnes : l\u2019\u00e9pid\u00e9mie de Covid-19. Dans un premier temps, il avait alors \u00e9t\u00e9 jug\u00e9 hors de question pour le gouvernement d\u2019annuler ou de repousser les scrutins pr\u00e9vus les 15 et 22 mars. \u00abIl n\u2019y a aucune raison pour que les \u00e9lections ne se tiennent pas\u00bb, insistait-on \u00e0 Matignon, alors que le virus se r\u00e9pandait et qu\u2019Emmanuel Macron avait annonc\u00e9 \u00e0 la surprise g\u00e9n\u00e9rale la fermeture des \u00e9tablissements scolaires \u00abjusqu\u2019\u00e0 nouvel ordre\u00bb.<\/p>\n<p class=\"sc-ksZaOG ehjQrN text-element\">Le premier tour avait ainsi bien eu lieu \u00e0 la date pr\u00e9vue, entre protocole sanitaire dans les bureaux de vote et mesures barri\u00e8res, et s\u2019\u00e9tait clos avec une abstention record. Environ 45 %, soit pr\u00e8s de 19 points de moins par rapport au premier tour des municipales en 2014. Puis, d\u00e8s le lendemain, et tandis que l\u2019\u00e9pid\u00e9mie flambait, le gouvernement avait annonc\u00e9 reporter le second tour sans d\u00e9lai. Et en parall\u00e8le, la France se confinait.<\/p>\n<p class=\"sc-ksZaOG ehjQrN text-element\">Le second tour n\u2018avait <a href=\"https:\/\/www.liberation.fr\/france\/2020\/06\/26\/municipales-les-desseins-decus-de-lrem_1792571\/\" target=\"_blank\" rel=\"noreferrer noopener\" title=\"https:\/\/www.liberation.fr\/france\/2020\/06\/26\/municipales-les-desseins-decus-de-lrem_1792571\/\">finalement \u00e9t\u00e9 organis\u00e9 que plusieurs semaines plus tard<\/a>, le 28 juin. Jamais une \u00e9lection locale n\u2019avait d\u00fb \u00eatre interrompue pour une si longue p\u00e9riode, fait remarquer <a href=\"https:\/\/www.amf.asso.fr\/documents-municipales-2020-une-election-si-particuliere-\/40409\" target=\"_blank\" rel=\"noreferrer noopener\" title=\"https:\/\/www.amf.asso.fr\/documents-municipales-2020-une-election-si-particuliere-\/40409\">le site <\/a>de l\u2019Association des maires de France (AMF).<\/p>\n<p class=\"sc-ksZaOG ehjQrN text-element\">De ce scrutin marqu\u00e9 par <a href=\"https:\/\/www.liberation.fr\/france\/2020\/06\/28\/a-paris-une-abstention-epidemique_1792673\/\" target=\"_blank\" rel=\"noreferrer noopener\" title=\"https:\/\/www.liberation.fr\/france\/2020\/06\/28\/a-paris-une-abstention-epidemique_1792673\/\">une abstention record<\/a> &#8211; pr\u00e8s de 60 %, plus faible taux de participation \u00e0 une \u00e9lection municipale sous la Ve R\u00e9publique &#8211; <a href=\"https:\/\/www.liberation.fr\/france\/2020\/06\/28\/lyon-et-bordeaux-conquis-par-les-ecolos-paris-reste-socialiste-philippe-reelu-au-havre-le-point-sur-_1792669\/\" target=\"_blank\" rel=\"noreferrer noopener\" title=\"https:\/\/www.liberation.fr\/france\/2020\/06\/28\/lyon-et-bordeaux-conquis-par-les-ecolos-paris-reste-socialiste-philippe-reelu-au-havre-le-point-sur-_1792669\/\">les \u00e9cologistes \u00e9taient ressorties victorieux<\/a> dans plusieurs grandes villes, tels que Marseille, Bordeaux, Grenoble, Lyon ou Besan\u00e7on.<\/p>\n<p class=\"sc-ksZaOG ehjQrN text-element\">Les socialistes, eux, avaient conserv\u00e9 leurs citadelles de Paris et Lille, tout en r\u00e9ussissant \u00e0 prendre Montpellier ou encore Nancy. Chez Les R\u00e9publicains, des d\u00e9faites dans de grandes villes ont \u00e9t\u00e9 compens\u00e9es par un renforcement dans celles de taille moyenne. De son c\u00f4t\u00e9, LREM avait \u00e9chou\u00e9 \u00e0 asseoir un ancrage local, tandis que le RN remportait pour la premi\u00e8re fois depuis un quart de si\u00e8cle une ville de plus de 100 000 habitants, Perpignan.<\/p>\n","protected":false},"excerpt":{"rendered":"A vos agendas. Les prochaines \u00e9lections municipales seront organis\u00e9es les dimanches 15 et 22 mars 2026, a fait&hellip;\n","protected":false},"author":2,"featured_media":347530,"comment_status":"","ping_status":"","sticky":false,"template":"","format":"standard","meta":{"footnotes":""},"categories":[4],"tags":[11,1011,27,5945,12,25],"class_list":{"0":"post-347529","1":"post","2":"type-post","3":"status-publish","4":"format-standard","5":"has-post-thumbnail","7":"category-france","8":"tag-actualites","9":"tag-fr","10":"tag-france","11":"tag-municipales-elections","12":"tag-news","13":"tag-republique-francaise"},"share_on_mastodon":{"url":"https:\/\/pubeurope.com\/@fr\/115100665997186136","error":""},"_links":{"self":[{"href":"https:\/\/www.europesays.com\/fr\/wp-json\/wp\/v2\/posts\/347529","targetHints":{"allow":["GET"]}}],"collection":[{"href":"https:\/\/www.europesays.com\/fr\/wp-json\/wp\/v2\/posts"}],"about":[{"href":"https:\/\/www.europesays.com\/fr\/wp-json\/wp\/v2\/types\/post"}],"author":[{"embeddable":true,"href":"https:\/\/www.europesays.com\/fr\/wp-json\/wp\/v2\/users\/2"}],"replies":[{"embeddable":true,"href":"https:\/\/www.europesays.com\/fr\/wp-json\/wp\/v2\/comments?post=347529"}],"version-history":[{"count":0,"href":"https:\/\/www.europesays.com\/fr\/wp-json\/wp\/v2\/posts\/347529\/revisions"}],"wp:featuredmedia":[{"embeddable":true,"href":"https:\/\/www.europesays.com\/fr\/wp-json\/wp\/v2\/media\/347530"}],"wp:attachment":[{"href":"https:\/\/www.europesays.com\/fr\/wp-json\/wp\/v2\/media?parent=347529"}],"wp:term":[{"taxonomy":"category","embeddable":true,"href":"https:\/\/www.europesays.com\/fr\/wp-json\/wp\/v2\/categories?post=347529"},{"taxonomy":"post_tag","embeddable":true,"href":"https:\/\/www.europesays.com\/fr\/wp-json\/wp\/v2\/tags?post=347529"}],"curies":[{"name":"wp","href":"https:\/\/api.w.org\/{rel}","templated":true}]}}