{"id":347531,"date":"2025-08-27T12:12:11","date_gmt":"2025-08-27T12:12:11","guid":{"rendered":"https:\/\/www.europesays.com\/fr\/347531\/"},"modified":"2025-08-27T12:12:11","modified_gmt":"2025-08-27T12:12:11","slug":"faut-il-limiter-le-nombre-de-restaurants-en-france","status":"publish","type":"post","link":"https:\/\/www.europesays.com\/fr\/347531\/","title":{"rendered":"Faut-il limiter le nombre de restaurants en France ?"},"content":{"rendered":"<p>            <a href=\"https:\/\/www.lefigaro.fr\/politique\/le-pays-est-devant-de-grands-risques-tiens-nous-allons-le-bloquer-francois-bayrou-ironise-et-fustige-le-mouvement-du-10-septembre-20250823\" class=\"fig-ranking-profile-link\" data-fig-domain=\"LEFIGARO\" target=\"_blank\" rel=\"noopener\"><\/p>\n<p>        \u00abLe pays est devant de grands risques, tiens, nous allons le bloquer\u00a0!\u00bb\u00a0: Fran\u00e7ois Bayrou ironise et\u00a0fustige le mouvement du 10 septembre<\/p>\n<p>                                                <\/a><\/p>\n<p>        <img   class=\"fig-img fig-ranking-profile-media-small-picture__photo\" alt=\"\u00abLe pays est devant de grands risques, tiens, nous allons le bloquer\u00a0!\u00bb\u00a0: Fran\u00e7ois Bayrou ironise et\u00a0fustige le mouvement du 10 septembre\" height=\"2000\" width=\"3000\"\/><\/p>\n<p class=\"fig-ranking-profile-standfirst\">\n    Dans un entretien au Parisien-Aujourd\u2019hui en France, le chef du gouvernement, qui se pr\u00e9pare \u00e0 d\u00e9fendre son projet d\u2019\u00e9conomies budg\u00e9taires \u00e0 la rentr\u00e9e, \u00e9trille l\u2019appel \u00e0 la mobilisation du 10 septembre baptis\u00e9e \u00abBloquons tout\u00bb.\n<\/p>\n<p>            <a href=\"https:\/\/www.lefigaro.fr\/conjoncture\/on-ne-supportait-plus-la-chaleur-ces-habitants-qui-quittent-le-sud-de-la-france-pour-echapper-aux-etes-caniculaires-20250823\" class=\"fig-ranking-profile-link\" aria-label=\"\u00abOn ne supportait plus la chaleur\u00bb\u00a0: ces habitants qui quittent le sud de la France pour \u00e9chapper aux \u00e9t\u00e9s caniculaires (article Premium)\" title=\"\u00abOn ne supportait plus la chaleur\u00bb\u00a0: ces habitants qui quittent le sud de la France pour \u00e9chapper aux \u00e9t\u00e9s caniculaires (article Premium)\" data-fig-domain=\"LEFIGARO\" target=\"_blank\" rel=\"noopener\"><\/p>\n<p>        \u00abOn ne supportait plus la chaleur\u00bb\u00a0: ces habitants qui quittent le sud de la France pour \u00e9chapper aux \u00e9t\u00e9s caniculaires<\/p>\n<p>                                                <\/a><\/p>\n<p>        <img   class=\"fig-img fig-ranking-profile-media-small-picture__photo\" alt=\"\u00abOn ne supportait plus la chaleur\u00bb\u00a0: ces habitants qui quittent le sud de la France pour \u00e9chapper aux \u00e9t\u00e9s caniculaires\" height=\"1080\" width=\"1920\"\/><\/p>\n<p class=\"fig-ranking-profile-standfirst\">\n    <strong>T\u00c9MOIGNAGES &#8211;<\/strong> Autrefois attir\u00e9s par les r\u00e9gions ensoleill\u00e9es, de plus en plus de Fran\u00e7ais r\u00e9alisent maintenant le mouvement inverse. Ils s\u2019installent d\u00e9sormais en Bretagne, en Normandie ou en Vend\u00e9e, en qu\u00eate de fra\u00eecheur.\n<\/p>\n<p>            <a href=\"https:\/\/www.lefigaro.fr\/conjoncture\/l-explosion-de-la-dette-publique-francaise-expliquee-en-quatre-infographies-20250626\" class=\"fig-ranking-profile-link\" data-fig-domain=\"LEFIGARO\" target=\"_blank\" rel=\"noopener\"><\/p>\n<p>        L\u2019explosion de la dette publique fran\u00e7aise expliqu\u00e9e en quatre infographies<\/p>\n<p>                                                <\/a><\/p>\n<p>        <img   class=\"fig-img fig-ranking-profile-media-small-picture__photo\" alt=\"L\u2019explosion de la dette publique fran\u00e7aise expliqu\u00e9e en quatre infographies\" height=\"2000\" width=\"3000\"\/><\/p>\n<p class=\"fig-ranking-profile-standfirst\">\n    <strong>INFOGRAPHIES &#8211; <\/strong>\u00c0 la fin du premier trimestre 2025, la dette publique fran\u00e7aise s\u2019\u00e9tablit \u00e0 3\u00a0345,4 milliards d\u2019euros, soit 113,9 % du PIB.<\/p>\n","protected":false},"excerpt":{"rendered":"\u00abLe pays est devant de grands risques, tiens, nous allons le bloquer\u00a0!\u00bb\u00a0: Fran\u00e7ois Bayrou ironise et\u00a0fustige le mouvement&hellip;\n","protected":false},"author":2,"featured_media":347532,"comment_status":"","ping_status":"","sticky":false,"template":"","format":"standard","meta":{"footnotes":""},"categories":[2],"tags":[11,350,1011,27,12,1340],"class_list":{"0":"post-347531","1":"post","2":"type-post","3":"status-publish","4":"format-standard","5":"has-post-thumbnail","7":"category-actualites","8":"tag-actualites","9":"tag-concurrence","10":"tag-fr","11":"tag-france","12":"tag-news","13":"tag-restaurant"},"share_on_mastodon":{"url":"https:\/\/pubeurope.com\/@fr\/115100669915068260","error":""},"_links":{"self":[{"href":"https:\/\/www.europesays.com\/fr\/wp-json\/wp\/v2\/posts\/347531","targetHints":{"allow":["GET"]}}],"collection":[{"href":"https:\/\/www.europesays.com\/fr\/wp-json\/wp\/v2\/posts"}],"about":[{"href":"https:\/\/www.europesays.com\/fr\/wp-json\/wp\/v2\/types\/post"}],"author":[{"embeddable":true,"href":"https:\/\/www.europesays.com\/fr\/wp-json\/wp\/v2\/users\/2"}],"replies":[{"embeddable":true,"href":"https:\/\/www.europesays.com\/fr\/wp-json\/wp\/v2\/comments?post=347531"}],"version-history":[{"count":0,"href":"https:\/\/www.europesays.com\/fr\/wp-json\/wp\/v2\/posts\/347531\/revisions"}],"wp:featuredmedia":[{"embeddable":true,"href":"https:\/\/www.europesays.com\/fr\/wp-json\/wp\/v2\/media\/347532"}],"wp:attachment":[{"href":"https:\/\/www.europesays.com\/fr\/wp-json\/wp\/v2\/media?parent=347531"}],"wp:term":[{"taxonomy":"category","embeddable":true,"href":"https:\/\/www.europesays.com\/fr\/wp-json\/wp\/v2\/categories?post=347531"},{"taxonomy":"post_tag","embeddable":true,"href":"https:\/\/www.europesays.com\/fr\/wp-json\/wp\/v2\/tags?post=347531"}],"curies":[{"name":"wp","href":"https:\/\/api.w.org\/{rel}","templated":true}]}}