{"id":347533,"date":"2025-08-27T12:13:10","date_gmt":"2025-08-27T12:13:10","guid":{"rendered":"https:\/\/www.europesays.com\/fr\/347533\/"},"modified":"2025-08-27T12:13:10","modified_gmt":"2025-08-27T12:13:10","slug":"villars-un-nouveau-vehicule-electrique-pour-le-portage-des-repas","status":"publish","type":"post","link":"https:\/\/www.europesays.com\/fr\/347533\/","title":{"rendered":"Villars : un nouveau v\u00e9hicule \u00e9lectrique pour le portage des repas"},"content":{"rendered":"<p>La commune de Villars renforce son service de portage de repas \u00e0 domicile avec l\u2019acquisition d\u2019un nouveau v\u00e9hicule \u00e9lectrique. Une initiative qui allie solidarit\u00e9 envers les a\u00een\u00e9s et engagement \u00e9cologique.<\/p>\n<p><strong>Un service de proximit\u00e9 essentiel<\/strong><\/p>\n<p>Chaque jour, six jours sur sept, les employ\u00e9s communaux sillonnent les rues de Villars pour livrer des repas chauds aux personnes \u00e2g\u00e9es ou \u00e0 mobilit\u00e9 r\u00e9duite. Bien plus qu\u2019une simple livraison, ce service constitue un v\u00e9ritable lien social, permettant de rompre l\u2019isolement des b\u00e9n\u00e9ficiaires.<\/p>\n<p>D\u00e9sormais, deux v\u00e9hicules sont mobilis\u00e9s pour assurer ces tourn\u00e9es, garantissant le respect des conditions d\u2019hygi\u00e8ne et la distribution des plats dans les meilleures conditions.\u00a0<\/p>\n<p>\u00a0<\/p>\n<p>B.Maestracci<\/p><\/p>\n","protected":false},"excerpt":{"rendered":"La commune de Villars renforce son service de portage de repas \u00e0 domicile avec l\u2019acquisition d\u2019un nouveau v\u00e9hicule&hellip;\n","protected":false},"author":2,"featured_media":347534,"comment_status":"","ping_status":"","sticky":false,"template":"","format":"standard","meta":{"footnotes":""},"categories":[9653],"tags":[1111,11,2430,1777,674,1011,27,12,25,4001],"class_list":{"0":"post-347533","1":"post","2":"type-post","3":"status-publish","4":"format-standard","5":"has-post-thumbnail","7":"category-saint-etienne","8":"tag-actu","9":"tag-actualites","10":"tag-auvergne-rhone-alpes","11":"tag-eu","12":"tag-europe","13":"tag-fr","14":"tag-france","15":"tag-news","16":"tag-republique-francaise","17":"tag-saint-etienne"},"share_on_mastodon":{"url":"https:\/\/pubeurope.com\/@fr\/115100673910348328","error":""},"_links":{"self":[{"href":"https:\/\/www.europesays.com\/fr\/wp-json\/wp\/v2\/posts\/347533","targetHints":{"allow":["GET"]}}],"collection":[{"href":"https:\/\/www.europesays.com\/fr\/wp-json\/wp\/v2\/posts"}],"about":[{"href":"https:\/\/www.europesays.com\/fr\/wp-json\/wp\/v2\/types\/post"}],"author":[{"embeddable":true,"href":"https:\/\/www.europesays.com\/fr\/wp-json\/wp\/v2\/users\/2"}],"replies":[{"embeddable":true,"href":"https:\/\/www.europesays.com\/fr\/wp-json\/wp\/v2\/comments?post=347533"}],"version-history":[{"count":0,"href":"https:\/\/www.europesays.com\/fr\/wp-json\/wp\/v2\/posts\/347533\/revisions"}],"wp:featuredmedia":[{"embeddable":true,"href":"https:\/\/www.europesays.com\/fr\/wp-json\/wp\/v2\/media\/347534"}],"wp:attachment":[{"href":"https:\/\/www.europesays.com\/fr\/wp-json\/wp\/v2\/media?parent=347533"}],"wp:term":[{"taxonomy":"category","embeddable":true,"href":"https:\/\/www.europesays.com\/fr\/wp-json\/wp\/v2\/categories?post=347533"},{"taxonomy":"post_tag","embeddable":true,"href":"https:\/\/www.europesays.com\/fr\/wp-json\/wp\/v2\/tags?post=347533"}],"curies":[{"name":"wp","href":"https:\/\/api.w.org\/{rel}","templated":true}]}}