{"id":347541,"date":"2025-08-27T12:17:10","date_gmt":"2025-08-27T12:17:10","guid":{"rendered":"https:\/\/www.europesays.com\/fr\/347541\/"},"modified":"2025-08-27T12:17:10","modified_gmt":"2025-08-27T12:17:10","slug":"disparition-inquietante-de-clara-elle-avait-dit-a-son-pere-quelle-allait-au-cinema-ladolescente-de-15-ans-na-pas-ete-vue-depuis-le-9-aout","status":"publish","type":"post","link":"https:\/\/www.europesays.com\/fr\/347541\/","title":{"rendered":"Disparition inqui\u00e9tante de Clara\u00a0: elle avait dit \u00e0 son p\u00e8re qu\u2019elle allait au cin\u00e9ma, l\u2019adolescente de 15 ans n\u2019a pas \u00e9t\u00e9 vue depuis le 9\u00a0ao\u00fbt"},"content":{"rendered":"<p>\n                                                                Depuis le 9\u00a0ao\u00fbt, Clara, une adolescente de 15 ans originaire du Val-de-Marne, est port\u00e9e disparue. Elle a pris un train \u00e0 la gare de Lyon sans autorisation pour rejoindre Toulon. \u00c0 l\u2019arriv\u00e9e, elle a \u00e9t\u00e9 prise en charge par les services de l\u2019aide sociale \u00e0 l\u2019enfance, mais a disparu \u00e0 nouveau dans la nuit suivante. Un appel \u00e0 t\u00e9moins a \u00e9t\u00e9 lanc\u00e9.\n                            <\/p>\n<p>Clara, 15 ans, a quitt\u00e9 le domicile de son p\u00e8re en r\u00e9gion parisienne dans la soir\u00e9e du 9\u00a0ao\u00fbt. Elle dit \u00e0 son entourage qu\u2019elle va au cin\u00e9ma, re\u00e7oit 20\u00a0euros et dispara\u00eet, embarquant pour Toulon depuis la Gare de Lyon, selon <a href=\"https:\/\/www.varmatin.com\/faits-divers\/disparition-d-une-ado-mineure-d-un-foyer-a-toulon-aucune-contrainte-n-est-possible-pour-les-obliger-a-rester-se-defend-le-departement-999392\" target=\"_blank\" rel=\"nofollow noopener\">Var-Matin<\/a>. \u00c0 son arriv\u00e9e, vers 23\u00a0h\u00a030, elle est identifi\u00e9e par les services d\u2019aide sociale \u00e0 l\u2019enfance\u00a0et plac\u00e9e dans un foyer. Mais d\u00e8s la nuit du 9 au 10\u00a0ao\u00fbt, elle fugue \u00e0 nouveau, cette fois du centre d\u2019accueil de La Valette ouest-de-Toulon, indique <a href=\"https:\/\/www.nicematin.com\/faits-divers\/disparition-d-une-adolescente-de-15-ans-a-toulon-clara-15-ans-est-partie-de-paris-depuis-le-9-aout-999210\" target=\"_blank\" rel=\"nofollow noopener\">Nice-matin<\/a>.<\/p>\n<p>Une fugue \u00ab\u00a0incompr\u00e9hensible\u00a0\u00bb<\/p>\n<p>Le t\u00e9moignage des proches est empreint de d\u00e9tresse\u00a0: sa m\u00e8re explique avoir multipli\u00e9 les appels aupr\u00e8s des autorit\u00e9s locales sans obtenir d\u2019assistance rapide, jusqu\u2019\u00e0 ce qu\u2019un appel \u00e0 t\u00e9moins soit finalement diffus\u00e9. L\u2019ARPD, l\u2019association charg\u00e9e des recherches de personnes disparues, a mobilis\u00e9 ses tout moyens pour venir en aide \u00e0 la famille, rapportent nos confr\u00e8res.<\/p>\n<blockquote data-class=\"twitter-tweet\">\n<p lang=\"fr\" dir=\"ltr\">[AVIS DE RECHERCHE] \u2013 Dossier ARPD<br \/>Clara LOUBEYRE, 15 ans, disparue \u00e0 Toulon (83) le 09 ao\u00fbt 2025<br \/>A pris un train de la gare de Paris Gare de Lyon en direction de Toulon. Dans la nuit de samedi soir, la police de Toulon a retrouv\u00e9 Clara et l\u2019a plac\u00e9e dans une structure de mise\u2b07\ufe0f <a href=\"https:\/\/t.co\/fvo8DIPBgU\" rel=\"nofollow\">pic.twitter.com\/fvo8DIPBgU<\/a><\/p>\n<p>\u2014 arpd.fr (@arpd_fr) <a href=\"https:\/\/twitter.com\/arpd_fr\/status\/1957726627166601599?ref_src=twsrc%5Etfw\" rel=\"nofollow noopener\" target=\"_blank\">August 19, 2025<\/a><\/p><\/blockquote>\n<p>Description physique<\/p>\n<p>Clara mesure environ 1,60\u00a0m pour 40\u00a0kg. Elle a les cheveux bruns mi-longs, les yeux marron, un piercing en forme de coccinelle au nez, des faux cils et un appareil dentaire. Le jour de sa disparition, elle portait un pantalon rose, un t-shirt bleu, une veste en jean et des chaussures roses de type crocs.<\/p>\n<p>La famille, l\u2019ARPD et les autorit\u00e9s locales invitent toute personne disposant d\u2019informations \u00e0 contacter l\u2019association au <strong>06\u00a015\u00a025\u00a016\u00a014 <\/strong>ou par mail \u00e0 <strong>region-sud@arpd.fr<\/strong><\/p>\n<p>                                                                                                                                                                                                        <script async src=\"https:\/\/platform.twitter.com\/widgets.js\" charset=\"utf-8\"><\/script><\/p>\n","protected":false},"excerpt":{"rendered":"Depuis le 9\u00a0ao\u00fbt, Clara, une adolescente de 15 ans originaire du Val-de-Marne, est port\u00e9e disparue. Elle a pris&hellip;\n","protected":false},"author":2,"featured_media":347542,"comment_status":"","ping_status":"","sticky":false,"template":"","format":"standard","meta":{"footnotes":""},"categories":[9619],"tags":[1111,11,1777,674,1011,27,12,882,25,2310],"class_list":{"0":"post-347541","1":"post","2":"type-post","3":"status-publish","4":"format-standard","5":"has-post-thumbnail","7":"category-toulon","8":"tag-actu","9":"tag-actualites","10":"tag-eu","11":"tag-europe","12":"tag-fr","13":"tag-france","14":"tag-news","15":"tag-provence-alpes-cote-dazur","16":"tag-republique-francaise","17":"tag-toulon"},"share_on_mastodon":{"url":"https:\/\/pubeurope.com\/@fr\/115100689640602578","error":""},"_links":{"self":[{"href":"https:\/\/www.europesays.com\/fr\/wp-json\/wp\/v2\/posts\/347541","targetHints":{"allow":["GET"]}}],"collection":[{"href":"https:\/\/www.europesays.com\/fr\/wp-json\/wp\/v2\/posts"}],"about":[{"href":"https:\/\/www.europesays.com\/fr\/wp-json\/wp\/v2\/types\/post"}],"author":[{"embeddable":true,"href":"https:\/\/www.europesays.com\/fr\/wp-json\/wp\/v2\/users\/2"}],"replies":[{"embeddable":true,"href":"https:\/\/www.europesays.com\/fr\/wp-json\/wp\/v2\/comments?post=347541"}],"version-history":[{"count":0,"href":"https:\/\/www.europesays.com\/fr\/wp-json\/wp\/v2\/posts\/347541\/revisions"}],"wp:featuredmedia":[{"embeddable":true,"href":"https:\/\/www.europesays.com\/fr\/wp-json\/wp\/v2\/media\/347542"}],"wp:attachment":[{"href":"https:\/\/www.europesays.com\/fr\/wp-json\/wp\/v2\/media?parent=347541"}],"wp:term":[{"taxonomy":"category","embeddable":true,"href":"https:\/\/www.europesays.com\/fr\/wp-json\/wp\/v2\/categories?post=347541"},{"taxonomy":"post_tag","embeddable":true,"href":"https:\/\/www.europesays.com\/fr\/wp-json\/wp\/v2\/tags?post=347541"}],"curies":[{"name":"wp","href":"https:\/\/api.w.org\/{rel}","templated":true}]}}