{"id":347543,"date":"2025-08-27T12:18:13","date_gmt":"2025-08-27T12:18:13","guid":{"rendered":"https:\/\/www.europesays.com\/fr\/347543\/"},"modified":"2025-08-27T12:18:13","modified_gmt":"2025-08-27T12:18:13","slug":"pour-serin-le-rct-na-jamais-su-se-remettre-de-la-defaite-face-au-stade-toulousain","status":"publish","type":"post","link":"https:\/\/www.europesays.com\/fr\/347543\/","title":{"rendered":"pour Serin, le RCT n\u2019a jamais su se remettre de la d\u00e9faite face au Stade Toulousain"},"content":{"rendered":"<p>Un moment de bascule pour le Rugby Club Toulonnais. En pleine progression ces derni\u00e8res saisons, les Varois ont retrouv\u00e9 les phases finales en 2024, s\u2019inclinant en barrages face au Stade Rochelais. Quelques mois plus tard, les co\u00e9quipiers de Charles Ollivon \u00e9taient l\u2019une des \u00e9quipes en forme au moment d\u2019attaquer les phases finales de Champions Cup. Apr\u00e8s une victoire convaincante face aux Saracens en huiti\u00e8me de finale, les hommes de Pierre Mignoni voyaient le Stade Toulousain d\u00e9barquer \u00e0 Mayol pour une place dans le dernier carr\u00e9.<\/p>\n<p>\u00ab\u00a0On n\u2019a jamais su passer au-del\u00e0\u00a0\u00bb<\/p>\n<p>Au terme d\u2019un match \u00e2pre et d\u2019une rare intensit\u00e9, les Toulonnais ont craqu\u00e9 dans les derniers instants, sur une p\u00e9nalit\u00e9 \u00e0 la sir\u00e8ne de Thomas Ramos. Pour Baptiste Serin, le RCT n\u2019a jamais su s\u2019en remettre sur cette fin de saison, comme il l\u2019a confi\u00e9 \u00e0 <a href=\"https:\/\/www.lamarseillaise.fr\/sports\/entretien-baptiste-serin-gagner-un-titre-avec-toulon-est-le-dernier-objectif-de-ma-carriere-MH18680480\" rel=\"nofollow noopener\" target=\"_blank\">La Marseillaise\u00a0<\/a>: \u00ab On n\u2019a jamais su passer au-del\u00e0 de cette d\u00e9faite-l\u00e0 \u00bb. Toulon avait ensuite fini la saison par une demi-finale de Top 14 largement perdue face \u00e0 l\u2019UBB.<\/p>\n<p>Partagez cette info avec vos amis et vos proches en cliquant ici<br \/>Pour r\u00e9sumer<\/p>\n<p>Baptiste Serin s\u2019est confi\u00e9 pour La Marseillaise sur la saison du Rugby Club Toulonnais. Le demi de m\u00eal\u00e9e estime que les Varois n\u2019ont pas su dig\u00e9rer le revers face au Stade Toulousain en quart de finale de Champions Cup.<\/p>\n<p> <img decoding=\"async\" width=\"76\" height=\"76\" loading=\"lazy\" src=\"https:\/\/www.europesays.com\/fr\/wp-content\/uploads\/2025\/04\/avatar-quinze.png\" alt=\"Arnaud D\u00e9chelotte\"\/><\/p>\n","protected":false},"excerpt":{"rendered":"Un moment de bascule pour le Rugby Club Toulonnais. En pleine progression ces derni\u00e8res saisons, les Varois ont&hellip;\n","protected":false},"author":2,"featured_media":347544,"comment_status":"","ping_status":"","sticky":false,"template":"","format":"standard","meta":{"footnotes":""},"categories":[9619],"tags":[1111,11,1777,674,1011,27,12,882,25,2310],"class_list":{"0":"post-347543","1":"post","2":"type-post","3":"status-publish","4":"format-standard","5":"has-post-thumbnail","7":"category-toulon","8":"tag-actu","9":"tag-actualites","10":"tag-eu","11":"tag-europe","12":"tag-fr","13":"tag-france","14":"tag-news","15":"tag-provence-alpes-cote-dazur","16":"tag-republique-francaise","17":"tag-toulon"},"share_on_mastodon":{"url":"https:\/\/pubeurope.com\/@fr\/115100693737843622","error":""},"_links":{"self":[{"href":"https:\/\/www.europesays.com\/fr\/wp-json\/wp\/v2\/posts\/347543","targetHints":{"allow":["GET"]}}],"collection":[{"href":"https:\/\/www.europesays.com\/fr\/wp-json\/wp\/v2\/posts"}],"about":[{"href":"https:\/\/www.europesays.com\/fr\/wp-json\/wp\/v2\/types\/post"}],"author":[{"embeddable":true,"href":"https:\/\/www.europesays.com\/fr\/wp-json\/wp\/v2\/users\/2"}],"replies":[{"embeddable":true,"href":"https:\/\/www.europesays.com\/fr\/wp-json\/wp\/v2\/comments?post=347543"}],"version-history":[{"count":0,"href":"https:\/\/www.europesays.com\/fr\/wp-json\/wp\/v2\/posts\/347543\/revisions"}],"wp:featuredmedia":[{"embeddable":true,"href":"https:\/\/www.europesays.com\/fr\/wp-json\/wp\/v2\/media\/347544"}],"wp:attachment":[{"href":"https:\/\/www.europesays.com\/fr\/wp-json\/wp\/v2\/media?parent=347543"}],"wp:term":[{"taxonomy":"category","embeddable":true,"href":"https:\/\/www.europesays.com\/fr\/wp-json\/wp\/v2\/categories?post=347543"},{"taxonomy":"post_tag","embeddable":true,"href":"https:\/\/www.europesays.com\/fr\/wp-json\/wp\/v2\/tags?post=347543"}],"curies":[{"name":"wp","href":"https:\/\/api.w.org\/{rel}","templated":true}]}}