{"id":347545,"date":"2025-08-27T12:19:17","date_gmt":"2025-08-27T12:19:17","guid":{"rendered":"https:\/\/www.europesays.com\/fr\/347545\/"},"modified":"2025-08-27T12:19:17","modified_gmt":"2025-08-27T12:19:17","slug":"lherault-en-vigilance-orange-aux-orages-pluie-grele-et-inondation-mercredi-et-jeudi","status":"publish","type":"post","link":"https:\/\/www.europesays.com\/fr\/347545\/","title":{"rendered":"l&rsquo;H\u00e9rault en vigilance orange aux orages, pluie, gr\u00eale et inondation, mercredi et jeudi"},"content":{"rendered":"<p>            Par<br \/>\n        <strong><br \/>\n            <a href=\"https:\/\/actu.fr\/auteur\/metropoop\" title=\"Consulter tous les articles de R\u00e9daction M\u00e9tropolitain\" target=\"_blank\" rel=\"noopener\">R\u00e9daction M\u00e9tropolitain<\/a><br \/>\n        <\/strong><\/p>\n<p>        Publi\u00e9 le<\/p>\n<p>            27 ao\u00fbt 2025 \u00e0 9h19<br \/>\n        ; mis \u00e0 jour le 27 ao\u00fbt 2025 \u00e0 9h27    <\/p>\n<p>Attention, le temps se g\u00e2te : <strong>M\u00e9t\u00e9o France<\/strong> a \u00e9mise ce mercredi 27 ao\u00fbt 2025 un bulletin de <strong>vigilance orange<\/strong> aux orages, pluie et inondation concernant tous les d\u00e9partements d\u2019Occitanie, dont l\u2019<strong>H\u00e9rault<\/strong>, \u00e0 l\u2019exception des Pyr\u00e9n\u00e9es-Orientales, en jaune.<\/p>\n<p class=\" wall-content\">Un axe pluvio-orageux s\u2019intensifiera dans la soir\u00e9e de ce mercredi, le caract\u00e8re pr\u00e9cipitant et gr\u00ealig\u00e8ne sera marqu\u00e9 et impactera d\u00e8s 20h, le Languedoc. Un \u00e9pisode pluvio-orageux actif n\u00e9cessitant une vigilance particuli\u00e8re en raison des tr\u00e8s fortes intensit\u00e9s pluvieuses attendues, et pour le sud-ouest du risque de gr\u00eale significatif.<\/p>\n<p>    <img   decoding=\"async\" loading=\"lazy\" src=\"https:\/\/www.europesays.com\/fr\/wp-content\/uploads\/2025\/08\/gzvjwaxxyaaqw4a-960x536.jpeg\" alt=\"L'H\u00e9rault en orange aux orages, pluie, gr\u00eale et inondation pendant deux jours \" width=\"960\" height=\"536\"\/><br \/>\n    L\u2019H\u00e9rault en orange aux orages, pluie, gr\u00eale et inondation pendant deux jours (\u00a9M\u00e9t\u00e9o France)<\/p>\n<p class=\" wall-content\">\u00c9volution pr\u00e9vue : c\u2019est le caract\u00e8re fortement pluvieux de ces orages qui est \u00e0 surveiller.<br \/>Sous ces orages on attend\u00a0de forts cumuls de pluie en peu de temps de l\u2019ordre de 20 \u00e0 40 mm en 1h voire 50 mm. On pourra atteindre localement 50 \u00e0 80 mm sur l\u2019\u00e9pisode, de la grosse gr\u00eale est localement attendue dans le sud-ouest, avec\u00a0des rafales de vent de 70 \u00e0 80 km\/h, tr\u00e8s localement 90-100 km\/h.<\/p>\n<p class=\" wall-content\">Le mal!vais temps va se poursuivre, puisque M\u00e9t\u00e9o France a \u00e9galement plac\u00e9 l\u2019H\u00e9rault en vigilance orange aux orages, pluie et inondation ce jeudi 28 ao\u00fbt 2025.<\/p>\n<p>Vid\u00e9os : en ce moment sur Actu<\/p>\n<p class=\" wall-content\">Prudence donc si vous \u00eates amen\u00e9 \u00e0 faire des d\u00e9placements ces deux jours, s\u2019ils n\u2019ont pas un caract\u00e8re d\u2019urgence, les autorit\u00e9s conseillent de les annuler. Par ailleurs, <strong>des vagues pouvant atteindre 2m<\/strong> sont annonc\u00e9es sur le littoral h\u00e9raultais et gardons, \u00e9vitez de vous baigner.<\/p>\n<p class=\" wall-content\">Personnalisez votre actualit\u00e9 en ajoutant vos villes et m\u00e9dias en favori avec <a href=\"https:\/\/moncompte.actu.fr\" title=\"D\u00e9couvez Mon Actu\" rel=\"nofollow noopener\" data-trk=\"{&quot;cta&quot;:{&quot;action&quot;:&quot;https:\\\/\\\/moncompte.actu.fr&quot;,&quot;category&quot;:&quot;mon compte&quot;,&quot;from&quot;:&quot;article footer&quot;,&quot;name&quot;:&quot;Mon actu&quot;,&quot;type&quot;:&quot;cta&quot;}}\" target=\"_blank\">Mon Actu<\/a>.<\/p>\n","protected":false},"excerpt":{"rendered":"Par R\u00e9daction M\u00e9tropolitain Publi\u00e9 le 27 ao\u00fbt 2025 \u00e0 9h19 ; mis \u00e0 jour le 27 ao\u00fbt 2025&hellip;\n","protected":false},"author":2,"featured_media":347546,"comment_status":"","ping_status":"","sticky":false,"template":"","format":"standard","meta":{"footnotes":""},"categories":[9599],"tags":[1111,11,1777,674,1011,27,2487,2208,12,2680,4594,4459,25],"class_list":{"0":"post-347545","1":"post","2":"type-post","3":"status-publish","4":"format-standard","5":"has-post-thumbnail","7":"category-montpellier","8":"tag-actu","9":"tag-actualites","10":"tag-eu","11":"tag-europe","12":"tag-fr","13":"tag-france","14":"tag-meteo","15":"tag-montpellier","16":"tag-news","17":"tag-occitanie","18":"tag-orages","19":"tag-pluie","20":"tag-republique-francaise"},"share_on_mastodon":{"url":"https:\/\/pubeurope.com\/@fr\/115100697541966239","error":""},"_links":{"self":[{"href":"https:\/\/www.europesays.com\/fr\/wp-json\/wp\/v2\/posts\/347545","targetHints":{"allow":["GET"]}}],"collection":[{"href":"https:\/\/www.europesays.com\/fr\/wp-json\/wp\/v2\/posts"}],"about":[{"href":"https:\/\/www.europesays.com\/fr\/wp-json\/wp\/v2\/types\/post"}],"author":[{"embeddable":true,"href":"https:\/\/www.europesays.com\/fr\/wp-json\/wp\/v2\/users\/2"}],"replies":[{"embeddable":true,"href":"https:\/\/www.europesays.com\/fr\/wp-json\/wp\/v2\/comments?post=347545"}],"version-history":[{"count":0,"href":"https:\/\/www.europesays.com\/fr\/wp-json\/wp\/v2\/posts\/347545\/revisions"}],"wp:featuredmedia":[{"embeddable":true,"href":"https:\/\/www.europesays.com\/fr\/wp-json\/wp\/v2\/media\/347546"}],"wp:attachment":[{"href":"https:\/\/www.europesays.com\/fr\/wp-json\/wp\/v2\/media?parent=347545"}],"wp:term":[{"taxonomy":"category","embeddable":true,"href":"https:\/\/www.europesays.com\/fr\/wp-json\/wp\/v2\/categories?post=347545"},{"taxonomy":"post_tag","embeddable":true,"href":"https:\/\/www.europesays.com\/fr\/wp-json\/wp\/v2\/tags?post=347545"}],"curies":[{"name":"wp","href":"https:\/\/api.w.org\/{rel}","templated":true}]}}