{"id":347547,"date":"2025-08-27T12:20:12","date_gmt":"2025-08-27T12:20:12","guid":{"rendered":"https:\/\/www.europesays.com\/fr\/347547\/"},"modified":"2025-08-27T12:20:12","modified_gmt":"2025-08-27T12:20:12","slug":"commemorations-montpellier-fut-une-ville-martyre-mais-aussi-une-ville-de-courage","status":"publish","type":"post","link":"https:\/\/www.europesays.com\/fr\/347547\/","title":{"rendered":"Comm\u00e9morations. \u00ab\u00a0Montpellier fut une ville martyre, mais aussi une ville de courage\u00a0\u00bb"},"content":{"rendered":"<p>            Par<br \/>\n        <strong><br \/>\n            <a href=\"https:\/\/actu.fr\/auteur\/c-nithard\" title=\"Consulter tous les articles de C\u00e9dric Nithard\" rel=\"nofollow noopener\" target=\"_blank\">C\u00e9dric Nithard<\/a><br \/>\n        <\/strong><\/p>\n<p>        Publi\u00e9 le<\/p>\n<p>            27 ao\u00fbt 2025 \u00e0 12h25        <\/p>\n<p>Ce mardi 26 ao\u00fbt 2025, <strong>trois c\u00e9r\u00e9monies<\/strong> \u00e9taient organis\u00e9es pour c\u00e9l\u00e9brer <strong>le 81e anniversaire de la lib\u00e9ration de Montpellier<\/strong>. Des comm\u00e9morations importantes pour <strong>la m\u00e9moire de la Ville<\/strong> tenues en pr\u00e9sence de <strong>la ministre d\u00e9l\u00e9gu\u00e9e<\/strong> charg\u00e9e de la M\u00e9moire et des Anciens Combattants de France,\u00a0<strong>Patricia Mirall\u00e8s<\/strong>. Dans sa ville natale et \u00e0 cette occasion, cette derni\u00e8re a adress\u00e9 un message chaleureux au maire Micha\u00ebl Delafosse et appuy\u00e9 sa confiance en la jeunesse.<\/p>\n<p>Trois lieux charg\u00e9s d\u2019histoire<\/p>\n<p class=\" wall-content\">Chaque 26 mai, ces c\u00e9r\u00e9monies restent importantes pour la m\u00e9moire collective de la ville, mais aussi pour les personnes qu\u2019elles soient t\u00e9moins et acteurs de l\u2019histoire ou leur descendants, comme l\u2019a soulign\u00e9 Micha\u00ebl Delafosse. \u00ab\u00a0Ce n\u2019\u00e9tait certes pas la premi\u00e8re ville occup\u00e9e, mais une fois que la zone libre ne le fut plus ce fut un moment tragique de l\u2019occupation fait de privations, de d\u00e9nonciations et de l\u00e2chet\u00e9s mais aussi, \u00e0 l\u2019image de beaucoup de figures de notre pays, un haut lieu de la R\u00e9sistance\u00a0\u00bb souligna le maire. Une histoire et des histoires mises en lumi\u00e8re en 2024 lors <a href=\"https:\/\/actu.fr\/occitanie\/montpellier_34172\/montpellier-un-80e-anniversaire-de-la-liberation-memoriel-populaire-et-festif_61386153.html\" rel=\"nofollow noopener\" target=\"_blank\">des comm\u00e9morations du 80e anniversaire de la lib\u00e9ration de Montpellier<\/a>. Les c\u00e9l\u00e9brations de cette ann\u00e9e avaient moins d\u2019ampleur certes mais la symbolique reste la m\u00eame.<\/p>\n<p class=\" wall-content\">Des c\u00e9r\u00e9monies comme traditionnellement en trois temps pour rendre hommage aux combattants de la R\u00e9sistance devant la st\u00e8le situ\u00e9e \u00e0 l\u2019angle de l\u2019avenue de Lod\u00e8ve et du boulevard Benjamin-Milhaud, puis aux victimes de la Gestapo devant la st\u00e8le au 9 avenue de Castelnau, non loin de la Villa des Rosiers qui fut r\u00e9quisitionn\u00e9e pour \u00eatre le si\u00e8ge \u00e0 la police politique nazie, et enfin, \u00e0 quelques m\u00e8tres de l\u00e0, aux victimes de la milice, elle compos\u00e9e de Fran\u00e7ais, au sein de la cit\u00e9 scolaire Fran\u00e7ois-Combes, dont l\u2019ex caserne de Lauwe servit de lieu de d\u00e9tention et de torture.<\/p>\n<p class=\" wall-content\">William Garrivier, pr\u00e9sident d\u00e9partemental de l\u2019Unadif (Union nationale de d\u00e9port\u00e9s et intern\u00e9s de la R\u00e9sistance et familles de disparus), \u00e9voqua avec gravit\u00e9 certains tristes \u00e9v\u00e9nements et malheureux protagonistes de ces deux lieux. \u00ab\u00a0Combien sont morts sous la torture ? Nul ne le sait. Selon les sources, on \u00e9value entre 94 et 253 personnes, l\u2019\u00e9ventail est tr\u00e8s large. Dans leur fuite, les miliciens ont br\u00fbl\u00e9 documents et archives, seule cette plaque nous livre cinq noms : Enrique et Elise Pinol, Germaine Bousquet, Jean Guizonnier et Raoul Batany. Ils sont morts dans d\u2019atroces souffrances, sans parler, sans compromettre leurs camarades\u00a0\u00bb. Des histoires qui forcent l\u2019admiration pour lesquelles il appelle : \u00ab\u00a0Comment ne pas comprendre que nous sommes libres gr\u00e2ce \u00e0 la souffrance endur\u00e9e, gr\u00e2ce \u00e0 leur sacrifice. Comment ne pas comprendre qu\u2019il est de notre mission de diffuser largement ce sens des valeurs de la R\u00e9sistance qui \u00e0 travers son conseil national a su faire travailler dans un m\u00eame objectif des hommes venus d\u2019horizons diff\u00e9rents\u00a0\u00bb.<\/p>\n<p>L\u2019importance de la jeunesse<\/p>\n<p class=\" wall-content\">\u00c0 son tour, Patricia Mirall\u00e8s mit en avant : \u00ab\u00a0Montpellier fut une ville martyre, mais aussi une ville de courage. Ici les Justes se multipli\u00e8rent. De simples Montpelli\u00e9rains d\u00e9cid\u00e8rent de tendre la main, de cacher, de prot\u00e9ger, de r\u00e9sister. Ils n\u2019\u00e9taient pas h\u00e9ros par pr\u00e9destination, ils \u00e9taient comme chacun de nous, des hommes et des femmes ordinaires \u00e0 qui l\u2019Histoire offrit l\u2019occasion de r\u00e9v\u00e9ler la meilleure part d\u2019eux-m\u00eames quand l\u2019\u00e9preuve surgit\u00a0\u00bb. La ministre d\u00e9l\u00e9gu\u00e9e mentionna \u00e9galement la jeunesse avec des lyc\u00e9ens de Joffre et Cl\u00e9menceau qui prirent le maquis et dont 17 furent \u00ab\u00a0sacrifi\u00e9s par la barbarie. Ces jeunes r\u00eavaient de cin\u00e9ma, de bals\u2026 et l\u2019Histoire les convoqua \u00e0 une autre destin\u00e9e\u00a0\u00bb. \u00c9grainant les noms et actions de Justes et R\u00e9sistants, \u00ab\u00a0\u00e0 chacun d\u2019entre eux nous devons reconnaissance et fid\u00e9lit\u00e9 car \u00e0 Montpellier comme ailleurs, la lib\u00e9ration ne fut pas seulement une victoire militaire. Elle fut victoire de la conscience humaine, de la solidarit\u00e9 contre la terreur, du courage contra la l\u00e2chet\u00e9\u00a0\u00bb.<\/p>\n<p>Vid\u00e9os : en ce moment sur Actu<\/p>\n<p class=\" wall-content\">Tr\u00e8s attach\u00e9e \u00e0 la transmission, Patricia Mirall\u00e8s observe : \u00ab\u00a0Au moment o\u00f9 les t\u00e9moins de ces \u00e9v\u00e9nements s\u2019\u00e9teignent peu \u00e0 peu, il nous revient de prendre le relai, de raconter, d\u2019expliquer, de transmettre, de dire aux jeunes que leur libert\u00e9 est n\u00e9 ici dans les ge\u00f4les, les maquis, les rues de leur ville et leur dire aussi que la m\u00e9moire est une boussole qui \u00e9claire le pr\u00e9sent et arme contre les mensonges, les falsifications, les renoncements et les fake news\u00a0\u00bb. Plus tard, elle compl\u00e8tera ce message : \u00ab\u00a0J\u2019ai confiance en la jeunesse. Mais nous ne sommes pas au moment de la premi\u00e8re ou de la deuxi\u00e8me guerre mondiale, nous avons une jeunesse qui voit les choses diff\u00e9remment. Avec le conflit entre Isra\u00ebl et la Palestine ou celui entre la Russie et l\u2019Ukraine, ils ont des images r\u00e9elles de la guerre et ils en connaissent les cons\u00e9quences et le prix \u00e0 payer\u00a0\u00bb.<\/p>\n<p>Votre r\u00e9gion, votre actu !<\/p>\n<p>Recevez chaque jour les infos qui comptent pour vous.<\/p>\n<p>\t<a href=\"https:\/\/actu.fr\/newsletter\" class=\"ac-btn ac-btn--corner ac-btn--medium ac-btn--blue800\" rel=\"nofollow noopener\" target=\"_blank\">S&rsquo;incrire<\/a><\/p>\n<p class=\" wall-content\">C\u2019est pourquoi la ministre d\u00e9l\u00e9gu\u00e9e r\u00e9p\u00e8te sa volont\u00e9 : \u00ab\u00a0Nous devons travailler avec eux sur leur fa\u00e7on d\u2019apprendre. Il y a les podcasts et la r\u00e9alit\u00e9 virtuelle ou encore la BD qui est quelque chose d\u2019extraordinaire pour eux. Ce sont des choses qui leur parlent, donc allons avec eux dans cette direction pour leur donner envie ensuite d\u2019aller dans des Archives, de regarder le nom de la rue o\u00f9 ils habitent ou du lyc\u00e9e o\u00f9 ils \u00e9tudient. Il faut les int\u00e9resser surtout que d\u00e8s que l\u2019on arrive \u00e0 les capter, ils r\u00e9pondent pr\u00e9sent\u00a0\u00bb. Une jeunesse dans lequel elle place par ailleurs autant de confiance que d\u2019ambition : \u00ab\u00a0On doit pour eux, parce que les temps sont difficiles, qu\u2019ils apprennent un pass\u00e9 douloureux mais c\u2019est \u00e0 eux de construire, au pr\u00e9sent, leur avenir. Et je continuerai \u00e0 croire en eux contrairement \u00e0 certains qui critiquent la jeunesse. Nous avons une belle jeunesse\u00a0\u00bb.<\/p>\n<p>Un message \u00e0 Micha\u00ebl Delafosse<\/p>\n<p class=\" wall-content\">\u00c9tant \u00e9galement conseill\u00e8re municipale d\u2019opposition de Montpellier, Patricia Mirall\u00e8s n\u2019est pas sur la m\u00eame longueur d\u2019onde politique que le maire et sa majorit\u00e9. Cela ne l\u2019a pas emp\u00each\u00e9 de faire la part des choses et de lui adresser, dans le cadre de ses fonctions minist\u00e9rielles, un message chaleureux : \u00ab\u00a0La libert\u00e9 a un prix et aujourd\u2019hui certains souhaiteraient la voir basculer. Monsieur le maire, entre vous et moi, sur la m\u00e9moire et sur l\u2019histoire il n\u2019y a pas l\u2019\u00e9paisseur d\u2019une feuille de papier. Je sais l\u2019enseignant que vous \u00eates et ce que vous faites pour la jeunesse, il faut s\u2019unir parce que la jeunesse c\u2019est l\u2019avenir\u00a0\u00bb.<\/p>\n<p class=\" wall-content\">Enfin, ayant particip\u00e9 aux trois temps de ces comm\u00e9morations avec la satisfaction d\u2019avoir oeuvr\u00e9 pour la m\u00e9moire de sa ville natale, Patricia Mirall\u00e8s lui jette un regard bienveillant :\u00a0 \u00ab\u00a0Montpellier fut en 1944, une ville fid\u00e8le \u00e0 son histoire et \u00e0 ses valeurs, fid\u00e8le \u00e0 la tol\u00e9rance, \u00e0 l\u2019humanisme, \u00e0 la fraternit\u00e9 qui font depuis des si\u00e8cles son humanit\u00e9. Fid\u00e8le aux id\u00e9aux des R\u00e9sistants, des Justes et des martyrs. Fid\u00e8le \u00e0 la R\u00e9publique. Je suis fi\u00e8re d\u2019\u00eatre Montpelli\u00e9raine, elle doit rester fid\u00e8le \u00e0 ses valeurs\u00a0\u00bb. Et m\u00eame si elles ne r\u00e9unissent que peu de monde, ces c\u00e9r\u00e9monies en font un rappel n\u00e9cessaire.<\/p>\n<p class=\" wall-content\">Personnalisez votre actualit\u00e9 en ajoutant vos villes et m\u00e9dias en favori avec <a href=\"https:\/\/moncompte.actu.fr\" title=\"D\u00e9couvez Mon Actu\" rel=\"nofollow noopener\" data-trk=\"{&quot;cta&quot;:{&quot;action&quot;:&quot;https:\\\/\\\/moncompte.actu.fr&quot;,&quot;category&quot;:&quot;mon compte&quot;,&quot;from&quot;:&quot;article footer&quot;,&quot;name&quot;:&quot;Mon actu&quot;,&quot;type&quot;:&quot;cta&quot;}}\" target=\"_blank\">Mon Actu<\/a>.<\/p>\n","protected":false},"excerpt":{"rendered":"Par C\u00e9dric Nithard Publi\u00e9 le 27 ao\u00fbt 2025 \u00e0 12h25 Ce mardi 26 ao\u00fbt 2025, trois c\u00e9r\u00e9monies \u00e9taient&hellip;\n","protected":false},"author":2,"featured_media":347548,"comment_status":"","ping_status":"","sticky":false,"template":"","format":"standard","meta":{"footnotes":""},"categories":[9599],"tags":[1111,11,1777,674,1011,27,2208,12,2680,25,104],"class_list":{"0":"post-347547","1":"post","2":"type-post","3":"status-publish","4":"format-standard","5":"has-post-thumbnail","7":"category-montpellier","8":"tag-actu","9":"tag-actualites","10":"tag-eu","11":"tag-europe","12":"tag-fr","13":"tag-france","14":"tag-montpellier","15":"tag-news","16":"tag-occitanie","17":"tag-republique-francaise","18":"tag-societe"},"share_on_mastodon":{"url":"https:\/\/pubeurope.com\/@fr\/115100701345044133","error":""},"_links":{"self":[{"href":"https:\/\/www.europesays.com\/fr\/wp-json\/wp\/v2\/posts\/347547","targetHints":{"allow":["GET"]}}],"collection":[{"href":"https:\/\/www.europesays.com\/fr\/wp-json\/wp\/v2\/posts"}],"about":[{"href":"https:\/\/www.europesays.com\/fr\/wp-json\/wp\/v2\/types\/post"}],"author":[{"embeddable":true,"href":"https:\/\/www.europesays.com\/fr\/wp-json\/wp\/v2\/users\/2"}],"replies":[{"embeddable":true,"href":"https:\/\/www.europesays.com\/fr\/wp-json\/wp\/v2\/comments?post=347547"}],"version-history":[{"count":0,"href":"https:\/\/www.europesays.com\/fr\/wp-json\/wp\/v2\/posts\/347547\/revisions"}],"wp:featuredmedia":[{"embeddable":true,"href":"https:\/\/www.europesays.com\/fr\/wp-json\/wp\/v2\/media\/347548"}],"wp:attachment":[{"href":"https:\/\/www.europesays.com\/fr\/wp-json\/wp\/v2\/media?parent=347547"}],"wp:term":[{"taxonomy":"category","embeddable":true,"href":"https:\/\/www.europesays.com\/fr\/wp-json\/wp\/v2\/categories?post=347547"},{"taxonomy":"post_tag","embeddable":true,"href":"https:\/\/www.europesays.com\/fr\/wp-json\/wp\/v2\/tags?post=347547"}],"curies":[{"name":"wp","href":"https:\/\/api.w.org\/{rel}","templated":true}]}}