{"id":347549,"date":"2025-08-27T12:23:10","date_gmt":"2025-08-27T12:23:10","guid":{"rendered":"https:\/\/www.europesays.com\/fr\/347549\/"},"modified":"2025-08-27T12:23:10","modified_gmt":"2025-08-27T12:23:10","slug":"la-fete-de-la-saint-fiacre-est-de-retour-pres-de-rouen","status":"publish","type":"post","link":"https:\/\/www.europesays.com\/fr\/347549\/","title":{"rendered":"la f\u00eate de la Saint-Fiacre est de retour pr\u00e8s de Rouen"},"content":{"rendered":"<p>            Par<br \/>\n        <strong><br \/>\n            <a href=\"https:\/\/actu.fr\/auteur\/laredaction\" title=\"Consulter tous les articles de R\u00e9daction Normandie\" target=\"_blank\" rel=\"noopener\">R\u00e9daction Normandie<\/a><br \/>\n        <\/strong><\/p>\n<p>        Publi\u00e9 le<\/p>\n<p>            27 ao\u00fbt 2025 \u00e0 14h07        <\/p>\n<p>La 22e bourse d\u2019\u00e9change et exposition autos motos, organis\u00e9e par le comit\u00e9 des f\u00eates de Mont-Cauvaire pr\u00e8s de <a href=\"https:\/\/actu.fr\/normandie\/rouen_76540\" target=\"_blank\" rel=\"noopener\">Rouen<\/a>, se tiendra dans le cadre de la <strong>f\u00eate de la Saint-Fiacre<\/strong>, saint patron des jardiniers, au sein de la ferme Raimbourg et de son four \u00e0 pain.<\/p>\n<p class=\" wall-content\">Samedi 30\u00a0ao\u00fbt 2025, entre 8\u2009h et 18\u2009h, <strong>une vingtaine d\u2019exposants<\/strong> participeront \u00e0 la bourse d\u2019\u00e9change pour proposer pi\u00e8ces d\u00e9tach\u00e9es, documentation, miniatures, livres\u2026 Dans le m\u00eame temps, le public pourra admirer <strong>une cinquantaine de v\u00e9hicules de collection<\/strong>\u2009: deux Jaguar MkII des ann\u00e9es 1960, des Alpine anciennes et modernes, un Renault Spider, des Citro\u00ebn 2\u00a0CV et Traction, entre autres belles m\u00e9caniques.<\/p>\n<p>Animations en tout genre pour la Saint-Fiacre<\/p>\n<p class=\" wall-content\">Les manifestations de la f\u00eate de la Saint-Fiacre d\u00e9buteront pour leur part, d\u00e8s le vendredi soir, par un pot d\u2019accueil offert par le comit\u00e9 des f\u00eates (r\u00e9servation n\u00e9cessaire), avec d\u00e9gustation d\u2019un cochon grill\u00e9, et f\u00eate foraine \u00e0 compter de 19\u00a0heures.<\/p>\n<p class=\" wall-content\">Le samedi, outre l\u2019exposition de v\u00e9hicules, le programme se poursuivra avec la fabrication et vente de pains et p\u00e2tisseries au four \u00e0 pain, un march\u00e9 des cr\u00e9ateurs \u00e0 la salle des f\u00eates, des jeux pour enfants, la f\u00eate foraine et un feu d\u2019artifice nocturne sonoris\u00e9 par l\u2019orchestre Les Agit\u00e9s du bocal.<\/p>\n<p>Messe des paysans le dimanche<\/p>\n<p class=\" wall-content\">Le dimanche, \u00e0 11\u00a0heures, la messe des paysans sera c\u00e9l\u00e9br\u00e9e, suivie d\u2019une c\u00e9r\u00e9monie au monument aux morts.\u00a0En plus de la f\u00eate foraine qui continuera, un atelier cirque sera pr\u00e9sent\u00e9, et des bapt\u00eames de l\u2019air en h\u00e9licopt\u00e8re seront propos\u00e9s par Heli \u00c9v\u00e9nement.<\/p>\n<p class=\" wall-content\">Tout au long de cette fin de semaine festive, en esp\u00e9rant une m\u00e9t\u00e9o favorable, buvette et restauration seront accessibles et l\u2019animation sera assur\u00e9e par la pr\u00e9sence de la radio libre Horizon (FM 100.9) qui, via des jeux, offrira des bapt\u00eames de l\u2019air en h\u00e9licopt\u00e8re.<\/p>\n<p>Contacts\u2009: Alain Batt\u00e9 au 06\u200976\u200982\u200946\u200957 ou <a href=\"https:\/\/actu.fr\/cdn-cgi\/l\/email-protection\" class=\"__cf_email__\" data-cfemail=\"7e1f121f1710501c1f0a0a1b3e180c1b1b50180c\" target=\"_blank\" rel=\"noopener\">[email\u00a0protected]<\/a> \/\u00a0www.helievenements.com<\/p>\n<p>Votre r\u00e9gion, votre actu !<\/p>\n<p>Recevez chaque jour les infos qui comptent pour vous.<\/p>\n<p>\t<a href=\"https:\/\/actu.fr\/newsletter\" class=\"ac-btn ac-btn--corner ac-btn--medium ac-btn--blue800\" target=\"_blank\" rel=\"noopener\">S&rsquo;incrire<\/a><br \/>\nSuivez l\u2019actualit\u00e9 de Rouen sur notre <a href=\"https:\/\/www.whatsapp.com\/channel\/0029VaKfnf99hXF2ddApFB1D\" target=\"_blank\" rel=\"noopener\">cha\u00eene WhatsApp<\/a> et sur notre <a href=\"https:\/\/www.tiktok.com\/@76actu.fr?lang=fr\" target=\"_blank\" rel=\"noopener\">compte TikTok<\/a><\/p>\n<p class=\" wall-content\">Personnalisez votre actualit\u00e9 en ajoutant vos villes et m\u00e9dias en favori avec <a href=\"https:\/\/moncompte.actu.fr\" title=\"D\u00e9couvez Mon Actu\" rel=\"nofollow noopener\" data-trk=\"{&quot;cta&quot;:{&quot;action&quot;:&quot;https:\\\/\\\/moncompte.actu.fr&quot;,&quot;category&quot;:&quot;mon compte&quot;,&quot;from&quot;:&quot;article footer&quot;,&quot;name&quot;:&quot;Mon actu&quot;,&quot;type&quot;:&quot;cta&quot;}}\" target=\"_blank\">Mon Actu<\/a>.<\/p>\n<p>                    <script async src=\"\/\/www.tiktok.com\/embed.js\"><\/script><\/p>\n","protected":false},"excerpt":{"rendered":"Par R\u00e9daction Normandie Publi\u00e9 le 27 ao\u00fbt 2025 \u00e0 14h07 La 22e bourse d\u2019\u00e9change et exposition autos motos,&hellip;\n","protected":false},"author":2,"featured_media":347550,"comment_status":"","ping_status":"","sticky":false,"template":"","format":"standard","meta":{"footnotes":""},"categories":[9587],"tags":[1111,11,646,13207,1777,674,1011,27,1652,12,5161,25,9590],"class_list":{"0":"post-347549","1":"post","2":"type-post","3":"status-publish","4":"format-standard","5":"has-post-thumbnail","7":"category-rouen","8":"tag-actu","9":"tag-actualites","10":"tag-automobile","11":"tag-collections","12":"tag-eu","13":"tag-europe","14":"tag-fr","15":"tag-france","16":"tag-loisirs-culture","17":"tag-news","18":"tag-normandie","19":"tag-republique-francaise","20":"tag-rouen"},"share_on_mastodon":{"url":"https:\/\/pubeurope.com\/@fr\/115100713140217767","error":""},"_links":{"self":[{"href":"https:\/\/www.europesays.com\/fr\/wp-json\/wp\/v2\/posts\/347549","targetHints":{"allow":["GET"]}}],"collection":[{"href":"https:\/\/www.europesays.com\/fr\/wp-json\/wp\/v2\/posts"}],"about":[{"href":"https:\/\/www.europesays.com\/fr\/wp-json\/wp\/v2\/types\/post"}],"author":[{"embeddable":true,"href":"https:\/\/www.europesays.com\/fr\/wp-json\/wp\/v2\/users\/2"}],"replies":[{"embeddable":true,"href":"https:\/\/www.europesays.com\/fr\/wp-json\/wp\/v2\/comments?post=347549"}],"version-history":[{"count":0,"href":"https:\/\/www.europesays.com\/fr\/wp-json\/wp\/v2\/posts\/347549\/revisions"}],"wp:featuredmedia":[{"embeddable":true,"href":"https:\/\/www.europesays.com\/fr\/wp-json\/wp\/v2\/media\/347550"}],"wp:attachment":[{"href":"https:\/\/www.europesays.com\/fr\/wp-json\/wp\/v2\/media?parent=347549"}],"wp:term":[{"taxonomy":"category","embeddable":true,"href":"https:\/\/www.europesays.com\/fr\/wp-json\/wp\/v2\/categories?post=347549"},{"taxonomy":"post_tag","embeddable":true,"href":"https:\/\/www.europesays.com\/fr\/wp-json\/wp\/v2\/tags?post=347549"}],"curies":[{"name":"wp","href":"https:\/\/api.w.org\/{rel}","templated":true}]}}