{"id":347551,"date":"2025-08-27T12:25:10","date_gmt":"2025-08-27T12:25:10","guid":{"rendered":"https:\/\/www.europesays.com\/fr\/347551\/"},"modified":"2025-08-27T12:25:10","modified_gmt":"2025-08-27T12:25:10","slug":"grenoble-scandale-a-la-commemoration-de-la-rafle-du-26-aout-1942-le-president-du-crif-indigne","status":"publish","type":"post","link":"https:\/\/www.europesays.com\/fr\/347551\/","title":{"rendered":"Grenoble. Scandale \u00e0 la comm\u00e9moration de la rafle du 26 ao\u00fbt 1942, le pr\u00e9sident du Crif indign\u00e9"},"content":{"rendered":"<p>            Par<br \/>\n        <strong><br \/>\n            <a href=\"https:\/\/actu.fr\/auteur\/emma-ressegaire\" title=\"Consulter tous les articles de Emma Ressegaire\" target=\"_blank\" rel=\"noopener\">Emma Ressegaire<\/a><br \/>\n        <\/strong><\/p>\n<p>        Publi\u00e9 le<\/p>\n<p>            27 ao\u00fbt 2025 \u00e0 13h57        <\/p>\n<p>Gros malaise hier lors de la c\u00e9r\u00e9monie, \u00e0 <a href=\"https:\/\/actu.fr\/grenoble\/\" target=\"_blank\" rel=\"noopener\">Grenoble<\/a>, rendant hommage aux victimes juives de <strong>la rafle Bizanet<\/strong> du 26 ao\u00fbt 1942.<\/p>\n<p class=\" wall-content\">Plusieurs personnes sont <strong>parties subitement<\/strong>, en pleine c\u00e9r\u00e9monie, apr\u00e8s le discours \u00e9nonc\u00e9 par Claus Habfast, conseiller municipal qui repr\u00e9sentait le maire \u00c9ric Piolle.<\/p>\n<p>\u00ab\u00a0Un discours hors-sujet\u00a0\u00bb<\/p>\n<p class=\" wall-content\">Le repr\u00e9sentant de la mairie a \u00e9voqu\u00e9 <strong>la situation actuelle \u00e0 Gaza<\/strong> et d\u00e9nonc\u00e9 la politique men\u00e9e par Benyamin N\u00e9tanyahou. Selon nos confr\u00e8res du <a href=\"https:\/\/c.ledauphine.com\/defense-guerre-conflit\/2025\/08\/26\/isere-grenoble-la-ceremonie-sur-la-rafle-bizanet-tourne-court-pendant-le-discours-d-un-elu\" target=\"_blank\" rel=\"noopener\">Dauphin\u00e9 Lib\u00e9r\u00e9<\/a>, pendant que l\u2019\u00e9lu parlait, le porte-drapeau Alex Cohen a directement r\u00e9agi en d\u00e9clarant \u00ab le discours est hors-sujet \u00bb et que \u00ab ce n\u2019\u00e9tait pas le moment ni le lieu \u00bb.<\/p>\n<p class=\" wall-content\">Face \u00e0 ce discours,<strong> \u00c9ric Hattab<\/strong>, pr\u00e9sident du Crif Grenoble-Dauphin\u00e9 a d\u00e9cid\u00e9 de quitter la c\u00e9r\u00e9monie. En signe de soutien, plusieurs personnes l\u2019ont suivi : Fr\u00e9d\u00e9rique Puissat, s\u00e9natrice de l\u2019Is\u00e8re, Camille Galliard-Minier, d\u00e9put\u00e9e de l\u2019Is\u00e8re, Jo\u00eblle Hours, \u00e9lue d\u00e9partementale, ainsi que d\u2019autres \u00e9lus ou encore responsables associatifs et citoyens.<\/p>\n<p class=\" wall-content\">\n<p>\u00ab\u00a0Un d\u00e9tournement de m\u00e9moire\u00a0\u00bb<\/p>\n<p class=\" wall-content\">Quelques heures plus tard, le Crif Grenoble-Dauphin\u00e9 a publi\u00e9 <a href=\"https:\/\/www.crif.org\/fr\/content\/communique-du-crif-grenoble-dauphine-indignation-apres-le-discours-de-claus-habfast-lors-de-la-commemoration-de-la-rafle-du-26-aout-1942\" target=\"_blank\" rel=\"noopener\">un communiqu\u00e9 de presse<\/a> dans lequel \u00c9ric Hattab fait part de son<strong> indignation<\/strong>.<\/p>\n<p class=\" wall-content\">\u00ab\u00a0En m\u00e9langeant la Shoah et la trag\u00e9die actuelle du Proche-Orient, le repr\u00e9sentant de la Mairie de Grenoble a brouill\u00e9 le message et offens\u00e9 la m\u00e9moire des victimes\u00a0\u00bb, d\u00e9clare le pr\u00e9sident avant de poursuivre : \u00ab\u00a0Le Crif Grenoble-Dauphin\u00e9 condamne fermement <strong>ce d\u00e9tournement de m\u00e9moire<\/strong>. Les comm\u00e9morations de la Shoah ne sauraient \u00eatre instrumentalis\u00e9es au service de causes politiques, quelles qu\u2019elles soient. Il en va du respect des victimes.\u00a0\u00bb<\/p>\n<p class=\" wall-content\">De plus, \u00c9ric Hattab exige que Claus Habfast \u00ab\u00a0<strong>ne prononce plus aucun discours<\/strong> au nom de la Mairie de Grenoble lors de comm\u00e9morations officielles en lien avec les pers\u00e9cutions subies par la communaut\u00e9 juive\u00a0\u00bb.<\/p>\n<p class=\" wall-content\">Personnalisez votre actualit\u00e9 en ajoutant vos villes et m\u00e9dias en favori avec <a href=\"https:\/\/moncompte.actu.fr\" title=\"D\u00e9couvez Mon Actu\" rel=\"nofollow noopener\" data-trk=\"{&quot;cta&quot;:{&quot;action&quot;:&quot;https:\\\/\\\/moncompte.actu.fr&quot;,&quot;category&quot;:&quot;mon compte&quot;,&quot;from&quot;:&quot;article footer&quot;,&quot;name&quot;:&quot;Mon actu&quot;,&quot;type&quot;:&quot;cta&quot;}}\" target=\"_blank\">Mon Actu<\/a>.<\/p>\n","protected":false},"excerpt":{"rendered":"Par Emma Ressegaire Publi\u00e9 le 27 ao\u00fbt 2025 \u00e0 13h57 Gros malaise hier lors de la c\u00e9r\u00e9monie, \u00e0&hellip;\n","protected":false},"author":2,"featured_media":347552,"comment_status":"","ping_status":"","sticky":false,"template":"","format":"standard","meta":{"footnotes":""},"categories":[9566],"tags":[1111,11,2430,1777,674,1011,27,2731,12,25,935,104],"class_list":{"0":"post-347551","1":"post","2":"type-post","3":"status-publish","4":"format-standard","5":"has-post-thumbnail","7":"category-grenoble","8":"tag-actu","9":"tag-actualites","10":"tag-auvergne-rhone-alpes","11":"tag-eu","12":"tag-europe","13":"tag-fr","14":"tag-france","15":"tag-grenoble","16":"tag-news","17":"tag-republique-francaise","18":"tag-seconde-guerre-mondiale","19":"tag-societe"},"share_on_mastodon":{"url":"https:\/\/pubeurope.com\/@fr\/115100721068888831","error":""},"_links":{"self":[{"href":"https:\/\/www.europesays.com\/fr\/wp-json\/wp\/v2\/posts\/347551","targetHints":{"allow":["GET"]}}],"collection":[{"href":"https:\/\/www.europesays.com\/fr\/wp-json\/wp\/v2\/posts"}],"about":[{"href":"https:\/\/www.europesays.com\/fr\/wp-json\/wp\/v2\/types\/post"}],"author":[{"embeddable":true,"href":"https:\/\/www.europesays.com\/fr\/wp-json\/wp\/v2\/users\/2"}],"replies":[{"embeddable":true,"href":"https:\/\/www.europesays.com\/fr\/wp-json\/wp\/v2\/comments?post=347551"}],"version-history":[{"count":0,"href":"https:\/\/www.europesays.com\/fr\/wp-json\/wp\/v2\/posts\/347551\/revisions"}],"wp:featuredmedia":[{"embeddable":true,"href":"https:\/\/www.europesays.com\/fr\/wp-json\/wp\/v2\/media\/347552"}],"wp:attachment":[{"href":"https:\/\/www.europesays.com\/fr\/wp-json\/wp\/v2\/media?parent=347551"}],"wp:term":[{"taxonomy":"category","embeddable":true,"href":"https:\/\/www.europesays.com\/fr\/wp-json\/wp\/v2\/categories?post=347551"},{"taxonomy":"post_tag","embeddable":true,"href":"https:\/\/www.europesays.com\/fr\/wp-json\/wp\/v2\/tags?post=347551"}],"curies":[{"name":"wp","href":"https:\/\/api.w.org\/{rel}","templated":true}]}}