{"id":347555,"date":"2025-08-27T12:27:09","date_gmt":"2025-08-27T12:27:09","guid":{"rendered":"https:\/\/www.europesays.com\/fr\/347555\/"},"modified":"2025-08-27T12:27:09","modified_gmt":"2025-08-27T12:27:09","slug":"pres-de-rennes-lusine-stellantis-va-recruter-70-interimaires-pour-la-production-du-nouveau-c5-aircross","status":"publish","type":"post","link":"https:\/\/www.europesays.com\/fr\/347555\/","title":{"rendered":"Pr\u00e8s de Rennes, l\u2019usine Stellantis va recruter 70 int\u00e9rimaires pour la production du nouveau C5 Aircross"},"content":{"rendered":"<p>Dans un monde o\u00f9 l\u2019\u00e9conomie se contracte et tangue au gr\u00e9 des soubresauts politiques et g\u00e9opolitiques, les bonnes nouvelles sont rares. L\u2019une d\u2019elles nous vient du sud de Rennes, ce mercredi 27 ao\u00fbt. Lors d\u2019une r\u00e9union extraordinaire du comit\u00e9 \u00e9conomique et social (CSE) organis\u00e9e en fin de matin\u00e9e, la direction de l\u2019usine automobile Stellantis de la Janais, \u00e0 Chartres-de-Bretagne (35), a annonc\u00e9 avoir re\u00e7u le feu vert de l\u2019\u00e9tat-major du groupe pour lancer la production en s\u00e9rie du <a href=\"https:\/\/www.letelegramme.fr\/economie\/automobile\/ce-que-lon-sait-sur-le-nouveau-suv-c5-aircross-qui-sera-fabrique-a-rennes-6808648.php\" target=\"_blank\" rel=\"noopener\">nouveau SUV C5 Aircross de Citro\u00ebn<\/a>. Un \u00ab accord de mont\u00e9e en cadence \u00bb, dans le jargon industriel, qui s\u2019accompagne de l\u2019autorisation de livrer les concessions automobiles partout dans le pays. \u00ab Un premier camion est parti vendredi dernier \u00bb, confie une source salari\u00e9e.<\/p>\n<p>Salari\u00e9s \u00ab pr\u00eat\u00e9s \u00bb<\/p>\n<p>Pour \u00eatre au rendez-vous et passer d\u2019une centaine de v\u00e9hicules fabriqu\u00e9s aujourd\u2019hui \u00e0 400 par jour \u00e0 terme, le site de la Janais va reconstituer une deuxi\u00e8me \u00e9quipe de production, lui qui tournait avec <a href=\"https:\/\/www.letelegramme.fr\/ille-et-vilaine\/rennes-35000\/on-ne-sy-attendait-pas-a-rennes-stellantis-va-reembaucher-250-interimaires-plus-rapidement-que-prevu-6754615.php\" target=\"_blank\" rel=\"noopener\">une \u00e9quipe et demie<\/a> depuis fin mars. Pour ce faire, 200 personnes suppl\u00e9mentaires seront mobilis\u00e9es \u00e0 compter d\u2019octobre, dont 70 nouveaux int\u00e9rimaires embauch\u00e9s pour l\u2019occasion. Le reste des postes sera occup\u00e9 par des effectifs jusqu\u2019ici affect\u00e9s \u00e0 l\u2019arriv\u00e9e du nouveau C5 Aircross sur les cha\u00eenes et par des salari\u00e9s \u00ab pr\u00eat\u00e9s \u00bb par d\u2019autres usines de Stellantis. <\/p>\n<p>\u00ab C\u2019est une tr\u00e8s bonne nouvelle pour l\u2019usine. Cela montre que nous sommes dans une bonne dynamique. Le lancement du nouveau v\u00e9hicule se pr\u00e9pare conform\u00e9ment au calendrier, sans retard \u00bb, se f\u00e9licite une source proche de la direction. Selon elle, la deuxi\u00e8me \u00e9quipe au complet devrait \u00eatre op\u00e9rationnelle \u00e0 compter du 13 octobre. Mais \u00ab si tous les recrutements et les formations sont faits avant, on ne s\u2019interdit pas de commencer \u00e0 partir du 6 \u00bb.<\/p>\n<p>Attention aux conditions de travail<\/p>\n<p>C\u00f4t\u00e9 syndicats, la satisfaction est de mise. \u00ab C\u2019est une reconnaissance de la qualit\u00e9 du travail des salari\u00e9s et de leur engagement \u00bb, estime Didier Picard, d\u00e9l\u00e9gu\u00e9 syndical CFE-CGC. \u00c0 la CFTC, David Ruellan \u00e9voque quant \u00e0 lui \u00ab une tr\u00e8s bonne nouvelle. C\u2019est tr\u00e8s positif, quand on voit que d\u2019autres sites du groupe n\u2019ont pas de perspective sur leur avenir\u2026 \u00bb<\/p>\n<p>Pour autant, les syndicats ne versent pas dans l\u2019euphorie et demandent des recrutements en CDI pour pallier les d\u00e9parts des derni\u00e8res ann\u00e9es et renouveler les g\u00e9n\u00e9rations. \u00c0 la CFDT (premier syndicat du site), la d\u00e9l\u00e9gu\u00e9e syndicale, Christine Virassamy, \u00ab attend \u00e9galement une am\u00e9lioration des conditions de travail pour accompagner le lancement du v\u00e9hicule \u00bb. Le retour de la deuxi\u00e8me \u00e9quipe \u00ab ne doit pas \u00eatre l\u2019arbre qui cache la for\u00eat en termes de condition de travail car le sous-effectif latent met en tension les managers \u00bb, abonde Didier Picard.<\/p>\n<p>\u00c0 ce stade, Stellantis ne ferme pas la porte \u00e0 un renforcement de ses effectifs et \u00e0 des embauches en CDI. Car l\u2019usine de la Janais, qui emploie aujourd\u2019hui environ 1 660 salari\u00e9s (int\u00e9rimaires compris), peut encore monter en puissance la nuit ou travailler les week-ends. Mais <a href=\"https:\/\/www.letelegramme.fr\/economie\/un-nouveau-suv-bientot-produit-a-la-janais-lavenir-de-lusine-stellantis-de-rennes-dependra-du-succes-du-c5-aircross-de-citroen-6808598.php\" target=\"_blank\" rel=\"noopener\">tout d\u00e9pendra du succ\u00e8s commercial<\/a> du nouveau C5 Aircross. Le pari n\u2019est pas gagn\u00e9 d\u2019avance, sur un march\u00e9 de l\u2019automobile en berne depuis de nombreux mois.<\/p>\n","protected":false},"excerpt":{"rendered":"Dans un monde o\u00f9 l\u2019\u00e9conomie se contracte et tangue au gr\u00e9 des soubresauts politiques et g\u00e9opolitiques, les bonnes&hellip;\n","protected":false},"author":2,"featured_media":347556,"comment_status":"","ping_status":"","sticky":false,"template":"","format":"standard","meta":{"footnotes":""},"categories":[2821],"tags":[1111,11,829,1777,674,1011,27,848,4555,12,584,25],"class_list":{"0":"post-347555","1":"post","2":"type-post","3":"status-publish","4":"format-standard","5":"has-post-thumbnail","7":"category-rennes","8":"tag-actu","9":"tag-actualites","10":"tag-bretagne","11":"tag-eu","12":"tag-europe","13":"tag-fr","14":"tag-france","15":"tag-ille-et-vilaine","16":"tag-local","17":"tag-news","18":"tag-rennes","19":"tag-republique-francaise"},"share_on_mastodon":{"url":"https:\/\/pubeurope.com\/@fr\/115100729016343680","error":""},"_links":{"self":[{"href":"https:\/\/www.europesays.com\/fr\/wp-json\/wp\/v2\/posts\/347555","targetHints":{"allow":["GET"]}}],"collection":[{"href":"https:\/\/www.europesays.com\/fr\/wp-json\/wp\/v2\/posts"}],"about":[{"href":"https:\/\/www.europesays.com\/fr\/wp-json\/wp\/v2\/types\/post"}],"author":[{"embeddable":true,"href":"https:\/\/www.europesays.com\/fr\/wp-json\/wp\/v2\/users\/2"}],"replies":[{"embeddable":true,"href":"https:\/\/www.europesays.com\/fr\/wp-json\/wp\/v2\/comments?post=347555"}],"version-history":[{"count":0,"href":"https:\/\/www.europesays.com\/fr\/wp-json\/wp\/v2\/posts\/347555\/revisions"}],"wp:featuredmedia":[{"embeddable":true,"href":"https:\/\/www.europesays.com\/fr\/wp-json\/wp\/v2\/media\/347556"}],"wp:attachment":[{"href":"https:\/\/www.europesays.com\/fr\/wp-json\/wp\/v2\/media?parent=347555"}],"wp:term":[{"taxonomy":"category","embeddable":true,"href":"https:\/\/www.europesays.com\/fr\/wp-json\/wp\/v2\/categories?post=347555"},{"taxonomy":"post_tag","embeddable":true,"href":"https:\/\/www.europesays.com\/fr\/wp-json\/wp\/v2\/tags?post=347555"}],"curies":[{"name":"wp","href":"https:\/\/api.w.org\/{rel}","templated":true}]}}