{"id":347557,"date":"2025-08-27T12:28:12","date_gmt":"2025-08-27T12:28:12","guid":{"rendered":"https:\/\/www.europesays.com\/fr\/347557\/"},"modified":"2025-08-27T12:28:12","modified_gmt":"2025-08-27T12:28:12","slug":"geispolsheim-ambiance-musicale-la-pologne-inviteela-fete-de-la-choucroute-est-de-retour-pour-sa-57e-edition","status":"publish","type":"post","link":"https:\/\/www.europesays.com\/fr\/347557\/","title":{"rendered":"Geispolsheim. Ambiance musicale, la Pologne invit\u00e9e\u2026la F\u00eate de la choucroute est de retour pour sa 57e \u00e9dition"},"content":{"rendered":"<p>Chaque ann\u00e9e, <a href=\"https:\/\/www.dna.fr\/culture-loisirs\/2025\/07\/21\/defile-vide-greniers-la-fete-de-la-choucroute-est-de-retour-avec-son-cortege-d-animations\" target=\"_blank\" rel=\"nofollow noopener\">la F\u00eate de la choucroute \u00e0 Geispolsheim<\/a> r\u00e9serve ses nouveaut\u00e9s. Pour cette 57 e \u00e9dition,\u00a0dimanche 31 ao\u00fbt, les m\u00e9tiers ext\u00e9rieurs sont d\u00e9clin\u00e9s en autant de chars, le maire se collant \u00e0 la coupe du chou\u00a0! Quant au th\u00e8me de la mari\u00e9e, Robert et Lucie Nuss veillent au grain. Il y aura sans aucun doute de beaux tableaux dans le cort\u00e8ge qui s&rsquo;\u00e9lancera \u00e0 15h. Groupes folkloriques et troupes de musiques s\u2019intercalent et le groupe des Coquelicots, sous l\u2019\u0153il avis\u00e9 de Lucette, prolongera le cort\u00e8ge d\u2019une superbe \u00e9vocation du \u00ab\u00a0retour des champs\u00a0\u00bb\u00a0: place alors aux costumes de travail, car la coiffe au grand n\u0153ud, c\u2019est pour le dimanche\u00a0!<\/p>\n<p>  La Pologne invit\u00e9e<\/p>\n<p>La Pologne est invit\u00e9e, l\u2019ambiance polka sera donc assur\u00e9e le temps d\u2019une s\u00e9quence. Des v\u00eatements bourgeois seront \u00e9galement de la partie avec la tr\u00e8s chic fresque de la noce villageoise. Sans oublier l\u2019exposition d\u2019autobus anciens, les animations musicales, foraines,\u00a0etc. Le tout sous la houlette du pr\u00e9sident <a href=\"https:\/\/www.dna.fr\/culture-loisirs\/2025\/06\/25\/la-fete-de-la-choucroute-et-du-folklore\" target=\"_blank\" rel=\"nofollow noopener\">de Festi\u2019Geis<\/a> Luc Kronbacher et son implacable \u00ab\u00a0Qui fait quoi quand\u00a0\u00bb et la supervision des contenus par Nicole Nuss.<\/p>\n<p>Ce contenu est bloqu\u00e9 car vous n&rsquo;avez pas accept\u00e9 les cookies et autres traceurs.<\/p>\n<p>En cliquant sur \u00ab J\u2019accepte \u00bb, les cookies et autres traceurs seront d\u00e9pos\u00e9s et vous pourrez visualiser les contenus  (<a href=\"\" class=\"consentModule_policy\" target=\"_blank\" title=\"Consulter la politique de protection des donn\u00e9es du fournisseur\">plus d&rsquo;informations<\/a>).<\/p>\n<p>En cliquant sur \u00ab J\u2019accepte tous les cookies \u00bb, vous autorisez des d\u00e9p\u00f4ts de cookies et autres traceurs pour le stockage de vos donn\u00e9es sur nos sites et applications \u00e0 des fins de personnalisation et de ciblage publicitaire.<\/p>\n<p class=\"consentModule_secondaryText\">Vous gardez la possibilit\u00e9 de retirer votre consentement \u00e0 tout moment en consultant notre <a href=\"https:\/\/www.dna.fr\/protection-des-donnees\" target=\"_blank\" title=\"Consulter notre politique de protection des donn\u00e9es\" rel=\"nofollow noopener\">politique de protection des donn\u00e9es<\/a>. <br \/>&#13;<br \/>\n            <a href=\"https:\/\/www.dna.fr\/culture-loisirs\/2025\/08\/27\/javascript:Didomi.notice.show()\" class=\"consentModule_cmp\" rel=\"nofollow noopener\" target=\"_blank\">G\u00e9rer mes choix<\/a>&#13;\n        <\/p>\n<p>&#13;<br \/>\n                        J&rsquo;accepte&#13;<br \/>\n            J&rsquo;accepte tous les cookies&#13;\n        <\/p>\n<p>Rien ne serait possible sans la mobilisation des b\u00e9n\u00e9voles des clubs sportifs et culturels, commune et associations intercommunales. \u00c0 la F\u00eate de la choucroute, toutes les g\u00e9n\u00e9rations se m\u00e9langent. Les seniors osent la comparaison avec les ann\u00e9es pass\u00e9es et les parents filment leur prog\u00e9niture.<\/p>\n<p>Ce contenu est bloqu\u00e9 car vous n&rsquo;avez pas accept\u00e9 les cookies et autres traceurs.<\/p>\n<p>En cliquant sur \u00ab J\u2019accepte \u00bb, les cookies et autres traceurs seront d\u00e9pos\u00e9s et vous pourrez visualiser les contenus  (<a href=\"\" class=\"consentModule_policy\" target=\"_blank\" title=\"Consulter la politique de protection des donn\u00e9es du fournisseur\">plus d&rsquo;informations<\/a>).<\/p>\n<p>En cliquant sur \u00ab J\u2019accepte tous les cookies \u00bb, vous autorisez des d\u00e9p\u00f4ts de cookies et autres traceurs pour le stockage de vos donn\u00e9es sur nos sites et applications \u00e0 des fins de personnalisation et de ciblage publicitaire.<\/p>\n<p class=\"consentModule_secondaryText\">Vous gardez la possibilit\u00e9 de retirer votre consentement \u00e0 tout moment en consultant notre <a href=\"https:\/\/www.dna.fr\/protection-des-donnees\" target=\"_blank\" title=\"Consulter notre politique de protection des donn\u00e9es\" rel=\"nofollow noopener\">politique de protection des donn\u00e9es<\/a>. <br \/>&#13;<br \/>\n            <a href=\"https:\/\/www.dna.fr\/culture-loisirs\/2025\/08\/27\/javascript:Didomi.notice.show()\" class=\"consentModule_cmp\" rel=\"nofollow noopener\" target=\"_blank\">G\u00e9rer mes choix<\/a>&#13;\n        <\/p>\n<p>&#13;<br \/>\n                        J&rsquo;accepte&#13;<br \/>\n            J&rsquo;accepte tous les cookies&#13;\n        <\/p>\n<p>  La choucroute sous diff\u00e9rentes formes<\/p>\n<p>La choucroute portera la marque du nouveau chef Matthieu. On la d\u00e9gustera en plein air, y compris sous forme de burgers, ou \u00e0 l\u2019espace Malraux pour le midi ou \u00e0 partir de 18\u00a0h\u00a030. La r\u00e9servation est possible sur place les 28 et 29\u00a0ao\u00fbt de 19\u00a0h \u00e0 21\u00a0h, ou le 31\u00a0ao\u00fbt \u00e0 partir de 10\u00a0h. Une formule all\u00e9g\u00e9e est \u00e9galement pr\u00e9vue (crudit\u00e9s &#8211; charcuterie).<\/p>\n<p class=\"note\">Renseignements\u00a0: 06\u00a014\u00a043\u00a072\u00a005\u00a0; www.festigeis.fr<\/p>\n","protected":false},"excerpt":{"rendered":"Chaque ann\u00e9e, la F\u00eate de la choucroute \u00e0 Geispolsheim r\u00e9serve ses nouveaut\u00e9s. Pour cette 57 e \u00e9dition,\u00a0dimanche 31&hellip;\n","protected":false},"author":2,"featured_media":347558,"comment_status":"","ping_status":"","sticky":false,"template":"","format":"standard","meta":{"footnotes":""},"categories":[2820],"tags":[1111,11,1687,2880,27337,1777,674,3326,107,1011,27,1661,4076,775,12,2661,25,640,3089],"class_list":{"0":"post-347557","1":"post","2":"type-post","3":"status-publish","4":"format-standard","5":"has-post-thumbnail","7":"category-strasbourg","8":"tag-actu","9":"tag-actualites","10":"tag-culture-loisirs","11":"tag-edition-strasbourg","12":"tag-estivales","13":"tag-eu","14":"tag-europe","15":"tag-fete-locale","16":"tag-fil-info","17":"tag-fr","18":"tag-france","19":"tag-gastronomie","20":"tag-geispolsheim","21":"tag-grand-est","22":"tag-news","23":"tag-patrimoine-culturel","24":"tag-republique-francaise","25":"tag-strasbourg","26":"tag-strasbourg-sud"},"share_on_mastodon":{"url":"https:\/\/pubeurope.com\/@fr\/115100732862796147","error":""},"_links":{"self":[{"href":"https:\/\/www.europesays.com\/fr\/wp-json\/wp\/v2\/posts\/347557","targetHints":{"allow":["GET"]}}],"collection":[{"href":"https:\/\/www.europesays.com\/fr\/wp-json\/wp\/v2\/posts"}],"about":[{"href":"https:\/\/www.europesays.com\/fr\/wp-json\/wp\/v2\/types\/post"}],"author":[{"embeddable":true,"href":"https:\/\/www.europesays.com\/fr\/wp-json\/wp\/v2\/users\/2"}],"replies":[{"embeddable":true,"href":"https:\/\/www.europesays.com\/fr\/wp-json\/wp\/v2\/comments?post=347557"}],"version-history":[{"count":0,"href":"https:\/\/www.europesays.com\/fr\/wp-json\/wp\/v2\/posts\/347557\/revisions"}],"wp:featuredmedia":[{"embeddable":true,"href":"https:\/\/www.europesays.com\/fr\/wp-json\/wp\/v2\/media\/347558"}],"wp:attachment":[{"href":"https:\/\/www.europesays.com\/fr\/wp-json\/wp\/v2\/media?parent=347557"}],"wp:term":[{"taxonomy":"category","embeddable":true,"href":"https:\/\/www.europesays.com\/fr\/wp-json\/wp\/v2\/categories?post=347557"},{"taxonomy":"post_tag","embeddable":true,"href":"https:\/\/www.europesays.com\/fr\/wp-json\/wp\/v2\/tags?post=347557"}],"curies":[{"name":"wp","href":"https:\/\/api.w.org\/{rel}","templated":true}]}}