{"id":347559,"date":"2025-08-27T12:29:15","date_gmt":"2025-08-27T12:29:15","guid":{"rendered":"https:\/\/www.europesays.com\/fr\/347559\/"},"modified":"2025-08-27T12:29:15","modified_gmt":"2025-08-27T12:29:15","slug":"la-precarite-alimentaire-na-pas-de-saison-les-restos-du-coeur-deplorent-un-ete-de-distributions-record-a-strasbourg","status":"publish","type":"post","link":"https:\/\/www.europesays.com\/fr\/347559\/","title":{"rendered":"\u00ab\u00a0La pr\u00e9carit\u00e9 alimentaire n&rsquo;a pas de saison\u00a0\u00bb : les Restos du C\u0153ur d\u00e9plorent un \u00e9t\u00e9 de distributions record \u00e0 Strasbourg"},"content":{"rendered":"<p>L&rsquo;aide alimentaire mise en place sp\u00e9cialement pendant l&rsquo;\u00e9t\u00e9 par la ville de Strasbourg (Bas-Rhin) touche \u00e0 sa fin. Plus de 15.000 personnes ont \u00e9t\u00e9 aid\u00e9es en l&rsquo;espace de 40 jours, c&rsquo;est un record. <\/p>\n<p>Jamais la pr\u00e9carit\u00e9 alimentaire n&rsquo;avait \u00e9t\u00e9 aussi visible pendant l&rsquo;\u00e9t\u00e9 \u00e0 Strasbourg. <a class=\"IciLink ici-link IciArticleLink g-ici-body-regular-1 underline brand svelte-lu7k6w\" href=\"https:\/\/www.francebleu.fr\/emissions\/l-info-d-ici-ici-alsace\/strasbourg-la-distribution-d-aide-alimentaire-d-ete-bat-des-records-de-frequentation-1957584\" rel=\"nofollow noopener\" target=\"_blank\">Plus de 15.000 personnes ont \u00e9t\u00e9 aid\u00e9es en l&rsquo;espace de 40 jours, \u00e0 raison de 500 repas distribu\u00e9s quotidiennement en moyenne.<\/a>\u00a0C&rsquo;est le double par rapport \u00e0 l&rsquo;ann\u00e9e de cr\u00e9ation de ces distributions estivales mises en place par la ville en 2020, \u00e9paul\u00e9e par le Secours populaire et l&rsquo;association Abribus.<\/p>\n<p>\u00ab\u00a0La pr\u00e9carit\u00e9 n a pas de saisons, elle n&rsquo;est pas tr\u00e8s s\u00e9lective, d\u00e9crypte le pr\u00e9sident des Restos du C\u0153ur, les gens se trouvent dans des situations de pr\u00e9carit\u00e9 extr\u00eame. Strasbourg est une plaque tournante aussi pour des personnes \u00e9trang\u00e8res qui, soit s&rsquo;installent soit continuent leur chemin et qui gonflent encore les effectifs des personnes en grande pr\u00e9carit\u00e9\u00a0\u00bb.<\/p>\n<p>M\u00eame constat, pour Patrick Gruber, dans le restaurant solidaire \u00ab\u00a0La Fringale\u00a0\u00bb situ\u00e9 dans le quartier gare\u00a0: \u00ab\u00a0nous pensions avoir une baisse d&rsquo;activit\u00e9 avec la mise en place par la ville de la distribution estivale mais \u00e7a n&rsquo;a pas \u00e9t\u00e9 le cas\u00a0\u00bb. La pr\u00e9carit\u00e9 alimentaire <strong>ne touche d\u00e9sormais plus seulement, selon les associations, les personnes les plus marginales mais aussi, d\u00e9sormais, les \u00e9tudiants, retrait\u00e9s et m\u00eame certains travailleurs.<\/strong><\/p>\n<p>Et ce record de distribution pour la p\u00e9riode estivale donne, d&rsquo;une certaine fa\u00e7on, le pouls de l&rsquo;ann\u00e9e qui arrive\u00a0: \u00ab\u00a0en ce qui concerne les Restos du C\u0153ur, nous avons augment\u00e9 de 50\u00a0% les distributions\u00a0sur la p\u00e9riode de seize semaines sur la derni\u00e8re p\u00e9riode d&rsquo;hiver\u00a0\u00bb, d\u00e9taille encore Patrick Gruber.<\/p>\n<p>Les distributions se poursuivent encore jusqu&rsquo;au dimanche 31 ao\u00fbt \u00e0 la Fabrique de Th\u00e9\u00e2tre rue du Hohwald.<\/p>\n<p>Au total, la ville a mis 180.000 euros cette ann\u00e9e pour financer cette aide alimentaire. L&rsquo;\u00c9tat a \u00e9galement augment\u00e9 sa participation, \u00e0 hauteur de 20.000 euros.<\/p>\n","protected":false},"excerpt":{"rendered":"L&rsquo;aide alimentaire mise en place sp\u00e9cialement pendant l&rsquo;\u00e9t\u00e9 par la ville de Strasbourg (Bas-Rhin) touche \u00e0 sa fin.&hellip;\n","protected":false},"author":2,"featured_media":347560,"comment_status":"","ping_status":"","sticky":false,"template":"","format":"standard","meta":{"footnotes":""},"categories":[2820],"tags":[1111,11,1777,674,1011,27,775,12,25,640],"class_list":{"0":"post-347559","1":"post","2":"type-post","3":"status-publish","4":"format-standard","5":"has-post-thumbnail","7":"category-strasbourg","8":"tag-actu","9":"tag-actualites","10":"tag-eu","11":"tag-europe","12":"tag-fr","13":"tag-france","14":"tag-grand-est","15":"tag-news","16":"tag-republique-francaise","17":"tag-strasbourg"},"share_on_mastodon":{"url":"https:\/\/pubeurope.com\/@fr\/115100736843250325","error":""},"_links":{"self":[{"href":"https:\/\/www.europesays.com\/fr\/wp-json\/wp\/v2\/posts\/347559","targetHints":{"allow":["GET"]}}],"collection":[{"href":"https:\/\/www.europesays.com\/fr\/wp-json\/wp\/v2\/posts"}],"about":[{"href":"https:\/\/www.europesays.com\/fr\/wp-json\/wp\/v2\/types\/post"}],"author":[{"embeddable":true,"href":"https:\/\/www.europesays.com\/fr\/wp-json\/wp\/v2\/users\/2"}],"replies":[{"embeddable":true,"href":"https:\/\/www.europesays.com\/fr\/wp-json\/wp\/v2\/comments?post=347559"}],"version-history":[{"count":0,"href":"https:\/\/www.europesays.com\/fr\/wp-json\/wp\/v2\/posts\/347559\/revisions"}],"wp:featuredmedia":[{"embeddable":true,"href":"https:\/\/www.europesays.com\/fr\/wp-json\/wp\/v2\/media\/347560"}],"wp:attachment":[{"href":"https:\/\/www.europesays.com\/fr\/wp-json\/wp\/v2\/media?parent=347559"}],"wp:term":[{"taxonomy":"category","embeddable":true,"href":"https:\/\/www.europesays.com\/fr\/wp-json\/wp\/v2\/categories?post=347559"},{"taxonomy":"post_tag","embeddable":true,"href":"https:\/\/www.europesays.com\/fr\/wp-json\/wp\/v2\/tags?post=347559"}],"curies":[{"name":"wp","href":"https:\/\/api.w.org\/{rel}","templated":true}]}}