{"id":347561,"date":"2025-08-27T12:30:12","date_gmt":"2025-08-27T12:30:12","guid":{"rendered":"https:\/\/www.europesays.com\/fr\/347561\/"},"modified":"2025-08-27T12:30:12","modified_gmt":"2025-08-27T12:30:12","slug":"entreprises-recrutez-vos-futurs-talents-grace-au-daeu-en-alternance-de","status":"publish","type":"post","link":"https:\/\/www.europesays.com\/fr\/347561\/","title":{"rendered":"Entreprises : recrutez vos futurs talents gr\u00e2ce au DAEU en alternance de (\u2026)"},"content":{"rendered":"<p>                    <img loading=\"lazy\" decoding=\"async\" src=\"https:\/\/www.europesays.com\/fr\/wp-content\/uploads\/2025\/08\/6efb119e4bec3b66869e03fcdba068.png\" class=\"img-responsive post-image\" width=\"680\" height=\"510\" alt=\"Entreprises : recrutez\" title=\"Entreprises : recrutez vos futurs talents gr\u00e2ce au DAEU en alternance de l'Universit\u00e9 C\u00f4te d'Azur\"\/><\/p>\n<p class=\"chapo\">Vous \u00eates une entreprise du secteur tertiaire en qu\u00eate de collaborateurs motiv\u00e9s\u00a0? Vous souhaitez former vos \u00e9quipes tout en accompagnant des parcours de r\u00e9ussite\u00a0? L\u2019Universit\u00e9 C\u00f4te d\u2019Azur ouvre sa campagne d\u2019inscription pour le DAEU (Dipl\u00f4me d\u2019Acc\u00e8s aux \u00c9tudes Universitaires) en alternance, une opportunit\u00e9 unique pour les employeurs comme pour les candidats.<\/p>\n<p>                    Un dipl\u00f4me passerelle vers l\u2019emploi et les \u00e9tudes<\/p>\n<p>Destin\u00e9 aux personnes non titulaires du baccalaur\u00e9at, le DAEU constitue une v\u00e9ritable seconde chance. Il permet d\u2019obtenir l\u2019\u00e9quivalent du bac tout en d\u00e9veloppant des comp\u00e9tences utiles aux m\u00e9tiers du tertiaire\u00a0: charg\u00e9 d\u2019accueil, assistant comptable, agent administratif, aide \u00e0 la personne, etc.<br class=\"autobr\"\/><br \/>\nGr\u00e2ce \u00e0 sa <strong>nouvelle formule en alternance, <\/strong> les apprenants allient th\u00e9orie et pratique\u00a0: 2 jours de formation et 3 jours en entreprise, avec une immersion totale en entreprise lors des vacances scolaires.<\/p>\n<p>Pourquoi accueillir un alternant DAEU dans votre entreprise\u00a0?<\/p>\n<p>Le dispositif est pens\u00e9 comme un partenariat gagnant-gagnant\u00a0:<br \/>\n<br \/><b>\u2013<\/b>\u00a0Former un collaborateur sur vos m\u00e9tiers sp\u00e9cifiques.<br \/>\n<br \/><b>\u2013<\/b>\u00a0B\u00e9n\u00e9ficier d\u2019un salari\u00e9 motiv\u00e9, encadr\u00e9 par l\u2019universit\u00e9.<br \/>\n<br \/><b>\u2013<\/b>\u00a0Anticiper vos besoins en recrutement et fid\u00e9liser de futurs talents.<br \/>\n<br \/><b>\u2013<\/b>\u00a0Contribuer \u00e0 un projet d\u2019insertion professionnelle concret et valorisant.<\/p>\n<p><strong>Pour les apprenants, l\u2019alternance repr\u00e9sente une chance\u00a0: <\/strong> se former tout en \u00e9tant r\u00e9mun\u00e9r\u00e9, acc\u00e9der \u00e0 l\u2019enseignement sup\u00e9rieur et pr\u00e9parer un projet professionnel solide.<\/p>\n<p>Venez rencontrer l\u2019\u00e9quipe p\u00e9dagogique<\/p>\n<p>L\u2019Universit\u00e9 C\u00f4te d\u2019Azur sera pr\u00e9sente sur <strong>plusieurs forums de l\u2019emploi pour pr\u00e9senter le dispositif et \u00e9changer avec entreprises et candidats\u00a0:<\/strong><br class=\"autobr\"\/><br \/>\nMardi 9 septembre \u2013 Forum Place de l\u2019Emploi (Vallauris, 13h-17h)<br class=\"autobr\"\/><br \/>\nMercredi 10 septembre \u2013 Mairie de Saint-Andr\u00e9-de-la-Roche (9h-17h)<br class=\"autobr\"\/><br \/>\nMercredi 10 septembre \u2013 Forum Place de l\u2019Emploi (Nice, 13h-15h30)<br class=\"autobr\"\/><br \/>\nMardi 23 septembre \u2013 Forum de l\u2019Emploi (Puget-Th\u00e9niers, 9h30-13h)<\/p>\n<p>Entreprises\u00a0: des postes \u00e0 pourvoir d\u00e8s maintenant<\/p>\n<p>De nombreux candidats recherchent actuellement une entreprise d\u2019accueil. C\u2019est l\u2019occasion pour vous de recruter rapidement un alternant et d\u2019investir dans un avenir commun.<br class=\"autobr\"\/><br \/>\nEn savoir plus\u00a0: [D.A.E.U. en alternance &#8211; Universit\u00e9 C\u00f4te d\u2019Azur]<br class=\"autobr\"\/><br \/>\nContact direct\u00a0: <a href=\"https:\/\/www.petitesaffiches.fr\/cdn-cgi\/l\/email-protection\" class=\"__cf_email__\" data-cfemail=\"f490959181b4819a9d82d9979b809190958e8186da9286\" rel=\"nofollow noopener\" target=\"_blank\">[email\u00a0protected]<\/a> \u2013 04 89 15 21 55<br class=\"autobr\"\/><br \/>\n<strong>Dates de formation <\/strong>\u00a0: 1er septembre 2025 \u2013 31 ao\u00fbt 2026<br class=\"autobr\"\/><br \/>\nDate limite de pr\u00e9-inscription\u00a0: 3 octobre 2025<\/p>\n<p>Visuel de Une\u00a0: illustration \u00a9DR<\/p>\n","protected":false},"excerpt":{"rendered":"Vous \u00eates une entreprise du secteur tertiaire en qu\u00eate de collaborateurs motiv\u00e9s\u00a0? Vous souhaitez former vos \u00e9quipes tout&hellip;\n","protected":false},"author":2,"featured_media":347562,"comment_status":"","ping_status":"","sticky":false,"template":"","format":"standard","meta":{"footnotes":""},"categories":[2819],"tags":[1111,11,2408,1777,674,1011,27,12,2401,882,25],"class_list":{"0":"post-347561","1":"post","2":"type-post","3":"status-publish","4":"format-standard","5":"has-post-thumbnail","7":"category-nice","8":"tag-actu","9":"tag-actualites","10":"tag-appels-d","11":"tag-eu","12":"tag-europe","13":"tag-fr","14":"tag-france","15":"tag-news","16":"tag-nice","17":"tag-provence-alpes-cote-dazur","18":"tag-republique-francaise"},"share_on_mastodon":{"url":"https:\/\/pubeurope.com\/@fr\/115100741136230275","error":""},"_links":{"self":[{"href":"https:\/\/www.europesays.com\/fr\/wp-json\/wp\/v2\/posts\/347561","targetHints":{"allow":["GET"]}}],"collection":[{"href":"https:\/\/www.europesays.com\/fr\/wp-json\/wp\/v2\/posts"}],"about":[{"href":"https:\/\/www.europesays.com\/fr\/wp-json\/wp\/v2\/types\/post"}],"author":[{"embeddable":true,"href":"https:\/\/www.europesays.com\/fr\/wp-json\/wp\/v2\/users\/2"}],"replies":[{"embeddable":true,"href":"https:\/\/www.europesays.com\/fr\/wp-json\/wp\/v2\/comments?post=347561"}],"version-history":[{"count":0,"href":"https:\/\/www.europesays.com\/fr\/wp-json\/wp\/v2\/posts\/347561\/revisions"}],"wp:featuredmedia":[{"embeddable":true,"href":"https:\/\/www.europesays.com\/fr\/wp-json\/wp\/v2\/media\/347562"}],"wp:attachment":[{"href":"https:\/\/www.europesays.com\/fr\/wp-json\/wp\/v2\/media?parent=347561"}],"wp:term":[{"taxonomy":"category","embeddable":true,"href":"https:\/\/www.europesays.com\/fr\/wp-json\/wp\/v2\/categories?post=347561"},{"taxonomy":"post_tag","embeddable":true,"href":"https:\/\/www.europesays.com\/fr\/wp-json\/wp\/v2\/tags?post=347561"}],"curies":[{"name":"wp","href":"https:\/\/api.w.org\/{rel}","templated":true}]}}