{"id":347563,"date":"2025-08-27T12:31:12","date_gmt":"2025-08-27T12:31:12","guid":{"rendered":"https:\/\/www.europesays.com\/fr\/347563\/"},"modified":"2025-08-27T12:31:12","modified_gmt":"2025-08-27T12:31:12","slug":"municipales-eric-ciotti-candidat-a-nice-en-2026","status":"publish","type":"post","link":"https:\/\/www.europesays.com\/fr\/347563\/","title":{"rendered":"Municipales\u00a0: \u00c9ric Ciotti candidat \u00e0 Nice en 2026"},"content":{"rendered":"<p>L\u2019ex-patron des R\u00e9publicains ralli\u00e9 au Rassemblement national, \u00c9ric Ciotti, a annonc\u00e9, mercredi sur TF1, sa candidature \u00ab pour devenir maire de Nice \u00bb aux \u00e9lections municipales de mars 2026, avec l\u2019ambition de d\u00e9loger son ex-mentor devenu rival, Christian Estrosi.<\/p>\n<p>\u00ab Je souhaite offrir une nouvelle esp\u00e9rance aux Ni\u00e7ois \u00bb, a d\u00e9clar\u00e9 \u00c9ric Ciotti, pointant la \u00ab mauvaise gestion \u00bb de Christian Estrosi, \u00ab \u00e9lu au conseil municipal depuis quatre d\u00e9cennies \u00bb et qui a \u00ab d\u00e9riv\u00e9 \u00bb.<\/p>\n<p>Plus d\u2019un habitant sur cinq vit sous le seuil de pauvret\u00e9 \u00e0 Nice<\/p>\n<p>Nice, o\u00f9 les touristes se pressent mais o\u00f9 plus d\u2018\u00a0un habitant sur cinq vit sous le seuil de pauvret\u00e9, \u00ab\u00a0souffre aujourd\u2019hui de l\u2019ins\u00e9curit\u00e9\u00a0\u00bb, \u00ab\u00a0se trouve dans une situation financi\u00e8re extr\u00eamement d\u00e9grad\u00e9e, avec plus 3 milliards d\u2019euros de dette, avec des imp\u00f4ts qui ont massivement augment\u00e9\u00a0\u00bb, a estim\u00e9 le d\u00e9put\u00e9.<\/p>\n<p>Alors que Christian Estrosi, proche d\u2018<a href=\"https:\/\/www.letelegramme.fr\/opinions\/edito-edouard-philippe-la-strategie-de-lescargot-6843323.php\" target=\"_blank\" rel=\"nofollow noopener\">Edouard Philippe,<\/a> est d\u00e9j\u00e0 officiellement candidat, Eric Ciotti lance officiellement un duel tr\u00e8s droitier sur la C\u00f4te d\u2019Azur, o\u00f9 la gauche est \u00e0 la tra\u00eene et peine \u00e0 s\u2019entendre.<\/p>\n<p>L\u2019alliance avec le RN, seule strat\u00e9gie \u00ab\u00a0porteuse d\u2018avenir\u00a0\u00bb pour la droite<\/p>\n<p>\u00c9ric Ciotti a \u00e9t\u00e9 le premier chef du parti gaulliste \u00e0 rompre le cordon sanitaire avec l\u2018extr\u00eame droite, <a href=\"https:\/\/www.letelegramme.fr\/elections\/legislatives\/lexclusion-deric-ciotti-provoque-une-crise-au-sommet-chez-les-republicains-6603072.php\" target=\"_blank\" rel=\"nofollow noopener\">en s\u2019alliant \u00e0 Marine Le Pen<\/a> apr\u00e8s la dissolution de l\u2019Assembl\u00e9e nationale en juin 2024.<\/p>\n<p>Apr\u00e8s son divorce fracassant avec LR, il a martel\u00e9 que pour lui ce ralliement \u00e9tait la seule strat\u00e9gie \u00ab\u00a0porteuse d\u2018avenir\u00a0\u00bb pour la droite, qui \u00ab\u00a0ne peut plus gagner sans une alliance avec le RN\u00a0\u00bb. Il est d\u00e9sormais \u00e0 la t\u00eate d\u2019un nouveau parti, l\u2019UDR, Union des droites pour la R\u00e9publique, qui a remport\u00e9 16 si\u00e8ges aux derni\u00e8res l\u00e9gislatives dans le cadre de cette alliance avec le RN.<\/p>\n","protected":false},"excerpt":{"rendered":"L\u2019ex-patron des R\u00e9publicains ralli\u00e9 au Rassemblement national, \u00c9ric Ciotti, a annonc\u00e9, mercredi sur TF1, sa candidature \u00ab pour&hellip;\n","protected":false},"author":2,"featured_media":347564,"comment_status":"","ping_status":"","sticky":false,"template":"","format":"standard","meta":{"footnotes":""},"categories":[2819],"tags":[1111,11,1777,674,1011,27,12,2401,882,25],"class_list":{"0":"post-347563","1":"post","2":"type-post","3":"status-publish","4":"format-standard","5":"has-post-thumbnail","7":"category-nice","8":"tag-actu","9":"tag-actualites","10":"tag-eu","11":"tag-europe","12":"tag-fr","13":"tag-france","14":"tag-news","15":"tag-nice","16":"tag-provence-alpes-cote-dazur","17":"tag-republique-francaise"},"share_on_mastodon":{"url":"https:\/\/pubeurope.com\/@fr\/115100744751513281","error":""},"_links":{"self":[{"href":"https:\/\/www.europesays.com\/fr\/wp-json\/wp\/v2\/posts\/347563","targetHints":{"allow":["GET"]}}],"collection":[{"href":"https:\/\/www.europesays.com\/fr\/wp-json\/wp\/v2\/posts"}],"about":[{"href":"https:\/\/www.europesays.com\/fr\/wp-json\/wp\/v2\/types\/post"}],"author":[{"embeddable":true,"href":"https:\/\/www.europesays.com\/fr\/wp-json\/wp\/v2\/users\/2"}],"replies":[{"embeddable":true,"href":"https:\/\/www.europesays.com\/fr\/wp-json\/wp\/v2\/comments?post=347563"}],"version-history":[{"count":0,"href":"https:\/\/www.europesays.com\/fr\/wp-json\/wp\/v2\/posts\/347563\/revisions"}],"wp:featuredmedia":[{"embeddable":true,"href":"https:\/\/www.europesays.com\/fr\/wp-json\/wp\/v2\/media\/347564"}],"wp:attachment":[{"href":"https:\/\/www.europesays.com\/fr\/wp-json\/wp\/v2\/media?parent=347563"}],"wp:term":[{"taxonomy":"category","embeddable":true,"href":"https:\/\/www.europesays.com\/fr\/wp-json\/wp\/v2\/categories?post=347563"},{"taxonomy":"post_tag","embeddable":true,"href":"https:\/\/www.europesays.com\/fr\/wp-json\/wp\/v2\/tags?post=347563"}],"curies":[{"name":"wp","href":"https:\/\/api.w.org\/{rel}","templated":true}]}}