{"id":347565,"date":"2025-08-27T12:32:20","date_gmt":"2025-08-27T12:32:20","guid":{"rendered":"https:\/\/www.europesays.com\/fr\/347565\/"},"modified":"2025-08-27T12:32:20","modified_gmt":"2025-08-27T12:32:20","slug":"face-au-succes-de-lexpo-hokusai-des-creneaux-de-visite-en-plus-a-nantes","status":"publish","type":"post","link":"https:\/\/www.europesays.com\/fr\/347565\/","title":{"rendered":"Face au succ\u00e8s de l\u2019expo Hokusai, des cr\u00e9neaux de visite en plus \u00e0 Nantes"},"content":{"rendered":"<p>Face au succ\u00e8s de <a href=\"https:\/\/nantes.maville.com\/actu\/actudet_-a-nantes-plongee-dans-les-chefs-d-oeuvre-du-japonais-hokusai-_52716-6875013_actu.Htm\" target=\"_self\" rel=\"noopener\">l\u2019exposition Hokusai (1760-1849), chefs-d\u2019\u0153uvre du mus\u00e9e Hokusai-kan d\u2019Obuse <\/a>  <a href=\"https:\/\/nantes.maville.com\/actu\/actudet_-a-nantes-plongee-dans-les-chefs-d-oeuvre-du-japonais-hokusai-_52716-6875013_actu.Htm\" target=\"_self\" rel=\"noopener\">,<\/a>  et pour r\u00e9pondre \u00e0 l\u2019enthousiasme du public et aux visiteurs n\u2019ayant pas eu l\u2019occasion de la visiter, le ch\u00e2teau des Ducs de Bretagne, \u00e0 Nantes, propose de nouveaux cr\u00e9neaux d\u2019ouverture\u00a0: du lundi\u00a01er au samedi 6\u00a0septembre, l\u2019exposition sera prolong\u00e9e jusqu\u2019\u00e0 22\u00a0h et dimanche 7\u00a0septembre (dimanche gratuit, sans r\u00e9servation) jusqu\u2019\u00e0 19\u00a0h.<\/p>\n<p>Ces nouveaux cr\u00e9neaux de visite seront mis en ligne sur le site Internet du mus\u00e9e, vendredi 29\u00a0ao\u00fbt, \u00e0 12\u00a0h.<\/p>\n<p><strong>Lire aussi\u00a0:<\/strong>\u00a0<a href=\"https:\/\/nantes.maville.com\/actu\/actudet_-une-file-d-attente-de-5-heures-pour-l-exposition-hokusai-a-nantes-_8-6935987_actu.Htm\" target=\"_self\" rel=\"noopener\">Une file d\u2019attente de 5\u00a0heures pour l\u2019exposition Hokusai, \u00e0 Nantes<\/a><\/p>\n<p>Animations au jardin japonais et au cin\u00e9ma<\/p>\n<p>En parall\u00e8le, un programme \u00e0 la journ\u00e9e a \u00e9t\u00e9 con\u00e7u avec le service Nature et Jardins de la Ville de Nantes, en collaboration avec le r\u00e9seau Carte Blanche, afin de cr\u00e9er des passerelles entre l\u2019exposition et la d\u00e9couverte du Jardin japonais de l\u2019\u00eele de Versailles et son pavillon r\u00e9cemment rouvert. Ce temps fort se d\u00e9roule\u00a0jusqu\u2019au 28\u00a0ao\u00fbt.<\/p>\n<p>Le Cin\u00e9matographe diffusera\u00a0samedi 6\u00a0septembre, \u00e0 11\u00a0h, le film documentaire de Lise Baron (2025), Hokusai, impressions du soleil levant.<\/p>\n<p> <strong>Hokusai (1760-1849), chefs-d\u2019\u0153uvre du mus\u00e9e Hokusai-kan d\u2019Obuse,<\/strong>  jusqu\u2019au 7\u00a0septembre, tous les jours de 10\u00a0h \u00e0 19\u00a0h, ch\u00e2teau des ducs de Bretagne \u00e0 Nantes. Cr\u00e9neaux de visite (complets jusqu\u2019au 23\u00a0juillet) \u00e0 r\u00e9server\u00a0: reservation.chateaunantes.fr. 9\u00a0\u20ac\/ 5\u00a0\u20ac (-26\u00a0ans), gratuit (-18\u00a0ans).\u00a0Plus d\u2019informations sur le <a href=\"https:\/\/www.chateaunantes.fr\/expositions\/exposition-hokusai\/\" target=\"_blank\" rel=\"noopener\">site internet du Ch\u00e2teau des ducs<\/a>.<\/p>\n<p>\u00a0<\/p>\n","protected":false},"excerpt":{"rendered":"Face au succ\u00e8s de l\u2019exposition Hokusai (1760-1849), chefs-d\u2019\u0153uvre du mus\u00e9e Hokusai-kan d\u2019Obuse , et pour r\u00e9pondre \u00e0 l\u2019enthousiasme&hellip;\n","protected":false},"author":2,"featured_media":347566,"comment_status":"","ping_status":"","sticky":false,"template":"","format":"standard","meta":{"footnotes":""},"categories":[2818],"tags":[1111,11,1438,48357,1777,674,12176,2823,1011,27,18699,766,12,2636,25,6006,510],"class_list":{"0":"post-347565","1":"post","2":"type-post","3":"status-publish","4":"format-standard","5":"has-post-thumbnail","7":"category-nantes","8":"tag-actu","9":"tag-actualites","10":"tag-angers","11":"tag-creneaux","12":"tag-eu","13":"tag-europe","14":"tag-expo","15":"tag-face","16":"tag-fr","17":"tag-france","18":"tag-hokusai","19":"tag-nantes","20":"tag-news","21":"tag-pays-de-la-loire","22":"tag-republique-francaise","23":"tag-succes","24":"tag-visite"},"share_on_mastodon":{"url":"https:\/\/pubeurope.com\/@fr\/115100748615396635","error":""},"_links":{"self":[{"href":"https:\/\/www.europesays.com\/fr\/wp-json\/wp\/v2\/posts\/347565","targetHints":{"allow":["GET"]}}],"collection":[{"href":"https:\/\/www.europesays.com\/fr\/wp-json\/wp\/v2\/posts"}],"about":[{"href":"https:\/\/www.europesays.com\/fr\/wp-json\/wp\/v2\/types\/post"}],"author":[{"embeddable":true,"href":"https:\/\/www.europesays.com\/fr\/wp-json\/wp\/v2\/users\/2"}],"replies":[{"embeddable":true,"href":"https:\/\/www.europesays.com\/fr\/wp-json\/wp\/v2\/comments?post=347565"}],"version-history":[{"count":0,"href":"https:\/\/www.europesays.com\/fr\/wp-json\/wp\/v2\/posts\/347565\/revisions"}],"wp:featuredmedia":[{"embeddable":true,"href":"https:\/\/www.europesays.com\/fr\/wp-json\/wp\/v2\/media\/347566"}],"wp:attachment":[{"href":"https:\/\/www.europesays.com\/fr\/wp-json\/wp\/v2\/media?parent=347565"}],"wp:term":[{"taxonomy":"category","embeddable":true,"href":"https:\/\/www.europesays.com\/fr\/wp-json\/wp\/v2\/categories?post=347565"},{"taxonomy":"post_tag","embeddable":true,"href":"https:\/\/www.europesays.com\/fr\/wp-json\/wp\/v2\/tags?post=347565"}],"curies":[{"name":"wp","href":"https:\/\/api.w.org\/{rel}","templated":true}]}}