{"id":347567,"date":"2025-08-27T12:33:24","date_gmt":"2025-08-27T12:33:24","guid":{"rendered":"https:\/\/www.europesays.com\/fr\/347567\/"},"modified":"2025-08-27T12:33:24","modified_gmt":"2025-08-27T12:33:24","slug":"des-places-supplementaires-pour-admirer-lexposition-hokusai","status":"publish","type":"post","link":"https:\/\/www.europesays.com\/fr\/347567\/","title":{"rendered":"des places suppl\u00e9mentaires pour admirer l&rsquo;exposition Hokusai"},"content":{"rendered":"\n<p><strong>Pour permettre au plus grand nombre d&rsquo;admirer l&rsquo;exposition Hokusai, le Chateau des Ducs de Bretagne va proposer de nouveaux cr\u00e9neaux de visite pour ceux qui n&rsquo;ont pas pu acheter leur billet \u00e0 l&rsquo;avance.<\/strong><\/p>\n<p><strong>Elle fascine petits et grands depuis le mois de juin<\/strong>. L&rsquo;exposition Hokusai au ch\u00e2teau des ducs de Bretagne de Nantes cartonne, comme nous vous le racontions dans <a href=\"https:\/\/www.alouette.fr\/nantes-l-exposition-hokusai-victime-de-son-succes\" rel=\"noopener nofollow\" target=\"_blank\">un pr\u00e9c\u00e9dent article<\/a>. <strong>Seule ombre au tableau : l&rsquo;attente<\/strong> <strong>qui peut durer des heures <\/strong>pour ceux qui souhaitent acheter leur billet sur place. Car depuis plusieurs semaines, d\u00e9j\u00e0, <strong>tous les cr\u00e9neaux de visite sont pleins<\/strong>.<\/p>\n<p>\u00a0<\/p>\n<p>10 derniers jours pour en profiter<\/p>\n<p>Si vous n&rsquo;avez pas encore eu la chance de d\u00e9couvrir les \u0153uvres du peintre japonais, pas de panique, il vous reste encore quelques jours. Bonne nouvelle, pour <strong>la derni\u00e8re semaine de l&rsquo;exposition (du 1er au 7 septembre<\/strong>), des <strong>cr\u00e9neaux de visite suppl\u00e9mentaires vont \u00eatre propos\u00e9s<\/strong>.<\/p>\n<p>\u00c0 partir de ce lundi 1er septembre et jusqu&rsquo;au samedi 6 septembre, il sera possible <strong>d&rsquo;y acc\u00e9der jusqu&rsquo;\u00e0 22h<\/strong>, et jusqu&rsquo;\u00e0 <strong>19h le dimanche 7 septembre<\/strong>, le dernier jour,<strong> qui sera d&rsquo;ailleurs gratuit et sans r\u00e9servation<\/strong>. Pour avoir une place pour les autres jours, il faudra se rendre <strong><a href=\"https:\/\/reservation.chateaunantes.fr\/content#\" rel=\"noopener nofollow\" target=\"_blank\">sur le site du mus\u00e9e<\/a> ce vendredi 29 ao\u00fbt \u00e0 partir de 12h <\/strong>afin de d\u00e9crocher le pr\u00e9cieux s\u00e9same.<\/p>\n<p>Si vous souhaitez prolonger l&rsquo;exp\u00e9rience, <strong>le Cin\u00e9matographe de Nantes <\/strong>diffuse le samedi 6 septembre \u00e0 11h le <strong>documentaire intitul\u00e9 \u00ab\u00a0Hokusai, impressions du soleil levant\u00a0\u00bb<\/strong>.<\/p>\n","protected":false},"excerpt":{"rendered":"Pour permettre au plus grand nombre d&rsquo;admirer l&rsquo;exposition Hokusai, le Chateau des Ducs de Bretagne va proposer de&hellip;\n","protected":false},"author":2,"featured_media":347568,"comment_status":"","ping_status":"","sticky":false,"template":"","format":"standard","meta":{"footnotes":""},"categories":[2818],"tags":[1111,11,3734,13375,11720,45497,48359,1777,674,12176,3293,1011,27,18699,48358,766,12,2636,17258,25,48360,510],"class_list":{"0":"post-347567","1":"post","2":"type-post","3":"status-publish","4":"format-standard","5":"has-post-thumbnail","7":"category-nantes","8":"tag-actu","9":"tag-actualites","10":"tag-art","11":"tag-attente","12":"tag-billet","13":"tag-chateau-des-ducs-de-bretagne","14":"tag-creneau","15":"tag-eu","16":"tag-europe","17":"tag-expo","18":"tag-exposition","19":"tag-fr","20":"tag-france","21":"tag-hokusai","22":"tag-japonais","23":"tag-nantes","24":"tag-news","25":"tag-pays-de-la-loire","26":"tag-peintre","27":"tag-republique-francaise","28":"tag-supplementaire","29":"tag-visite"},"share_on_mastodon":{"url":"https:\/\/pubeurope.com\/@fr\/115100752569149942","error":""},"_links":{"self":[{"href":"https:\/\/www.europesays.com\/fr\/wp-json\/wp\/v2\/posts\/347567","targetHints":{"allow":["GET"]}}],"collection":[{"href":"https:\/\/www.europesays.com\/fr\/wp-json\/wp\/v2\/posts"}],"about":[{"href":"https:\/\/www.europesays.com\/fr\/wp-json\/wp\/v2\/types\/post"}],"author":[{"embeddable":true,"href":"https:\/\/www.europesays.com\/fr\/wp-json\/wp\/v2\/users\/2"}],"replies":[{"embeddable":true,"href":"https:\/\/www.europesays.com\/fr\/wp-json\/wp\/v2\/comments?post=347567"}],"version-history":[{"count":0,"href":"https:\/\/www.europesays.com\/fr\/wp-json\/wp\/v2\/posts\/347567\/revisions"}],"wp:featuredmedia":[{"embeddable":true,"href":"https:\/\/www.europesays.com\/fr\/wp-json\/wp\/v2\/media\/347568"}],"wp:attachment":[{"href":"https:\/\/www.europesays.com\/fr\/wp-json\/wp\/v2\/media?parent=347567"}],"wp:term":[{"taxonomy":"category","embeddable":true,"href":"https:\/\/www.europesays.com\/fr\/wp-json\/wp\/v2\/categories?post=347567"},{"taxonomy":"post_tag","embeddable":true,"href":"https:\/\/www.europesays.com\/fr\/wp-json\/wp\/v2\/tags?post=347567"}],"curies":[{"name":"wp","href":"https:\/\/api.w.org\/{rel}","templated":true}]}}