{"id":347569,"date":"2025-08-27T12:34:11","date_gmt":"2025-08-27T12:34:11","guid":{"rendered":"https:\/\/www.europesays.com\/fr\/347569\/"},"modified":"2025-08-27T12:34:11","modified_gmt":"2025-08-27T12:34:11","slug":"pres-de-1-000-personnes-attendues-jeudi-prochain-pour-les-5-ans-de-placeco-en-gironde","status":"publish","type":"post","link":"https:\/\/www.europesays.com\/fr\/347569\/","title":{"rendered":"Pr\u00e8s de 1.000 personnes attendues jeudi prochain pour les 5 ans de Plac\u00e9co en Gironde"},"content":{"rendered":"<p>Jeudi 4 septembre, au Palais des Congr\u00e8s de Bordeaux, Plac\u00e9co attend pr\u00e8s de 1.000 personnes pour c\u00e9l\u00e9brer ses cinq ans. Chaque ann\u00e9e, nous abordons l&rsquo;\u00e9conomie sur un mode un peu d\u00e9cal\u00e9. Cette fois, ce sera autour d&rsquo;un d\u00eener de famille, pour une soir\u00e9e plac\u00e9e sous le signe des surprises.<\/p>\n<p>Ce jeudi 4 septembre, \u00e0 partir de 19h00 au Palais des Congr\u00e8s de Bordeaux, Plac\u00e9co c\u00e9l\u00e8bre ses 5 ans.<\/p>\n<p>Chaque ann\u00e9e, la soir\u00e9e Plac\u00e9co r\u00e9unit les dirigeants de Gironde pour la premi\u00e8re soir\u00e9e de networking de la rentr\u00e9e. Cette fois, nous attendons pr\u00e8s d&rsquo;un millier de personnes. Et pour aborder l&rsquo;\u00e9conomie sur un mode d\u00e9cal\u00e9, c&rsquo;est autour d&rsquo;un d\u00eener de famille, avec ses diff\u00e9rents moments conviviaux et pleins de surprises, que nous parlerons d&rsquo;innovation, de strat\u00e9gie mais aussi de prospective pour regarder o\u00f9 va l&rsquo;\u00e9conomie girondine. Nous donnerons des nouvelles des uns et des autres, nous rem\u00e9morerons des souvenirs &#8230; Bref, comme dans un repas d&rsquo;anniversaire, nous apprendrons et aurons plaisir \u00e0 nous retrouver. Peut-\u00eatre m\u00eame que nous chanterons&#8230;<\/p>\n<p>  Seront notamment pr\u00e9sents sur sc\u00e8ne : Jean-Paul Cal\u00e8s, Caroline Gu\u00e9rin-Pigeon, Christine Beynel, Jean-Fran\u00e7ois Cl\u00e9del, Julien Parrou-Duboscq, Philippe Rondot, Fran\u00e7ois Perrin, Marc Prikazsky, Patrice Beal, Marie Kerouedan, Marie-Ange Gay Ramos et Philippe Metayer.<\/p>\n<p>\u261e Mieux vaut <a href=\"https:\/\/placeco.fr\/gironde\/evenement\" target=\"_blank\" rel=\"nofollow noopener\">r\u00e9server sa place et s&rsquo;inscrire<\/a>. <\/p>\n","protected":false},"excerpt":{"rendered":"Jeudi 4 septembre, au Palais des Congr\u00e8s de Bordeaux, Plac\u00e9co attend pr\u00e8s de 1.000 personnes pour c\u00e9l\u00e9brer ses&hellip;\n","protected":false},"author":2,"featured_media":347570,"comment_status":"","ping_status":"","sticky":false,"template":"","format":"standard","meta":{"footnotes":""},"categories":[2817],"tags":[1111,11,1997,1777,674,1011,27,12,2219,5645,25],"class_list":{"0":"post-347569","1":"post","2":"type-post","3":"status-publish","4":"format-standard","5":"has-post-thumbnail","7":"category-bordeaux","8":"tag-actu","9":"tag-actualites","10":"tag-bordeaux","11":"tag-eu","12":"tag-europe","13":"tag-fr","14":"tag-france","15":"tag-news","16":"tag-nouvelle-aquitaine","17":"tag-placco-placeco","18":"tag-republique-francaise"},"share_on_mastodon":{"url":"https:\/\/pubeurope.com\/@fr\/115100756534945863","error":""},"_links":{"self":[{"href":"https:\/\/www.europesays.com\/fr\/wp-json\/wp\/v2\/posts\/347569","targetHints":{"allow":["GET"]}}],"collection":[{"href":"https:\/\/www.europesays.com\/fr\/wp-json\/wp\/v2\/posts"}],"about":[{"href":"https:\/\/www.europesays.com\/fr\/wp-json\/wp\/v2\/types\/post"}],"author":[{"embeddable":true,"href":"https:\/\/www.europesays.com\/fr\/wp-json\/wp\/v2\/users\/2"}],"replies":[{"embeddable":true,"href":"https:\/\/www.europesays.com\/fr\/wp-json\/wp\/v2\/comments?post=347569"}],"version-history":[{"count":0,"href":"https:\/\/www.europesays.com\/fr\/wp-json\/wp\/v2\/posts\/347569\/revisions"}],"wp:featuredmedia":[{"embeddable":true,"href":"https:\/\/www.europesays.com\/fr\/wp-json\/wp\/v2\/media\/347570"}],"wp:attachment":[{"href":"https:\/\/www.europesays.com\/fr\/wp-json\/wp\/v2\/media?parent=347569"}],"wp:term":[{"taxonomy":"category","embeddable":true,"href":"https:\/\/www.europesays.com\/fr\/wp-json\/wp\/v2\/categories?post=347569"},{"taxonomy":"post_tag","embeddable":true,"href":"https:\/\/www.europesays.com\/fr\/wp-json\/wp\/v2\/tags?post=347569"}],"curies":[{"name":"wp","href":"https:\/\/api.w.org\/{rel}","templated":true}]}}