{"id":347577,"date":"2025-08-27T12:38:20","date_gmt":"2025-08-27T12:38:20","guid":{"rendered":"https:\/\/www.europesays.com\/fr\/347577\/"},"modified":"2025-08-27T12:38:20","modified_gmt":"2025-08-27T12:38:20","slug":"le-forum-des-associations-et-du-benevolat-2025-sengager-dans-la-vie-associative-participer","status":"publish","type":"post","link":"https:\/\/www.europesays.com\/fr\/347577\/","title":{"rendered":"Le Forum des Associations et du B\u00e9n\u00e9volat 2025 \/ S\u2019engager dans la vie associative \/ Participer"},"content":{"rendered":"<p>Envie de d\u00e9couvrir une activit\u00e9 qui vous ressemble, ou de vous engager dans la vie associative lilloise ? Le <strong>Forum des Associations et du B\u00e9n\u00e9volat<\/strong> revient au <strong>Grand Sud<\/strong> le <strong>samedi 27 septembre 2025<\/strong>, de <strong>10h \u00e0 17h<\/strong>.<\/p>\n<p>            <img loading=\"lazy\" decoding=\"async\" src=\"\/var\/www\/storage\/images\/mediatheque\/mairie-de-lille\/n1\/participer\/s-engager-dans-la-vie-associative\/images\/forum-2023\/3279422-1-fre-FR\/Forum-2023_news_image_top.jpg\" width=\"779\" height=\"519\" alt=\"\"\/><\/p>\n<p><strong>Un \u00e9v\u00e9nement pour petits et grands<\/strong><\/p>\n<p>Organis\u00e9 par la Maison des Associations de Lille, ce rendez-vous annuel permet \u00e0 toute la famille de trouver une activit\u00e9 adapt\u00e9e \u00e0 ses envies : ateliers cr\u00e9atifs, projets solidaires, sports, culture, environnement&#8230; Il y en a pour tous les go\u00fbts et tous les \u00e2ges.<\/p>\n<p>C\u2019est l\u2019occasion id\u00e9ale pour :<\/p>\n<ul class=\"listPuce\">\n<li>D\u00e9couvrir la richesse du tissu associatif lillois,<\/li>\n<li>Trouver une activit\u00e9 pour les enfants comme pour les parents,<\/li>\n<li>\u00c9changer avec les associations pr\u00e9sentes,<\/li>\n<li>S\u2019engager ponctuellement ou sur le long terme, selon ses disponibilit\u00e9s.<\/li>\n<\/ul>\n<p><strong>Des rencontres, des d\u00e9couvertes\u2026 et de la convivialit\u00e9<\/strong><\/p>\n<p>Avec plus de 200 associations r\u00e9unies, le Forum propose tout au long de la journ\u00e9e des stands pour rencontrer les b\u00e9n\u00e9voles et porteurs de projets et des food-trucks pour se restaurer sur place.<\/p>\n<p>Venez vivre un moment de partage, que vous soyez seul ou en famille.<\/p>\n<p><strong>Lieu<\/strong>\u00a0: Le Grand Sud \u2013 50 rue de l&rsquo;Europe, Lille<\/p>\n<p><strong>Date<\/strong>\u00a0: Samedi 27 septembre 2025 de 10h \u00e0 17h<\/p>\n<p><strong>\u00a0<\/strong><\/p>\n<p>            Lire aussi<\/p>\n<p>            <img loading=\"lazy\" decoding=\"async\" src=\"\/var\/www\/storage\/images\/mediatheque\/mairie-de-lille\/n1\/participer\/s-engager-dans-la-vie-associative\/images\/formation-2021\/2816525-1-fre-FR\/Formation-2021_crossreading.jpg\" width=\"95\" height=\"95\" alt=\"\"\/>           <\/p>\n<p>        <a href=\"https:\/\/www.lille.fr\/Participer\/S-engager-dans-la-vie-associative\/Les-formations\" class=\"actuTitle\" title=\"Les formations \" target=\"_blank\" rel=\"noopener\">Les formations <\/a><\/p>\n<p>Cr\u00e9er et g\u00e9rer une association, \u00e7a s\u2019apprend ! La Maison des Associations de Lille vous accompagne pour acqu\u00e9rir ou consolider les comp\u00e9tences n\u00e9c&#8230;<\/p>\n<p>        <a href=\"https:\/\/www.lille.fr\/Participer\/S-engager-dans-la-vie-associative\/Les-formations\" class=\"voirActus\" target=\"_blank\" rel=\"noopener\">Voir<\/a><\/p>\n<p>            <img loading=\"lazy\" decoding=\"async\" src=\"\/var\/www\/storage\/images\/mediatheque\/mairie-de-lille\/actualites\/images\/2024\/avril-2024\/maison-lill-ages\/3466709-1-fre-FR\/Maison-Lill-Ages_crossreading.jpg\" width=\"95\" height=\"95\" alt=\"\"\/>           <\/p>\n<p>        <a href=\"https:\/\/www.lille.fr\/Senior2\/Maison-Lill-Ages\" class=\"actuTitle\" title=\"Maison Lill&#039;\u00c2ges\" target=\"_blank\" rel=\"noopener\">Maison Lill&rsquo;\u00c2ges<\/a><\/p>\n<p>\nLa Maison Lill&rsquo;\u00c2ges est un espace de d\u00e9monstration pour adapter son domicile et conserver son autonomie.\n<\/p>\n<p>        <a href=\"https:\/\/www.lille.fr\/Senior2\/Maison-Lill-Ages\" class=\"voirActus\" target=\"_blank\" rel=\"noopener\">Voir<\/a><\/p>\n<p>            <img loading=\"lazy\" decoding=\"async\" src=\"\/var\/www\/storage\/images\/mediatheque\/mairie-de-lille\/actualites\/images\/2025\/juin-2025\/ville-ambassadrice-don-d-organes\/3795308-1-fre-FR\/ville-ambassadrice-don-d-organes_crossreading.jpg\" width=\"95\" height=\"95\" alt=\"\"\/>           <\/p>\n","protected":false},"excerpt":{"rendered":"Envie de d\u00e9couvrir une activit\u00e9 qui vous ressemble, ou de vous engager dans la vie associative lilloise ?&hellip;\n","protected":false},"author":2,"featured_media":347578,"comment_status":"","ping_status":"","sticky":false,"template":"","format":"standard","meta":{"footnotes":""},"categories":[2815],"tags":[1111,11,4763,1777,674,1011,27,811,1307,5415,12,25],"class_list":{"0":"post-347577","1":"post","2":"type-post","3":"status-publish","4":"format-standard","5":"has-post-thumbnail","7":"category-lille","8":"tag-actu","9":"tag-actualites","10":"tag-agenda","11":"tag-eu","12":"tag-europe","13":"tag-fr","14":"tag-france","15":"tag-hauts-de-france","16":"tag-lille","17":"tag-mairie","18":"tag-news","19":"tag-republique-francaise"},"share_on_mastodon":{"url":"https:\/\/pubeurope.com\/@fr\/115100772547937498","error":""},"_links":{"self":[{"href":"https:\/\/www.europesays.com\/fr\/wp-json\/wp\/v2\/posts\/347577","targetHints":{"allow":["GET"]}}],"collection":[{"href":"https:\/\/www.europesays.com\/fr\/wp-json\/wp\/v2\/posts"}],"about":[{"href":"https:\/\/www.europesays.com\/fr\/wp-json\/wp\/v2\/types\/post"}],"author":[{"embeddable":true,"href":"https:\/\/www.europesays.com\/fr\/wp-json\/wp\/v2\/users\/2"}],"replies":[{"embeddable":true,"href":"https:\/\/www.europesays.com\/fr\/wp-json\/wp\/v2\/comments?post=347577"}],"version-history":[{"count":0,"href":"https:\/\/www.europesays.com\/fr\/wp-json\/wp\/v2\/posts\/347577\/revisions"}],"wp:featuredmedia":[{"embeddable":true,"href":"https:\/\/www.europesays.com\/fr\/wp-json\/wp\/v2\/media\/347578"}],"wp:attachment":[{"href":"https:\/\/www.europesays.com\/fr\/wp-json\/wp\/v2\/media?parent=347577"}],"wp:term":[{"taxonomy":"category","embeddable":true,"href":"https:\/\/www.europesays.com\/fr\/wp-json\/wp\/v2\/categories?post=347577"},{"taxonomy":"post_tag","embeddable":true,"href":"https:\/\/www.europesays.com\/fr\/wp-json\/wp\/v2\/tags?post=347577"}],"curies":[{"name":"wp","href":"https:\/\/api.w.org\/{rel}","templated":true}]}}