{"id":347581,"date":"2025-08-27T12:40:12","date_gmt":"2025-08-27T12:40:12","guid":{"rendered":"https:\/\/www.europesays.com\/fr\/347581\/"},"modified":"2025-08-27T12:40:12","modified_gmt":"2025-08-27T12:40:12","slug":"a-marseille-la-securisation-des-parkings-produit-ses-effets","status":"publish","type":"post","link":"https:\/\/www.europesays.com\/fr\/347581\/","title":{"rendered":"\u00c0 Marseille, la s\u00e9curisation des parkings produit ses effets"},"content":{"rendered":"<p>                    <img loading=\"lazy\" decoding=\"async\" src=\"https:\/\/www.europesays.com\/fr\/wp-content\/uploads\/2025\/08\/7dc379185f432cdb0ce4ca2bb441db.jpg\" class=\"img-responsive post-image\" width=\"680\" height=\"510\" alt=\"\u00c0 Marseille, la s\u00e9curisat\" title=\"\u00c0 Marseille, la s\u00e9curisation des parkings produit ses effets\"\/><\/p>\n<p class=\"chapo\">De nombreux parkings sont devenus des zones sensibles\u00a0: vols, squats, agressions\u2026<\/p>\n<p><strong>Face \u00e0 cette d\u00e9rive, la M\u00e9tropole n\u2019est pas rest\u00e9e passive. En 2023, un plan de s\u00fbret\u00e9 ambitieux a \u00e9t\u00e9 engag\u00e9. Et les r\u00e9sultats ne se sont pas fait attendre.<\/strong> Au parking Charles-de-Gaulle, \u00e0 Marseille, 180 expulsions ont \u00e9t\u00e9 recens\u00e9es en avril 2024, contre seulement 9 cinq mois plus tard. Les vols de v\u00e9hicules, encore au nombre de 12 en avril 2024, ont totalement disparu en d\u00e9cembre. Quant aux d\u00e9gradations, elles sont pass\u00e9es de huit en mai 2023 \u00e0 aucune en mai 2025.<br class=\"texte\"\/><br \/>\nPour parvenir \u00e0 ces r\u00e9sultats, la M\u00e9tropole a d\u00e9ploy\u00e9 une s\u00e9rie de dispositifs concrets\u00a0: gardiennage mobile renforc\u00e9 sept jours sur sept sur six sites majeurs \u2013 Dock, Espercieux, R\u00e9publique, Phoc\u00e9ens, De Gaulle et Jean Jaur\u00e8s\u00a0-, installation de syst\u00e8mes de vid\u00e9osurveillance, de contacteurs de s\u00e9curit\u00e9, et d\u2019un premier speed gate au parking De Gaulle, un portail pliant qui s\u2019ouvre et se ferme tr\u00e8s rapidement.<br class=\"autobr\"\/><br \/>\nEt cette dynamique ne faiblit pas. D\u00e8s ce mois-ci, un nouvel \u00e9largissement du plan sera soumis au vote du conseil de la M\u00e9tropole. Il pr\u00e9voit un renforcement du gardiennage sur les sites de l\u2019H\u00f4tel de Ville, de la Pr\u00e9fecture, de Castellane et d\u2019Estienne d\u2019Orves, l\u2019installation d\u2019un speed gate \u00e0 Pr\u00e9fecture, l\u2019extension de la vid\u00e9osurveillance \u00e0 Castellane et Pr\u00e9fecture, ainsi que la pose de contacteurs pi\u00e9tons suppl\u00e9mentaires.<\/p>\n<p>Photo de Une \u00a9M\u00e9tropole Aix-Marseille Provence.<\/p>\n","protected":false},"excerpt":{"rendered":"De nombreux parkings sont devenus des zones sensibles\u00a0: vols, squats, agressions\u2026 Face \u00e0 cette d\u00e9rive, la M\u00e9tropole n\u2019est&hellip;\n","protected":false},"author":2,"featured_media":347582,"comment_status":"","ping_status":"","sticky":false,"template":"","format":"standard","meta":{"footnotes":""},"categories":[2814],"tags":[1111,11,2408,1777,674,1011,27,884,12,882,25],"class_list":{"0":"post-347581","1":"post","2":"type-post","3":"status-publish","4":"format-standard","5":"has-post-thumbnail","7":"category-marseille","8":"tag-actu","9":"tag-actualites","10":"tag-appels-d","11":"tag-eu","12":"tag-europe","13":"tag-fr","14":"tag-france","15":"tag-marseille","16":"tag-news","17":"tag-provence-alpes-cote-dazur","18":"tag-republique-francaise"},"share_on_mastodon":{"url":"https:\/\/pubeurope.com\/@fr\/115100780068444617","error":""},"_links":{"self":[{"href":"https:\/\/www.europesays.com\/fr\/wp-json\/wp\/v2\/posts\/347581","targetHints":{"allow":["GET"]}}],"collection":[{"href":"https:\/\/www.europesays.com\/fr\/wp-json\/wp\/v2\/posts"}],"about":[{"href":"https:\/\/www.europesays.com\/fr\/wp-json\/wp\/v2\/types\/post"}],"author":[{"embeddable":true,"href":"https:\/\/www.europesays.com\/fr\/wp-json\/wp\/v2\/users\/2"}],"replies":[{"embeddable":true,"href":"https:\/\/www.europesays.com\/fr\/wp-json\/wp\/v2\/comments?post=347581"}],"version-history":[{"count":0,"href":"https:\/\/www.europesays.com\/fr\/wp-json\/wp\/v2\/posts\/347581\/revisions"}],"wp:featuredmedia":[{"embeddable":true,"href":"https:\/\/www.europesays.com\/fr\/wp-json\/wp\/v2\/media\/347582"}],"wp:attachment":[{"href":"https:\/\/www.europesays.com\/fr\/wp-json\/wp\/v2\/media?parent=347581"}],"wp:term":[{"taxonomy":"category","embeddable":true,"href":"https:\/\/www.europesays.com\/fr\/wp-json\/wp\/v2\/categories?post=347581"},{"taxonomy":"post_tag","embeddable":true,"href":"https:\/\/www.europesays.com\/fr\/wp-json\/wp\/v2\/tags?post=347581"}],"curies":[{"name":"wp","href":"https:\/\/api.w.org\/{rel}","templated":true}]}}