{"id":347583,"date":"2025-08-27T12:41:10","date_gmt":"2025-08-27T12:41:10","guid":{"rendered":"https:\/\/www.europesays.com\/fr\/347583\/"},"modified":"2025-08-27T12:41:10","modified_gmt":"2025-08-27T12:41:10","slug":"marseille-un-jeune-de-20-ans-decede-apres-un-refus-dobtemperer-a-scooter","status":"publish","type":"post","link":"https:\/\/www.europesays.com\/fr\/347583\/","title":{"rendered":"Marseille\u00a0: un jeune de 20\u00a0ans d\u00e9c\u00e8de apr\u00e8s un refus d\u2019obtemp\u00e9rer \u00e0 scooter"},"content":{"rendered":"<p class=\"paragraph text_align_left lp-f-body-02\">Un jeune homme de 20 ans est mort dans la nuit de mardi \u00e0 mercredi \u00e0 Marseille apr\u00e8s un accident cons\u00e9cutif \u00e0 <a href=\"https:\/\/www.leparisien.fr\/hauts-de-seine-92\/courbevoie-une-course-poursuite-de-plus-de-20-km-apres-un-refus-dobtemperer-18-08-2025-Q5LQLCACMBAGDD2VYQTDB5ACBA.php\" target=\"_self\" rel=\"noopener\">un refus d\u2019obtemp\u00e9rer<\/a>, ont indiqu\u00e9 des sources proches de l\u2019enqu\u00eate \u00e0 l\u2019AFP.<\/p>\n<p class=\"paragraph text_align_left lp-f-body-02\">Peu apr\u00e8s 2 heures du matin, dans le Xe arrondissement de la ville phoc\u00e9enne, un \u00e9quipage de police a voulu contr\u00f4ler le jeune homme apr\u00e8s de multiples infractions au Code de la route. Le conducteur du scooter a alors pris la fuite et la police l\u2019a poursuivi, selon une source proche du dossier.<\/p>\n<p>Chute violente<\/p>\n<p class=\"paragraph text_align_left lp-f-body-02\">En tentant d\u2019\u00e9chapper aux forces de l\u2019ordre, il a heurt\u00e9 une cha\u00eene de parking et a chut\u00e9 lourdement. Transport\u00e9 en arr\u00eat cardio-respiratoire \u00e0 l\u2019h\u00f4pital de la Timone, son d\u00e9c\u00e8s a prononc\u00e9.<\/p>\n<p class=\"paragraph text_align_left lp-f-body-02\">Le parquet de Marseille a d\u00e9clar\u00e9 avoir ouvert deux enqu\u00eates distinctes : l\u2019une pour \u00ab refus d\u2019obtemp\u00e9rer aggrav\u00e9 \u00bb, l\u2019autre pour \u00ab homicide involontaire \u00bb.<\/p>\n","protected":false},"excerpt":{"rendered":"Un jeune homme de 20 ans est mort dans la nuit de mardi \u00e0 mercredi \u00e0 Marseille apr\u00e8s&hellip;\n","protected":false},"author":2,"featured_media":347584,"comment_status":"","ping_status":"","sticky":false,"template":"","format":"standard","meta":{"footnotes":""},"categories":[2814],"tags":[1111,11,11004,459,1777,674,1011,27,884,12,882,25],"class_list":{"0":"post-347583","1":"post","2":"type-post","3":"status-publish","4":"format-standard","5":"has-post-thumbnail","7":"category-marseille","8":"tag-actu","9":"tag-actualites","10":"tag-bouches-du-rhone-13","11":"tag-departements-horsidfo","12":"tag-eu","13":"tag-europe","14":"tag-fr","15":"tag-france","16":"tag-marseille","17":"tag-news","18":"tag-provence-alpes-cote-dazur","19":"tag-republique-francaise"},"share_on_mastodon":{"url":"https:\/\/pubeurope.com\/@fr\/115100784017905514","error":""},"_links":{"self":[{"href":"https:\/\/www.europesays.com\/fr\/wp-json\/wp\/v2\/posts\/347583","targetHints":{"allow":["GET"]}}],"collection":[{"href":"https:\/\/www.europesays.com\/fr\/wp-json\/wp\/v2\/posts"}],"about":[{"href":"https:\/\/www.europesays.com\/fr\/wp-json\/wp\/v2\/types\/post"}],"author":[{"embeddable":true,"href":"https:\/\/www.europesays.com\/fr\/wp-json\/wp\/v2\/users\/2"}],"replies":[{"embeddable":true,"href":"https:\/\/www.europesays.com\/fr\/wp-json\/wp\/v2\/comments?post=347583"}],"version-history":[{"count":0,"href":"https:\/\/www.europesays.com\/fr\/wp-json\/wp\/v2\/posts\/347583\/revisions"}],"wp:featuredmedia":[{"embeddable":true,"href":"https:\/\/www.europesays.com\/fr\/wp-json\/wp\/v2\/media\/347584"}],"wp:attachment":[{"href":"https:\/\/www.europesays.com\/fr\/wp-json\/wp\/v2\/media?parent=347583"}],"wp:term":[{"taxonomy":"category","embeddable":true,"href":"https:\/\/www.europesays.com\/fr\/wp-json\/wp\/v2\/categories?post=347583"},{"taxonomy":"post_tag","embeddable":true,"href":"https:\/\/www.europesays.com\/fr\/wp-json\/wp\/v2\/tags?post=347583"}],"curies":[{"name":"wp","href":"https:\/\/api.w.org\/{rel}","templated":true}]}}