{"id":347585,"date":"2025-08-27T12:42:10","date_gmt":"2025-08-27T12:42:10","guid":{"rendered":"https:\/\/www.europesays.com\/fr\/347585\/"},"modified":"2025-08-27T12:42:10","modified_gmt":"2025-08-27T12:42:10","slug":"le-programme-des-parcs-lyonnais-reprend-a-la-rentree","status":"publish","type":"post","link":"https:\/\/www.europesays.com\/fr\/347585\/","title":{"rendered":"le programme des parcs lyonnais reprend \u00e0 la rentr\u00e9e"},"content":{"rendered":"<p>                            <img loading=\"lazy\" width=\"1080\" height=\"675\" class=\"attachment-article size-article wp-post-image lazyload\" alt=\"parc de parilly\" decoding=\"async\" src=\"https:\/\/www.europesays.com\/fr\/wp-content\/uploads\/2025\/08\/Parilly-arche-scaled-e1686304020357.jpg\" data-eio-rwidth=\"1080\" data-eio-rheight=\"675\"\/><\/p>\n<p>Parc de Parilly @ Wikip\u00e9dia<\/p>\n<p class=\"content\" style=\"font-size:1.2em;font-weight:700\">Malgr\u00e9 la rentr\u00e9e scolaire qui approche, les parcs de la m\u00e9tropole de Lyon continuent de proposer des activit\u00e9s pour tous les \u00e2ges.<\/p>\n<p>La M\u00e9tropole de Lyon relance son programme d\u2019animations dans ses parcs \u00e0 partir de septembre. Les parcs de Parilly, de la Porte des Alpes et le Domaine de Lacroix-Laval accueillent ateliers et balades pour petits et grands. <\/p>\n<p>Parmi les activit\u00e9s propos\u00e9es : \u00ab\u00a0Le parc vu par les insectes\u00a0\u00bb au parc de Parilly le 10 septembre, \u00ab\u00a0Petit peuple de l\u2019eau\u00a0\u00bb au Domaine de Lacroix-Laval le 13 septembre ou encore \u00ab\u00a0Papillons, col\u00e9opt\u00e8res, abeilles, gu\u00eapes\u2026\u00a0\u00bb le 27 septembre \u00e0 la Porte des Alpes. <\/p>\n<p>En octobre, les animations se poursuivent avec \u00ab\u00a0Prendre soin des arbres\u00a0\u00bb ou \u00ab\u00a0De la graine \u00e0 l\u2019arbre\u00a0\u00bb. Toutes les activit\u00e9s sont gratuites et ouvertes \u00e0 partir de 4 ans selon la programmation. Les inscriptions se font en ligne sur le site grandlyon.com\/parcs.<\/p>\n","protected":false},"excerpt":{"rendered":"Parc de Parilly @ Wikip\u00e9dia Malgr\u00e9 la rentr\u00e9e scolaire qui approche, les parcs de la m\u00e9tropole de Lyon&hellip;\n","protected":false},"author":2,"featured_media":347586,"comment_status":"","ping_status":"","sticky":false,"template":"","format":"standard","meta":{"footnotes":""},"categories":[1889],"tags":[1111,11,2430,1777,674,1011,27,2428,12,25],"class_list":{"0":"post-347585","1":"post","2":"type-post","3":"status-publish","4":"format-standard","5":"has-post-thumbnail","7":"category-lyon","8":"tag-actu","9":"tag-actualites","10":"tag-auvergne-rhone-alpes","11":"tag-eu","12":"tag-europe","13":"tag-fr","14":"tag-france","15":"tag-lyon","16":"tag-news","17":"tag-republique-francaise"},"share_on_mastodon":{"url":"https:\/\/pubeurope.com\/@fr\/115100788021010107","error":""},"_links":{"self":[{"href":"https:\/\/www.europesays.com\/fr\/wp-json\/wp\/v2\/posts\/347585","targetHints":{"allow":["GET"]}}],"collection":[{"href":"https:\/\/www.europesays.com\/fr\/wp-json\/wp\/v2\/posts"}],"about":[{"href":"https:\/\/www.europesays.com\/fr\/wp-json\/wp\/v2\/types\/post"}],"author":[{"embeddable":true,"href":"https:\/\/www.europesays.com\/fr\/wp-json\/wp\/v2\/users\/2"}],"replies":[{"embeddable":true,"href":"https:\/\/www.europesays.com\/fr\/wp-json\/wp\/v2\/comments?post=347585"}],"version-history":[{"count":0,"href":"https:\/\/www.europesays.com\/fr\/wp-json\/wp\/v2\/posts\/347585\/revisions"}],"wp:featuredmedia":[{"embeddable":true,"href":"https:\/\/www.europesays.com\/fr\/wp-json\/wp\/v2\/media\/347586"}],"wp:attachment":[{"href":"https:\/\/www.europesays.com\/fr\/wp-json\/wp\/v2\/media?parent=347585"}],"wp:term":[{"taxonomy":"category","embeddable":true,"href":"https:\/\/www.europesays.com\/fr\/wp-json\/wp\/v2\/categories?post=347585"},{"taxonomy":"post_tag","embeddable":true,"href":"https:\/\/www.europesays.com\/fr\/wp-json\/wp\/v2\/tags?post=347585"}],"curies":[{"name":"wp","href":"https:\/\/api.w.org\/{rel}","templated":true}]}}