{"id":347587,"date":"2025-08-27T12:43:10","date_gmt":"2025-08-27T12:43:10","guid":{"rendered":"https:\/\/www.europesays.com\/fr\/347587\/"},"modified":"2025-08-27T12:43:10","modified_gmt":"2025-08-27T12:43:10","slug":"des-tags-racistes-contre-un-restaurant-halal-choquent-dans-ce-quartier","status":"publish","type":"post","link":"https:\/\/www.europesays.com\/fr\/347587\/","title":{"rendered":"des tags racistes contre un restaurant halal choquent dans ce quartier"},"content":{"rendered":"<p>            Par<br \/>\n        <strong><br \/>\n            <a href=\"https:\/\/actu.fr\/auteur\/theo-zuili\" title=\"Consulter tous les articles de Th\u00e9o Zuili\" target=\"_blank\" rel=\"noopener\">Th\u00e9o Zuili<\/a><br \/>\n        <\/strong><\/p>\n<p>        Publi\u00e9 le<\/p>\n<p>            27 ao\u00fbt 2025 \u00e0 14h32        <\/p>\n<p><strong>INFO ACTU LYON.<\/strong> \u00ab\u00a0Mort l\u2019arabe\u00a0\u00bb, \u00ab\u00a0France aux Fran\u00e7ais\u00a0\u00bb, \u00ab\u00a0Pas de halal stop\u00a0\u00bb ou encore \u00ab\u00a0Rentrez chez vous\u00a0\u00bb : des habitants du 8\u1d49 arrondissement de <a href=\"https:\/\/actu.fr\/auvergne-rhone-alpes\/lyon_69123\" target=\"_blank\" rel=\"noopener\">Lyon<\/a> ont \u00e9t\u00e9 stup\u00e9faits de d\u00e9couvrir des <strong>graffitis mena\u00e7ants<\/strong> sur les murs de leur r\u00e9sidence mardi 26 ao\u00fbt 2025 au matin.<br \/>Yasin et Bilal*, deux habitants, d\u00e9crivent un profond malaise. <br \/>Ces colocataires soup\u00e7onnent <strong>une partie de leur voisinage<\/strong>, et estiment que ces messages de haine sont adress\u00e9s \u00e0 deux restaurants halal install\u00e9s depuis un an au rez-de-chauss\u00e9e de l\u2019immeuble.<\/p>\n<p class=\" wall-content\">* Pr\u00e9noms modifi\u00e9s pour garantir l\u2019anonymat des t\u00e9moins.<\/p>\n<p>\u00ab\u00a0Ils en ont fait une affaire personnelle\u00a0\u00bb<\/p>\n<p class=\" wall-content\">\u00ab\u00a0Je suis \u00e0 moiti\u00e9 surpris\u00a0\u00bb, avoue Yasin. Locataire depuis plus d\u2019un an, il estime que \u00ab\u00a0c\u2019est la finalit\u00e9 de tout ce qui se passe depuis des mois ici\u00a0\u00bb, suivant<strong> l\u2019arriv\u00e9e de deux enseignes<\/strong> de restauration halal rempla\u00e7ant une pharmacie au rez-de-chauss\u00e9e.<\/p>\n<p>    <a href=\"https:\/\/www.google.com\/maps\/embed?pb=!1m17!1m12!1m3!1d7877.055448182712!2d4.866560383857308!3d45.73190377553355!2m3!1f0!2f0!3f0!3m2!1i1024!2i768!4f13.1!3m2!1m1!2zNDXCsDQzJzQ5LjQiTiA0wrA1MicxNC43IkU!5e0!3m2!1sfr!2sfr!4v1756223968431!5m2!1sfr!2sfr\" title=\"Ouvrie le lien\" target=\"_blank\" rel=\"noopener\">Cliquez ici pour visualiser le contenu<\/a><\/p>\n<p class=\" wall-content\">\u00ab\u00a0Depuis leur arriv\u00e9e, il y a eu un grand changement de comportement des voisins. Ils en ont fait une affaire personnelle et ils veulent tout faire pour faire fermer ces commerces\u00a0\u00bb, ressent Yasin, d\u00e9crivant \u00ab\u00a0une haine qui s\u2019est intensifi\u00e9e ces derni\u00e8res semaines\u00a0\u00bb.<\/p>\n<p class=\" wall-content\">Pour \u00e9tayer ses soup\u00e7ons, il d\u00e9veloppe en indiquant qu\u2019un garage tagu\u00e9 appartiendrait \u00e0 l\u2019un des restaurateurs.<\/p>\n<p>\u00ab\u00a0\u00c7a va trop loin\u00a0\u00bb<\/p>\n<p class=\" wall-content\">Bilal se dit choqu\u00e9 : \u00ab\u00a0C\u2019est extr\u00eamement grave. C\u2019est <strong>de la violence gratuite<\/strong>, en arriver \u00e0 ce stade, c\u2019est d\u00e9mesur\u00e9. C\u2019est un quartier multiculturel et on vit tr\u00e8s bien ensemble, mais l\u00e0 comment ne pas se sentir vis\u00e9 ?\u00a0\u00bb<\/p>\n<p>Votre r\u00e9gion, votre actu !<\/p>\n<p>Recevez chaque jour les infos qui comptent pour vous.<\/p>\n<p>\t<a href=\"https:\/\/actu.fr\/newsletter\" class=\"ac-btn ac-btn--corner ac-btn--medium ac-btn--blue800\" target=\"_blank\" rel=\"noopener\">S&rsquo;incrire<\/a><\/p>\n<blockquote class=\"ac-article-quote wall-content\">\n<p>Je suis bien int\u00e9gr\u00e9, en \u00e9tude d&rsquo;ing\u00e9nieur&#8230; Je laisse passer ce que j&rsquo;entends, mais l\u00e0 \u00e7a va beaucoup trop loin. Je me suis senti vraiment triste en voyant \u00e7a. On est en 2025, c&rsquo;est honteux. Et je pense aux pauvres commer\u00e7ants qui veulent juste travailler.\u00a0<\/p>\n<p>    <strong>Yasin<\/strong>\n            <\/p><\/blockquote>\n<p class=\" wall-content\">Pour les deux colocataires, c\u2019est d\u2019autant plus injuste que \u00ab\u00a0les commer\u00e7ants se tiennent plut\u00f4t bien, il n\u2019y a pas d\u2019odeur, pas vraiment de bruit\u00a0\u00bb. \u00ab\u00a0C\u2019est juste raciste\u00a0\u00bb, s\u2019\u00e9meut Yasin. \u00ab\u00a0C\u2019est dommage d\u2019en arriver l\u00e0. C\u2019est grave. On se sent <strong>vis\u00e9s et rejet\u00e9s<\/strong>.\u00a0\u00bb<\/p>\n<p>Un restaurateur r\u00e9agit : \u00ab\u00a0Nous ne nous sentons plus en s\u00e9curit\u00e9\u00a0\u00bb<\/p>\n<p class=\" wall-content\">Contact\u00e9 par actu Lyon, l\u2019un des commer\u00e7ants vis\u00e9s a accept\u00e9 de prendre la parole. Toujours \u00ab\u00a0sous le choc\u00a0\u00bb mercredi matin, il t\u00e9moigne : \u00ab\u00a0On nous a fait savoir clairement que nous n\u2019\u00e9tions pas les bienvenus\u00a0\u00bb d\u00e8s le d\u00e9part, indique-t-il.<\/p>\n<p class=\" wall-content\">Pr\u00e9f\u00e9rant prendre la parole anonymement, le restaurateur d\u00e9crit avoir subi des \u00ab\u00a0propos racistes\u00a0\u00bb. De surcro\u00eet, une proc\u00e9dure judiciaire serait d\u00e9j\u00e0 engag\u00e9e apr\u00e8s un acte de vandalisation : les propri\u00e9taires avaient retrouv\u00e9 leurs vitres cass\u00e9es. Pour eux, pas de doute, il ne s\u2019agit pas d\u2019un hasard.<\/p>\n<blockquote class=\"ac-article-quote wall-content\">\n<p>Nos restaurants \u00e9tant halal, certains copropri\u00e9taires ont exprim\u00e9 leur volont\u00e9 explicite de nous expulser, que ce soit \u00ab l\u00e9galement ou ill\u00e9galement \u00bb. Cette situation est devenue insupportable.\u00a0Aujourd\u2019hui, nous ne nous sentons plus en s\u00e9curit\u00e9. J\u2019ai peur pour mes voisins commer\u00e7ants,\u00a0pour nos employ\u00e9s\u00a0et pour nos clients, dont certains m\u2019ont d\u00e9j\u00e0 exprim\u00e9 leur inqui\u00e9tude. Nous redoutons qu\u2019un jour l\u2019auteur de ces menaces passe \u00e0 l\u2019acte.<\/p>\n<p>    <strong>Restaurateur halal<\/strong>\n            <\/p><\/blockquote>\n<p class=\" wall-content\">Les deux voisins laissent aux restaurateurs vis\u00e9s la charge de porter plainte. On ignore \u00e0 cette heure si ces derniers comptent engager ces d\u00e9marches judiciaires tandis que les tags sont encore pr\u00e9sents ce mercredi.<\/p>\n<p class=\" wall-content\">Personnalisez votre actualit\u00e9 en ajoutant vos villes et m\u00e9dias en favori avec <a href=\"https:\/\/moncompte.actu.fr\" title=\"D\u00e9couvez Mon Actu\" rel=\"nofollow noopener\" data-trk=\"{&quot;cta&quot;:{&quot;action&quot;:&quot;https:\\\/\\\/moncompte.actu.fr&quot;,&quot;category&quot;:&quot;mon compte&quot;,&quot;from&quot;:&quot;article footer&quot;,&quot;name&quot;:&quot;Mon actu&quot;,&quot;type&quot;:&quot;cta&quot;}}\" target=\"_blank\">Mon Actu<\/a>.<\/p>\n","protected":false},"excerpt":{"rendered":"Par Th\u00e9o Zuili Publi\u00e9 le 27 ao\u00fbt 2025 \u00e0 14h32 INFO ACTU LYON. \u00ab\u00a0Mort l\u2019arabe\u00a0\u00bb, \u00ab\u00a0France aux Fran\u00e7ais\u00a0\u00bb,&hellip;\n","protected":false},"author":2,"featured_media":347588,"comment_status":"","ping_status":"","sticky":false,"template":"","format":"standard","meta":{"footnotes":""},"categories":[1889],"tags":[1111,11,2430,1777,674,1011,27,2428,12,25,1340,104,240],"class_list":{"0":"post-347587","1":"post","2":"type-post","3":"status-publish","4":"format-standard","5":"has-post-thumbnail","7":"category-lyon","8":"tag-actu","9":"tag-actualites","10":"tag-auvergne-rhone-alpes","11":"tag-eu","12":"tag-europe","13":"tag-fr","14":"tag-france","15":"tag-lyon","16":"tag-news","17":"tag-republique-francaise","18":"tag-restaurant","19":"tag-societe","20":"tag-temoignage"},"share_on_mastodon":{"url":"https:\/\/pubeurope.com\/@fr\/115100791821402794","error":""},"_links":{"self":[{"href":"https:\/\/www.europesays.com\/fr\/wp-json\/wp\/v2\/posts\/347587","targetHints":{"allow":["GET"]}}],"collection":[{"href":"https:\/\/www.europesays.com\/fr\/wp-json\/wp\/v2\/posts"}],"about":[{"href":"https:\/\/www.europesays.com\/fr\/wp-json\/wp\/v2\/types\/post"}],"author":[{"embeddable":true,"href":"https:\/\/www.europesays.com\/fr\/wp-json\/wp\/v2\/users\/2"}],"replies":[{"embeddable":true,"href":"https:\/\/www.europesays.com\/fr\/wp-json\/wp\/v2\/comments?post=347587"}],"version-history":[{"count":0,"href":"https:\/\/www.europesays.com\/fr\/wp-json\/wp\/v2\/posts\/347587\/revisions"}],"wp:featuredmedia":[{"embeddable":true,"href":"https:\/\/www.europesays.com\/fr\/wp-json\/wp\/v2\/media\/347588"}],"wp:attachment":[{"href":"https:\/\/www.europesays.com\/fr\/wp-json\/wp\/v2\/media?parent=347587"}],"wp:term":[{"taxonomy":"category","embeddable":true,"href":"https:\/\/www.europesays.com\/fr\/wp-json\/wp\/v2\/categories?post=347587"},{"taxonomy":"post_tag","embeddable":true,"href":"https:\/\/www.europesays.com\/fr\/wp-json\/wp\/v2\/tags?post=347587"}],"curies":[{"name":"wp","href":"https:\/\/api.w.org\/{rel}","templated":true}]}}