{"id":347589,"date":"2025-08-27T12:45:10","date_gmt":"2025-08-27T12:45:10","guid":{"rendered":"https:\/\/www.europesays.com\/fr\/347589\/"},"modified":"2025-08-27T12:45:10","modified_gmt":"2025-08-27T12:45:10","slug":"visee-par-des-inscriptions-haineuses-cette-elue-de-massy-porte-plainte","status":"publish","type":"post","link":"https:\/\/www.europesays.com\/fr\/347589\/","title":{"rendered":"vis\u00e9e par des inscriptions haineuses, cette \u00e9lue de Massy porte plainte"},"content":{"rendered":"<p>            Par<br \/>\n        <strong><br \/>\n            <a href=\"https:\/\/actu.fr\/auteur\/glenn-gillet\" title=\"Consulter tous les articles de Glenn Gillet\" target=\"_blank\" rel=\"noopener\">Glenn Gillet<\/a><br \/>\n        <\/strong><\/p>\n<p>        Publi\u00e9 le<\/p>\n<p>            27 ao\u00fbt 2025 \u00e0 14h15        <\/p>\n<p>La haine s\u2019exprime toujours plus facilement quand elle peut le faire <strong>anonymement<\/strong>. Samedi 23\u00a0ao\u00fbt 2025, <a href=\"https:\/\/actu.fr\/politique\/elections-legislatives\/legislatives-2024-en-essonne-hella-kribi-romdhane-se-desiste-pour-faire-barrage-a-l-extreme-droite_61286626.html\" target=\"_blank\" rel=\"noopener\">Hella Kribi-Romdhane<\/a>, l\u2019une des figures de la <strong>gauche locale \u00e0 Massy<\/strong> (Essonne), t\u00eate de liste d\u2019une <a href=\"https:\/\/actu.fr\/ile-de-france\/massy_91377\/municipales-2020-essonne-massy-gauche-reussit-lunion_31552134.html\" target=\"_blank\" rel=\"noopener\">liste d\u2019union de la gauche aux \u00e9lections municipales 2020<\/a>, a d\u00e9couvert un <strong>message <a href=\"https:\/\/actu.fr\/ile-de-france\/paris_75056\/michel-zecler-tabasse-a-paris-un-4e-policier-sera-juge-le-caractere-raciste-des-violences-ecarte_62836101.html\" target=\"_blank\" rel=\"noopener\">raciste<\/a><\/strong> \u00e9crit sur l\u2019une des affiches placard\u00e9es par les militants de son camp dans le quartier massicois de Villaine, et sur laquelle figure sa photo.<\/p>\n<p>\u00ab\u2009Rien \u00e0 faire en France\u2009\u00bb<\/p>\n<p class=\" wall-content\">Le message, visiblement \u00e9crit au feutre, est le suivant\u2009: \u00ab\u2009Les Alg\u00e9riens en Alg\u00e9rie. Rien \u00e0 faire en France. Ils se sont battus pour leur ind\u00e9pendance. <strong>Alors tu vas y vivre<\/strong>\u2009\u00bb. Des mots d\u2019une grande violence que l\u2019\u00e9lue d\u2019opposition du parti G\u00e9n\u00e9ration.s au conseil municipal de Massy (Essonne) et au conseil r\u00e9gional d\u2019\u00cele-de-France n\u2019a pas tard\u00e9 \u00e0 d\u00e9noncer sur les r\u00e9seaux sociaux. \u00ab\u2009Honte \u00e0 celles et ceux qui contribuent tous les jours \u00e0 propager le racisme en banalisant le discours de l\u2019extr\u00eame-droite. On ne l\u00e2chera rien\u2009\u00bb, \u00e9crivait ainsi samedi Hella Kribi-Romdhane sur Facebook.<\/p>\n<p>    <a href=\"https:\/\/www.facebook.com\/plugins\/post.php?href=https%3A%2F%2Fwww.facebook.com%2Fhella.kribiromdhane%2Fposts%2Fpfbid0qooRatLQSovaWYp57TAYoQKHEsJ8xpVhWXDsWA9fuFqdY7zVYPJevYyLdNMFzMWRl&amp;show_text=false&amp;width=350\" title=\"Ouvrie le lien\" target=\"_blank\" rel=\"noopener\">Cliquez ici pour visualiser le contenu<\/a><\/p>\n<p class=\" wall-content\">Sa publication avait imm\u00e9diatement d\u00e9clench\u00e9 une vague de soutien, notamment de militants de gauche, de sympathisants ou encore d\u2019\u00e9lus locaux. On notera par ailleurs l\u2019ignorance de la personne ayant \u00e9crit le message raciste puisqu\u2019Hella Kribi-Romdhane n\u2019a <strong>pas d\u2019ascendance alg\u00e9rienne<\/strong>. Ses parents, immigr\u00e9s, sont issus de Tunisie et du Maroc, comme elle l\u2019explique dans un article pour la revue <a href=\"https:\/\/www.politis.fr\/articles\/2025\/08\/ca-se-relit-episode-7-hella-kribi-romdhane-et-nicolas-sarkozy\/\" target=\"_blank\" rel=\"noopener\">Politis<\/a>.<\/p>\n<p>Une plainte d\u00e9pos\u00e9e ce mardi<\/p>\n<p class=\" wall-content\">Mais ce mardi 26\u00a0ao\u00fbt, l\u2019\u00e9lue a annonc\u00e9 avoir donn\u00e9 une suite judiciaire \u00e0 ces faits via une plainte d\u00e9pos\u00e9e au commissariat de police de Massy. Elle explique que le panneau sur lequel les inscriptions ont \u00e9t\u00e9 d\u00e9couvertes se trouve \u00ab\u2009\u00e0 quelques m\u00e8tres\u2009\u00bb de chez ses parents et devant lequel ses enfants \u00ab\u2009passent tous les jours\u2009\u00bb, et \u00ab\u2009cette fois, parce qu\u2019il faut cesser de banaliser le racisme, j\u2019ai souhait\u00e9 marquer le coup et proc\u00e9der \u00e0 un d\u00e9p\u00f4t de plainte\u2009\u00bb. La conseill\u00e8re municipale pr\u00e9cise que \u00ab\u2009malheureusement, <strong>ce n\u2019est pas la premi\u00e8re fois<\/strong> que ce type d\u2019incident intervient\u2009\u00bb.<\/p>\n<p class=\" wall-content\">Elle poursuit\u2009: \u00ab\u2009Nous ne devons pas nous habituer au racisme, nous ne devons pas nous habituer aux discriminations. Donc si vous aussi vous avez \u00e9t\u00e9 victimes d\u2019homophobie, de racisme, d\u2019antis\u00e9mitisme ou encore d\u2019islamophobie, sachez que vous avez des droits et que vous pouvez aller proc\u00e9der \u00e0 un d\u00e9p\u00f4t de plainte. Je le dis d\u2019autant plus que la parole raciste est banalis\u00e9e, elle est m\u00eame relay\u00e9e par un certain nombre de m\u00e9dias et de personnalit\u00e9s politiques\u2009\u00bb, \u00e9voquant \u00e9galement \u00ab\u2009les d\u00e9bats naus\u00e9abonds auxquels nous avons pu assister au <strong>sein m\u00eame du gouvernement<\/strong> (qui) permettent aussi que cette parole raciste soit lib\u00e9r\u00e9e\u2009\u00bb. Un climat face auquel \u00ab\u2009nous devons dire stop\u2009\u00bb, mart\u00e8le-t-elle.<\/p>\n<p class=\" wall-content\">Personnalisez votre actualit\u00e9 en ajoutant vos villes et m\u00e9dias en favori avec <a href=\"https:\/\/moncompte.actu.fr\" title=\"D\u00e9couvez Mon Actu\" rel=\"nofollow noopener\" data-trk=\"{&quot;cta&quot;:{&quot;action&quot;:&quot;https:\\\/\\\/moncompte.actu.fr&quot;,&quot;category&quot;:&quot;mon compte&quot;,&quot;from&quot;:&quot;article footer&quot;,&quot;name&quot;:&quot;Mon actu&quot;,&quot;type&quot;:&quot;cta&quot;}}\" target=\"_blank\">Mon Actu<\/a>.<\/p>\n","protected":false},"excerpt":{"rendered":"Par Glenn Gillet Publi\u00e9 le 27 ao\u00fbt 2025 \u00e0 14h15 La haine s\u2019exprime toujours plus facilement quand elle&hellip;\n","protected":false},"author":2,"featured_media":347590,"comment_status":"","ping_status":"","sticky":false,"template":"","format":"standard","meta":{"footnotes":""},"categories":[1592],"tags":[1111,11,1777,674,1011,27,662,10118,12,626,1072,316,25,9547],"class_list":{"0":"post-347589","1":"post","2":"type-post","3":"status-publish","4":"format-standard","5":"has-post-thumbnail","7":"category-ile-de-france","8":"tag-actu","9":"tag-actualites","10":"tag-eu","11":"tag-europe","12":"tag-fr","13":"tag-france","14":"tag-ile-de-france","15":"tag-massy","16":"tag-news","17":"tag-paris","18":"tag-police","19":"tag-politique","20":"tag-republique-francaise","21":"tag-violences-contre-les-elus"},"share_on_mastodon":{"url":"https:\/\/pubeurope.com\/@fr\/115100799844414819","error":""},"_links":{"self":[{"href":"https:\/\/www.europesays.com\/fr\/wp-json\/wp\/v2\/posts\/347589","targetHints":{"allow":["GET"]}}],"collection":[{"href":"https:\/\/www.europesays.com\/fr\/wp-json\/wp\/v2\/posts"}],"about":[{"href":"https:\/\/www.europesays.com\/fr\/wp-json\/wp\/v2\/types\/post"}],"author":[{"embeddable":true,"href":"https:\/\/www.europesays.com\/fr\/wp-json\/wp\/v2\/users\/2"}],"replies":[{"embeddable":true,"href":"https:\/\/www.europesays.com\/fr\/wp-json\/wp\/v2\/comments?post=347589"}],"version-history":[{"count":0,"href":"https:\/\/www.europesays.com\/fr\/wp-json\/wp\/v2\/posts\/347589\/revisions"}],"wp:featuredmedia":[{"embeddable":true,"href":"https:\/\/www.europesays.com\/fr\/wp-json\/wp\/v2\/media\/347590"}],"wp:attachment":[{"href":"https:\/\/www.europesays.com\/fr\/wp-json\/wp\/v2\/media?parent=347589"}],"wp:term":[{"taxonomy":"category","embeddable":true,"href":"https:\/\/www.europesays.com\/fr\/wp-json\/wp\/v2\/categories?post=347589"},{"taxonomy":"post_tag","embeddable":true,"href":"https:\/\/www.europesays.com\/fr\/wp-json\/wp\/v2\/tags?post=347589"}],"curies":[{"name":"wp","href":"https:\/\/api.w.org\/{rel}","templated":true}]}}