{"id":347598,"date":"2025-08-27T12:51:18","date_gmt":"2025-08-27T12:51:18","guid":{"rendered":"https:\/\/www.europesays.com\/fr\/347598\/"},"modified":"2025-08-27T12:51:18","modified_gmt":"2025-08-27T12:51:18","slug":"plus-de-trois-ans-apres-leur-arrivee-comment-vivent-les-refugies-ukrainiens-dans-le-cotentin","status":"publish","type":"post","link":"https:\/\/www.europesays.com\/fr\/347598\/","title":{"rendered":"Plus de trois ans apr\u00e8s leur arriv\u00e9e, comment vivent les r\u00e9fugi\u00e9s ukrainiens dans le Cotentin\u00a0?"},"content":{"rendered":"<p>            Par<br \/>\n        <strong><br \/>\n            <a href=\"https:\/\/actu.fr\/auteur\/s-lavenu\" title=\"Consulter tous les articles de Sol\u00e8ne Lavenu\" target=\"_blank\" rel=\"noopener\">Sol\u00e8ne Lavenu<\/a><br \/>\n        <\/strong><\/p>\n<p>        Publi\u00e9 le<\/p>\n<p>            26 ao\u00fbt 2025 \u00e0 10h28        <\/p>\n<p>\u00ab <b>348 Ukrainiens<\/b> vivent encore aujourd\u2019hui dans la <a href=\"https:\/\/actu.fr\/normandie\/manche_50\" target=\"_blank\" rel=\"noopener\">Manche<\/a> \u00bb, indique la <a href=\"https:\/\/www.manche.gouv.fr\/\" target=\"_blank\" rel=\"noopener\">pr\u00e9fecture<\/a>. 348 qui b\u00e9n\u00e9ficient d\u2019une <b>autorisation provisoire de s\u00e9jour<\/b> (APS) d\u00e9livr\u00e9e au titre de la<b> protection temporaire<\/b>. Cette autorisation, renouvel\u00e9e<b> tous les 6\u00a0mois<\/b>, les autorise \u00e0 <b>travailler<\/b>. Pour autant, les <b>conditions de vie<\/b> sont souvent encore <b>difficiles<\/b>.<\/p>\n<p class=\" wall-content\">D\u2019abord, parce que<b> leur pays leur manque<\/b>. Tous ont perdu leurs rep\u00e8res, leurs proches, leurs m\u00e9tiers. Ils doivent<b> tout r\u00e9\u00e9crire<\/b>. Et ce n\u2019est pas simple, d\u2019autant que beaucoup <b>ne parlaient pas la langue <\/b>quand ils ont franchi pr\u00e9cipitamment la fronti\u00e8re.<\/p>\n<p class=\" wall-content\">\u00ab Depuis trois ans, nous voyons beaucoup d\u2019Ukrainiens venir chercher des denr\u00e9es aux <a href=\"https:\/\/actu.fr\/tag\/restos-du-coeur\" target=\"_blank\" rel=\"noopener\">Restos du C\u0153ur<\/a> de <a href=\"https:\/\/actu.fr\/normandie\/cherbourg-en-cotentin_50129\" target=\"_blank\" rel=\"noopener\">Cherbourg<\/a>, commentent Christian et Marie, deux b\u00e9n\u00e9voles. C\u2019est fou les progr\u00e8s qu\u2019ils ont faits en fran\u00e7ais, nous tenons aujourd\u2019hui des conversations. \u00bb<\/p>\n<blockquote class=\"ac-article-quote wall-content\">\n<p>Ils font vraiment le maximum pour s\u2019int\u00e9grer et ne veulent qu\u2019une chose : travailler. Les plus jeunes, eux, sont aujourd\u2019hui bilingues. Je crois qu\u2019ils envisagent davantage une vie ici que les plus anciens, qui veulent tous repartir d\u00e8s que la situation le permettra.<\/p>\n<p>Cristian et Marie, deux b\u00e9n\u00e9voles<\/p><\/blockquote>\n<p>Beaucoup veulent repartir en Ukraine<\/p>\n<p class=\" wall-content\">Mais l\u2019<b>envie<\/b> et le <b>courage <\/b>ne font pas tout. Julia pourrait en \u00eatre l\u2019exemple. \u00c2g\u00e9e d\u2019une quarantaine d\u2019ann\u00e9es, elle irradie ceux qui la croisent.<\/p>\n<p class=\" wall-content\">\u00ab\u00a0Je lui ai appris le fran\u00e7ais quand elle est arriv\u00e9e \u00e0 <a href=\"https:\/\/actu.fr\/normandie\/granville_50218\" target=\"_blank\" rel=\"noopener\">Granville<\/a>, raconte Anne-Marie. C\u2019est une femme extraordinaire. D\u00e8s les premiers cours, elle voulait surtout apprendre les us et coutumes de notre pays pour ne pas commettre d\u2019impair. Elle ne s\u2019est jamais plainte de sa condition, pourtant, elle est pass\u00e9e par des moments tellement difficiles. Au bout d\u2019un an, par exemple, alors qu\u2019elle prenait ses marques, elle a \u00e9t\u00e9 d\u00e9plac\u00e9e de Granville \u00e0 Cherbourg. M\u00eame l\u00e0, elle remerciait la France et disait c\u2019est comme \u00e7a !, raconte-t-elle, les<b> larmes aux yeux<\/b>.<\/p>\n<p class=\" wall-content\">\u00ab C\u2019est la joie de vivre au quotidien \u00bb, acquiesce Laurent. Ils se fr\u00e9quentent depuis deux mois. Julia trouve alors peu \u00e0 peu de nouveaux rep\u00e8res. Elle parle de mieux en mieux, cherche activement du travail. \u00ab Je crois qu\u2019elle va rester dans notre pays \u00bb, sugg\u00e8re Anne-Marie.<\/p>\n<p class=\" wall-content\">Yeva, elle, ne l\u2019envisage pas. Elle est arriv\u00e9e \u00e0 Cherbourg <b>depuis trois ans<\/b>, mais si le sourire est aussi dessin\u00e9 sur ses l\u00e8vres, elle avoue que la vie ici est \u00ab comme ci, comme \u00e7a \u00bb. D\u2019abord log\u00e9e au <a href=\"https:\/\/actu.fr\/normandie\/siouville-hague_50576\/guerre-en-ukraine-cotentin-les-refugies-ukrainiens-s-organisent-pour-quitter-le-siou_57320678.html\" target=\"_blank\" rel=\"noopener\">Siou<\/a>, \u00e0 <a href=\"https:\/\/actu.fr\/normandie\/siouville-hague_50576\" target=\"_blank\" rel=\"noopener\">Siouville<\/a>, elle habite aujourd\u2019hui dans un petit appartement. Avec son mari, ils recherchent activement du travail.<\/p>\n<p>Votre r\u00e9gion, votre actu !<\/p>\n<p>Recevez chaque jour les infos qui comptent pour vous.<\/p>\n<p>\t<a href=\"https:\/\/actu.fr\/newsletter\" class=\"ac-btn ac-btn--corner ac-btn--medium ac-btn--blue800\" target=\"_blank\" rel=\"noopener\">S&rsquo;incrire<\/a><\/p>\n<p class=\" wall-content\">\u00ab Mon mari a travaill\u00e9 un peu \u00e0 <a href=\"https:\/\/actu.fr\/tag\/lm-wind-power\" target=\"_blank\" rel=\"noopener\">LM Wind Power<\/a> mais cela s\u2019est termin\u00e9, et moi, je passe mon<b> dipl\u00f4me de fran\u00e7ais <\/b>pour trouver plus facilement. \u00bb Eux esp\u00e8rent <b>retourner tr\u00e8s vite en Ukraine<\/b>, mais pour le moment, la situation est <b>inenvisageable<\/b>.<\/p>\n<blockquote class=\"ac-article-quote wall-content\">\n<p>Nous avons notre fils de 11\u00a0ans et nous devons penser \u00e0 sa s\u00e9curit\u00e9. Alors bien s\u00fbr, nous esp\u00e9rons la paix, mais la r\u00e9alit\u00e9 montre totalement autre chose, et les bombardements sont encore quasi quotidiens.\u00a0<\/p>\n<p>Yeva et son mari<\/p><\/blockquote>\n<p>Des Ukrainiens encore log\u00e9s \u00e0 l\u2019h\u00f4tel<\/p>\n<p class=\" wall-content\">\u00ab La grande majorit\u00e9 est, cependant, encore aujourd\u2019hui sous le r\u00e9gime des APS. Certains ont fait une <b>demande d\u2019asile <\/b>et ont obtenu la <b>protection subsidiaire<\/b>, mais ils sont encore minoritaires \u00e0 faire cette d\u00e9marche \u00bb, confirme la pr\u00e9fecture.<\/p>\n<p>348 Ukrainiens<\/p>\n<p>725 Ukrainiens sont venus dans la Manche depuis 2022. 377 sont aujourd&rsquo;hui sortis du dispositif de suivi\u2009: retour en Ukraine, d\u00e9m\u00e9nagement de la Manche, obtention d&rsquo;un titre de s\u00e9jour au titre du droit commun\u2026 Il reste donc \u00e0 ce jour 348 Ukrainiens (hors mineurs) dans le d\u00e9partement, qui b\u00e9n\u00e9ficient d&rsquo;une autorisation provisoire de s\u00e9jour (APS).<\/p>\n<p class=\" wall-content\">Toujours selon les chiffres de la pr\u00e9fecture, si 55 % d\u2019entre eux disposent aujourd\u2019hui d\u2019un <b>logement durable <\/b>(bail dans le parc social ou priv\u00e9), environ 25 % sont toujours h\u00e9berg\u00e9s par des particuliers (accueil citoyen ou chez des proches).<\/p>\n<p class=\" wall-content\">Alors que pour les autres, 70 environ, ils sont toujours h\u00e9berg\u00e9s dans des <b>solutions collectives publiques<\/b> : structures d\u2019h\u00e9bergement, foyers de jeunes travailleurs, h\u00f4tels\u2026<\/p>\n<p class=\" wall-content\">\u00ab Il y a aussi, et heureusement, des belles histoires, sourient Christian et Marie. Victoria, par exemple, a un fils qui vient d\u2019obtenir son bac. Il part, en septembre, passer un BTS \u00e0 <a href=\"https:\/\/actu.fr\/normandie\/caen_14118\" target=\"_blank\" rel=\"noopener\">Caen<\/a>. \u00bb<\/p>\n<p class=\" wall-content\">Personnalisez votre actualit\u00e9 en ajoutant vos villes et m\u00e9dias en favori avec <a href=\"https:\/\/moncompte.actu.fr\" title=\"D\u00e9couvez Mon Actu\" rel=\"nofollow noopener\" data-trk=\"{&quot;cta&quot;:{&quot;action&quot;:&quot;https:\\\/\\\/moncompte.actu.fr&quot;,&quot;category&quot;:&quot;mon compte&quot;,&quot;from&quot;:&quot;article footer&quot;,&quot;name&quot;:&quot;Mon actu&quot;,&quot;type&quot;:&quot;cta&quot;}}\" target=\"_blank\">Mon Actu<\/a>.<\/p>\n","protected":false},"excerpt":{"rendered":"Par Sol\u00e8ne Lavenu Publi\u00e9 le 26 ao\u00fbt 2025 \u00e0 10h28 \u00ab 348 Ukrainiens vivent encore aujourd\u2019hui dans la&hellip;\n","protected":false},"author":2,"featured_media":347599,"comment_status":"","ping_status":"","sticky":false,"template":"","format":"standard","meta":{"footnotes":""},"categories":[1590],"tags":[11,3168,1777,674,131,12,104,220],"class_list":{"0":"post-347598","1":"post","2":"type-post","3":"status-publish","4":"format-standard","5":"has-post-thumbnail","7":"category-ukraine","8":"tag-actualites","9":"tag-cotentin","10":"tag-eu","11":"tag-europe","12":"tag-guerre-en-ukraine","13":"tag-news","14":"tag-societe","15":"tag-ukraine"},"share_on_mastodon":{"url":"https:\/\/pubeurope.com\/@fr\/115100823458976589","error":""},"_links":{"self":[{"href":"https:\/\/www.europesays.com\/fr\/wp-json\/wp\/v2\/posts\/347598","targetHints":{"allow":["GET"]}}],"collection":[{"href":"https:\/\/www.europesays.com\/fr\/wp-json\/wp\/v2\/posts"}],"about":[{"href":"https:\/\/www.europesays.com\/fr\/wp-json\/wp\/v2\/types\/post"}],"author":[{"embeddable":true,"href":"https:\/\/www.europesays.com\/fr\/wp-json\/wp\/v2\/users\/2"}],"replies":[{"embeddable":true,"href":"https:\/\/www.europesays.com\/fr\/wp-json\/wp\/v2\/comments?post=347598"}],"version-history":[{"count":0,"href":"https:\/\/www.europesays.com\/fr\/wp-json\/wp\/v2\/posts\/347598\/revisions"}],"wp:featuredmedia":[{"embeddable":true,"href":"https:\/\/www.europesays.com\/fr\/wp-json\/wp\/v2\/media\/347599"}],"wp:attachment":[{"href":"https:\/\/www.europesays.com\/fr\/wp-json\/wp\/v2\/media?parent=347598"}],"wp:term":[{"taxonomy":"category","embeddable":true,"href":"https:\/\/www.europesays.com\/fr\/wp-json\/wp\/v2\/categories?post=347598"},{"taxonomy":"post_tag","embeddable":true,"href":"https:\/\/www.europesays.com\/fr\/wp-json\/wp\/v2\/tags?post=347598"}],"curies":[{"name":"wp","href":"https:\/\/api.w.org\/{rel}","templated":true}]}}