{"id":34761,"date":"2025-04-18T19:33:31","date_gmt":"2025-04-18T19:33:31","guid":{"rendered":"https:\/\/www.europesays.com\/fr\/34761\/"},"modified":"2025-04-18T19:33:31","modified_gmt":"2025-04-18T19:33:31","slug":"bertrand-chameroy-epingle-bfmtv-sur-la-gestion-de-la-sortie-de-prison-de-pierre-palmade","status":"publish","type":"post","link":"https:\/\/www.europesays.com\/fr\/34761\/","title":{"rendered":"Bertrand Chameroy \u00e9pingle BFMTV sur la gestion de la sortie de prison de Pierre Palmade"},"content":{"rendered":"<p>                             Par     <a class=\"fig-content-metas__author\" href=\"https:\/\/www.lefigaro.fr\/auteur\/julia-baudin\" rel=\"author noopener\" target=\"_blank\">Julia Baudin<\/a><\/p>\n<p>\n            Publi\u00e9<br \/>\n                le 17 avril 2025 \u00e0 16h13,<br \/>\n                 mis \u00e0 jour le 17 avril 2025 \u00e0 16h40<\/p>\n<p>    A gauche, Bertrand Charmeroy, \u00e0 droite, Pierre Palmade lors de son proc\u00e8s.<br \/>\n                Poitout Florian\/ABACA \/ Poitout Florian<\/p>\n<p>Dans la chronique qu\u2019il tient chaque matin sur France Inter, le journaliste et chroniqueur se moque de l\u2019importance ridicule donn\u00e9e par la cha\u00eene info au retour \u00e0 la maison, sous bracelet \u00e9lectronique, du com\u00e9dien.<\/p>\n<p class=\"fig-paragraph\">Certaines personnalit\u00e9s font parfois beaucoup parler d\u2019elles, bien contre leur gr\u00e9. Le ph\u00e9nom\u00e8ne prend une ampleur in\u00e9dite lorsqu\u2019il offre aux journalistes concurrents une occasion nouvelle de se tirer dans les pattes. Ainsi <strong>Bertrand Chameroy<\/strong>, qui sur\u00a0<a href=\"http:\/\/tvmag.lefigaro.fr\/programme-tv\/actu-tele\/supporter-patrick-cohen-soir-et-matin-le-petit-tacle-de-bertrand-chameroy-sur-france-inter-20250414\" target=\"_blank\" data-fig-type=\"Article\" rel=\"noopener\" data-gtm-custom-categorie=\"navigation\" data-gtm-custom-action=\"crossclick\" data-gtm-custom-label=\"Contextuel\" data-gtm-event=\"customEventSPE\" data-fig-domain=\"TVMAG\">France Inter<\/a>, s\u2019est amus\u00e9 \u00e0 compter le nombre de citations du nom de\u00a0<a href=\"http:\/\/www.lefigaro.fr\/actualite-france\/dossier\/affaire-pierre-palmade\" target=\"_blank\" data-fig-type=\"Topic\" rel=\"noopener\" data-gtm-custom-categorie=\"navigation\" data-gtm-custom-action=\"crossclick\" data-gtm-custom-label=\"Contextuel\" data-gtm-event=\"customEventSPE\" data-fig-domain=\"LEFIGARO\">Pierre Palmade<\/a>\u00a0en l\u2019espace de 24 heures sur\u00a0<a href=\"http:\/\/tvmag.lefigaro.fr\/programme-tv\/actu-tele\/lea-salame-sonia-mabrouk-emilie-tran-nguyen-ces-personnalites-draguees-par-bfmtv-20250417\" target=\"_blank\" data-fig-type=\"Article\" rel=\"noopener\" data-gtm-custom-categorie=\"navigation\" data-gtm-custom-action=\"crossclick\" data-gtm-custom-label=\"Contextuel\" data-gtm-event=\"customEventSPE\" data-fig-domain=\"TVMAG\">BFMTV<\/a>.<\/p>\n<p class=\"fig-paragraph\">Dans sa chronique de ce 17 avril, celui qui remplace temporairement\u00a0<a href=\"http:\/\/tvmag.lefigaro.fr\/programme-tv\/actu-tele\/france-inter-bertrand-chameroy-remplace-matthieu-noel-lors-de-son-conge-paternite-20250325\" target=\"_blank\" data-fig-type=\"Article\" rel=\"noopener\" data-gtm-custom-categorie=\"navigation\" data-gtm-custom-action=\"crossclick\" data-gtm-custom-label=\"Contextuel\" data-gtm-event=\"customEventSPE\" data-fig-domain=\"TVMAG\">Matthieu No\u00ebl<\/a>\u00a0aux manettes du billet de 7h55 dans le \u00ab7\/10\u00bb de la cha\u00eene de radio, est revenu sur la lib\u00e9ration sous bracelet \u00e9lectronique de l\u2019humoriste apr\u00e8s seulement 5 mois de prison, mais aussi, et surtout, sur le traitement de cette information par BFMTV.<\/p>\n<p class=\"fig-body-link\">\n            \u00c0 lire aussi<br \/>\n        <a class=\"fig-body-link__link\" href=\"http:\/\/tvmag.lefigaro.fr\/programme-tv\/actu-tele\/beaucoup-de-moyens-pour-pas-grand-chose-quotidien-se-paie-bfmtv-qui-a-filme-la-sortie-de-prison-de-pierre-palmade-20250416\" data-fig-type=\"Article\" data-gtm-custom-categorie=\"navigation\" data-gtm-custom-action=\"crossclick\" data-gtm-custom-label=\"Contextuel\" data-gtm-event=\"customEventSPE\" data-fig-domain=\"TVMAG\" target=\"_blank\" rel=\"noopener\">\u00abBeaucoup de moyens pour pas grand-chose\u00bb\u00a0: \u00abQuotidien\u00bb se paie BFMTV qui a film\u00e9 la sortie de prison de Pierre Palmade<br \/>\n    <\/a>\n<\/p>\n<p>Condamn\u00e9 \u00e0 2 ans de prison<\/p>\n<p class=\"fig-paragraph\">Pour rappel, Pierre Palmade a \u00e9t\u00e9 condamn\u00e9 \u00e0 2 ans de prison pour avoir provoqu\u00e9, sous l\u2019influence de la drogue, un accident de voiture dans lequel une jeune femme, enceinte de 6 mois, a perdu son b\u00e9b\u00e9, et un jeune enfant a \u00e9t\u00e9 gri\u00e8vement bless\u00e9. L\u2019humoriste a quitt\u00e9 mercredi matin le centre p\u00e9nitentiaire de Bordeaux-Gradignan et poursuivra sa peine \u00e0 domicile.<\/p>\n<p>\u00a0\u00bb<br \/>\n        data-script=\u00a0\u00bbhttps:\/\/static.lefigaro.fr\/widget-video\/short-ttl\/video\/index.js\u00a0\u00bb<br \/>\n    &gt;<\/p>\n<p class=\"fig-paragraph\">Un non-\u00e9v\u00e8nement dans la vie d\u2019un quidam. Une affaire d\u2019\u00c9tat dans celle d\u2019un people dont les journalistes se sont empar\u00e9s, notamment BFMTV qui est all\u00e9 jusqu\u2019\u00e0 casser son antenne pour filmer le retour \u00e0 la maison du com\u00e9dien. \u00abPour quelles raisons BFM a-t-elle d\u00e9clench\u00e9 une priorit\u00e9 au direct hier \u00e0 9h42\u00a0?\u00bb, demande le chroniqueur, avant de poursuivre\u00a0:<\/p>\n<p class=\"fig-paragraph\">\u00abR\u00e9ponse A, parce qu\u2019Isra\u00ebl et la Palestine ont d\u00e9cid\u00e9 que c\u2019\u00e9tait quand m\u00eame bien mieux de se tenir main dans la main. R\u00e9ponse B, parce que Nicolas Dupont-Aignan a tenu un propos sens\u00e9. Ou r\u00e9ponse C, parce que cha\u00eene d\u2019info peut-\u00eatre, mais si on peut donner dans le magazine people bien craspec avec les images qui bougent, \u00e7a booste l\u2019audience donc on ne va pas s\u2019en priver\u00bb.<\/p>\n<p class=\"fig-body-link\">\n            \u00c0 lire aussi<br \/>\n        <a class=\"fig-body-link__link\" href=\"http:\/\/www.lefigaro.fr\/bordeaux\/l-amenagement-de-peine-de-pierre-palmade-juge-en-appel-a-bordeaux-ce-vendredi-20250411\" data-fig-type=\"NewsFlash\" data-gtm-custom-categorie=\"navigation\" data-gtm-custom-action=\"crossclick\" data-gtm-custom-label=\"Contextuel\" data-gtm-event=\"customEventSPE\" data-fig-domain=\"LEFIGARO\" target=\"_blank\" rel=\"noopener\">L\u2019am\u00e9nagement de peine de Pierre Palmade jug\u00e9 en appel \u00e0 Bordeaux ce vendredi<br \/>\n    <\/a>\n<\/p>\n<p class=\"fig-paragraph\">Vip\u00e9rin comme \u00e0 son habitude, Bertrand Chameroy poursuit\u00a0: \u00abLa bonne r\u00e9ponse est \u00e9videmment, la r\u00e9ponse C. Pierre Palmade a regagn\u00e9 son domicile et il n\u2019en fallait pas plus pour que BFMTV se poste devant et casse l\u2019antenne pour nous offrir l\u2019un de ces moments t\u00e9l\u00e9 qui fera date. Et la France enti\u00e8re se rappellera de ce qu\u2019elle faisait ce 16 avril 2025&#8230;\u00bb<\/p>\n<p class=\"fig-paragraph\">Montage sonore \u00e0 l\u2019appui des voix des journalistes de BFMTV r\u00e9p\u00e9tant \u00e0 l\u2019envi le nom de la star d\u00e9chue, il va plus loin en expliquant qu\u2019il s\u2019est amus\u00e9 (ou pas) \u00e0 compter le nombre de fois o\u00f9 son nom a \u00e9t\u00e9 prononc\u00e9 en l\u2019espace de 24 heures\u00a0: \u00ab172 fois \u00e0 l\u2019antenne. (&#8230;) En tout cas, n\u2019h\u00e9sitez pas \u00e0 nous rappeler d\u00e8s que Pierre Palmade sort de la maison de Pierre Palmade pour aller faire des courses pour remplir le frigo de Pierre Palmade\u00bb.<\/p>\n<p class=\"fig-paragraph\">Cette histoire qui n\u2019en est pas une soul\u00e8ve une autre question. Qui a pass\u00e9 la nuit \u00e0 compter? Lui? Une IA? Ou des stagiaires?<\/p>\n<p>\u00a0\u00bb<br \/>\n        data-script=\u00a0\u00bbhttps:\/\/static.lefigaro.fr\/widget-video\/short-ttl\/video\/index.js\u00a0\u00bb<br \/>\n    &gt;<\/p>\n","protected":false},"excerpt":{"rendered":"Par Julia Baudin Publi\u00e9 le 17 avril 2025 \u00e0 16h13, mis \u00e0 jour le 17 avril 2025 \u00e0&hellip;\n","protected":false},"author":2,"featured_media":34762,"comment_status":"","ping_status":"","sticky":false,"template":"","format":"standard","meta":{"footnotes":""},"categories":[1356],"tags":[976,11343,10831,1000,58,59,1011,27,1714,1718,1713,973,1717,1250,1715,1716,252,1364],"class_list":{"0":"post-34761","1":"post","2":"type-post","3":"status-publish","4":"format-standard","5":"has-post-thumbnail","7":"category-television","8":"tag-actu-people","9":"tag-bertrand-chameroy","10":"tag-bfmtv","11":"tag-celebrites","12":"tag-divertissement","13":"tag-entertainment","14":"tag-fr","15":"tag-france","16":"tag-info-people","17":"tag-infos-people-du-jour","18":"tag-news-people","19":"tag-people","20":"tag-photo-people","21":"tag-pierre-palmade","22":"tag-potins-de-stars","23":"tag-potins-people","24":"tag-television","25":"tag-tv"},"share_on_mastodon":{"url":"https:\/\/pubeurope.com\/@fr\/114360641380430987","error":""},"_links":{"self":[{"href":"https:\/\/www.europesays.com\/fr\/wp-json\/wp\/v2\/posts\/34761","targetHints":{"allow":["GET"]}}],"collection":[{"href":"https:\/\/www.europesays.com\/fr\/wp-json\/wp\/v2\/posts"}],"about":[{"href":"https:\/\/www.europesays.com\/fr\/wp-json\/wp\/v2\/types\/post"}],"author":[{"embeddable":true,"href":"https:\/\/www.europesays.com\/fr\/wp-json\/wp\/v2\/users\/2"}],"replies":[{"embeddable":true,"href":"https:\/\/www.europesays.com\/fr\/wp-json\/wp\/v2\/comments?post=34761"}],"version-history":[{"count":0,"href":"https:\/\/www.europesays.com\/fr\/wp-json\/wp\/v2\/posts\/34761\/revisions"}],"wp:featuredmedia":[{"embeddable":true,"href":"https:\/\/www.europesays.com\/fr\/wp-json\/wp\/v2\/media\/34762"}],"wp:attachment":[{"href":"https:\/\/www.europesays.com\/fr\/wp-json\/wp\/v2\/media?parent=34761"}],"wp:term":[{"taxonomy":"category","embeddable":true,"href":"https:\/\/www.europesays.com\/fr\/wp-json\/wp\/v2\/categories?post=34761"},{"taxonomy":"post_tag","embeddable":true,"href":"https:\/\/www.europesays.com\/fr\/wp-json\/wp\/v2\/tags?post=34761"}],"curies":[{"name":"wp","href":"https:\/\/api.w.org\/{rel}","templated":true}]}}