{"id":347616,"date":"2025-08-27T13:00:28","date_gmt":"2025-08-27T13:00:28","guid":{"rendered":"https:\/\/www.europesays.com\/fr\/347616\/"},"modified":"2025-08-27T13:00:28","modified_gmt":"2025-08-27T13:00:28","slug":"omega-european-masters-une-78e-edition-sur-fond-de-ryder-cup","status":"publish","type":"post","link":"https:\/\/www.europesays.com\/fr\/347616\/","title":{"rendered":"Omega European Masters : une 78e \u00e9dition sur fond de Ryder Cup"},"content":{"rendered":"<p>\t\t\t\t\t\t<img width=\"770\" height=\"557\" src=\"https:\/\/www.europesays.com\/fr\/wp-content\/uploads\/2025\/08\/crans-770x557.jpg\" class=\"img-responsive wp-post-image\" alt=\"\" decoding=\"async\" fetchpriority=\"high\"  \/>\t\t\t\t\t<\/p>\n<p>\t\t\t\t\t\t Partager cet article <\/p>\n<p class=\"screen-reader-text juiz_sps_maybe_hidden_text\">Partager la publication \u00ab\u00a0Omega European Masters : une 78e \u00e9dition sur fond de Ryder Cup\u00a0\u00bb<\/p>\n<p><strong>Les organisateurs de l\u2019\u00e9preuve suisse du DP World Tour ont une nouvelle fois regroup\u00e9 un tr\u00e8s beau plateau sur le Golf de Crans-sur-Sierre. \u00c0 quelques jours de l\u2019annonce de l\u2019\u00e9quipe europ\u00e9enne de Ryder Cup, certains joueurs sont sous pression.<\/strong><\/p>\n<p>\t\t\t\t\t<a id=\"177181\" href=\"http:\/\/charleskent-golf.com\/andalucia-majors\/\" target=\"_blank\" rel=\"sponsorised nofollow noopener\"><img decoding=\"async\" src=\"data:image\/svg+xml,%3Csvg%20xmlns=\" http:=\"\" class=\"img-responsive\" alt=\"\" data-lazy-src=\"https:\/\/www.europesays.com\/fr\/wp-content\/uploads\/2025\/06\/charleskent-e03-andalucia-majors-1170x275-1.gif\"\/><\/a><\/p>\n<p><strong>N.C., \u00e0 Crans-Montana<\/strong><\/p>\n<p>Le grand soleil et les temp\u00e9ratures agr\u00e9ables qui ont accompagn\u00e9 les joueurs lors des deux Pro-Am (lundi et mercredi) et la journ\u00e9e d\u2019entra\u00eenement ne devraient pas durer. H\u00e9las ! La pluie est en effet annonc\u00e9e avec insistance pour au moins les deux premiers jours de comp\u00e9tition. Pas de quoi effrayer n\u00e9anmoins les 156 joueurs au d\u00e9part pour la 78e \u00e9dition de cette \u00e9preuve jou\u00e9e sur le par 70 (6 232 m\u00e8tres) du <strong>Golf Club de Crans-sur-Sierre<\/strong>.<\/p>\n<blockquote class=\"instagram-media\" style=\"background: #FFF; border: 0; border-radius: 3px; box-shadow: 0 0 1px 0 rgba(0,0,0,0.5),0 1px 10px 0 rgba(0,0,0,0.15); margin: 1px; max-width: 540px; min-width: 326px; padding: 0; width: calc(100% - 2px);\" data-instgrm-captioned=\"\" data-instgrm-permalink=\"https:\/\/www.instagram.com\/p\/DN2KrTT0v4c\/?utm_source=ig_embed&amp;utm_campaign=loading\" data-instgrm-version=\"14\">\n<\/blockquote>\n<p>\t\t\t\t\t<a id=\"181972\" href=\"https:\/\/www.azurgolftravel.com\/proamdepalsoct25\" target=\"_blank\" rel=\"sponsorised nofollow noopener\"><img decoding=\"async\" src=\"data:image\/svg+xml,%3Csvg%20xmlns=\" http:=\"\" class=\"img-responsive\" alt=\"\" data-lazy-src=\"https:\/\/www.europesays.com\/fr\/wp-content\/uploads\/2025\/08\/azurgolftravel-e01-proam-catalogne-1170x275-1.jpeg\"\/><\/a><br \/>\nLa Ryder Cup en ligne de mire<\/p>\n<p>Lundi, \u00e0 15h00 en France, <strong>Luke Donald<\/strong> annoncera ses six choix pour la prochaine <strong>Ryder Cup<\/strong> \u00e0 <strong>Bethpage<\/strong>. Alors forc\u00e9ment, il reste encore une occasion de se montrer pour faire pencher la balance. Si <strong>Shane Lowry<\/strong>,<strong> Sepp Straka<\/strong>,<strong> Ludvig \u00c5berg<\/strong>,<strong> Viktor Hovland <\/strong>et<strong> Jon Rahm<\/strong> semblent d\u00e9j\u00e0 promis \u00e0 une invitation, une place reste ind\u00e9cise.<\/p>\n<p>Double vainqueur \u00e0 Crans (2017 et 2018),<strong> Matthew Fitzpatrick<\/strong>, <a href=\"https:\/\/www.rydercup.com\/eu-rankings\" target=\"_blank\" rel=\"noopener nofollow\">onzi\u00e8me du classement par points<\/a>, est un candidat naturel et l\u00e9gitime. Le tenant du titre, <strong>Matt Wallace<\/strong>, pourrait faire basculer la d\u00e9cision en cas de doubl\u00e9. <strong>Alex Noren<\/strong>, victorieux dans les Alpes Suisses en 2009 et 2016, revient en grande forme ces derni\u00e8res semaines avec, notamment, <a href=\"https:\/\/www.golfplanete.com\/actualites\/2-611-jours-plus-tard-alex-noren-renoue-avec-la-victoire-et-place-luke-donald-dans-lembarras\/\" target=\"_blank\" rel=\"noopener nofollow\">sa victoire au Belfry le week-end dernier<\/a>. Il \u00e9tait dans l\u2019\u00e9quipe europ\u00e9enne en 2018 au <strong>Golf National<\/strong>.<\/p>\n<p><a href=\"https:\/\/www.golfplanete.com\/actualites\/les-horaires-de-depart-du-1er-tour-de-lomega-masters\/\" rel=\"nofollow noopener\" target=\"_blank\">Les horaires de d\u00e9part du premier tour.<\/a><\/p>\n<p>Si son fr\u00e8re <strong>Rasmus<\/strong> a assur\u00e9 sa place via le Ranking europ\u00e9en, <strong>Nicolai H\u00f8jgaard<\/strong> reste pour l\u2019instant \u00e0 quai. Les deux Danois sont de la partie dans le Valais. Les Anglais<strong> Marco Penge<\/strong>, deux fois vainqueur sur le Tour cette ann\u00e9e, et <strong>Aaron Rai<\/strong> gardent \u00e9galement une toute petite chance. Le nom d\u2019<strong>Harry Hall<\/strong>, <a href=\"https:\/\/www.pgatour.com\/fedexcup\" target=\"_blank\" rel=\"noopener nofollow\">17e de la FedEx Cup<\/a>, est revenu ces derniers jours, mais il n\u2019a pas effectu\u00e9 le d\u00e9placement jusqu\u2019en Suisse.<\/p>\n<p>\t\t\t\t\t<a id=\"180479\" href=\"https:\/\/www.swing.fr\/voyage\/35-14eme-edition-des-doubles-gosset-by-beachcomber\" target=\"_blank\" rel=\"sponsorised nofollow noopener\"><img decoding=\"async\" src=\"data:image\/svg+xml,%3Csvg%20xmlns=\" http:=\"\" class=\"img-responsive\" alt=\"\" data-lazy-src=\"https:\/\/www.europesays.com\/fr\/wp-content\/uploads\/2025\/07\/beachcomber-e01-doubles-gosset-26-1170x275-1.jpg\"\/><\/a><br \/>\nMiguel \u00c1ngel Jim\u00e9nez pour la 35e fois<\/p>\n<p>Comme chaque ann\u00e9e, l\u2019<strong>Omega European Masters<\/strong> fait le plein avec un champ de tr\u00e8s belle vol\u00e9e. <strong>Miguel \u00c1ngel Jim\u00e9nez<\/strong>, \u00e9g\u00e9rie d\u2019<strong>Omega<\/strong> et titr\u00e9 une fois sur ce parcours (2010), jouera le tournoi pour la 35e fois cons\u00e9cutive.<\/p>\n<p>\t\t\t\t\t<a id=\"174987\" href=\"https:\/\/www.sudfrancegolf.com\/fr\/\" target=\"_blank\" rel=\"sponsorised nofollow noopener\"><img decoding=\"async\" src=\"data:image\/svg+xml,%3Csvg%20xmlns=\" http:=\"\" class=\"img-responsive\" alt=\"\" data-lazy-src=\"https:\/\/www.europesays.com\/fr\/wp-content\/uploads\/2025\/06\/giesudfrancegolf-e02-egolf-pass-2025-v2-1170x275-1.gif\"\/><\/a><\/p>\n<blockquote class=\"instagram-media\" style=\"background: #FFF; border: 0; border-radius: 3px; box-shadow: 0 0 1px 0 rgba(0,0,0,0.5),0 1px 10px 0 rgba(0,0,0,0.15); margin: 1px; max-width: 540px; min-width: 326px; padding: 0; width: calc(100% - 2px);\" data-instgrm-captioned=\"\" data-instgrm-permalink=\"https:\/\/www.instagram.com\/reel\/DNz8a1J0Dil\/?utm_source=ig_embed&amp;utm_campaign=loading\" data-instgrm-version=\"14\">\n<\/blockquote>\n<p>\t\t\t\t<img loading=\"lazy\" decoding=\"async\" src=\"data:image\/svg+xml,%3Csvg%20xmlns=\" http:=\"\" attributionsrc=\"\" border=\"0\" height=\"1\" width=\"1\" alt=\"Advertisement\" data-lazy-src=\"https:\/\/www.europesays.com\/fr\/wp-content\/uploads\/2025\/07\/B33047934.424844126;dc_trk_aid=615928068;dc_trk_cid=236605808;ord=[timestamp];dc_lat=;dc_rdid=;tag_f.gif\"\/><\/p>\n<p>\t\t\t\t\t<a id=\"179412\" href=\"https:\/\/ad.doubleclick.net\/ddm\/trackclk\/N1153799.3770024GOLFPLANATE\/B33047934.424844126;dc_trk_aid=615928068;dc_trk_cid=236605808;dc_lat=;dc_rdid=;tag_for_child_directed_treatment=;tfua=;gdpr=${GDPR};gdpr_consent=${GDPR_CONSENT_755};ltd=;dc_tdv=1\" target=\"_blank\" rel=\"sponsorised nofollow noopener\"><img decoding=\"async\" src=\"data:image\/svg+xml,%3Csvg%20xmlns=\" http:=\"\" class=\"img-responsive\" alt=\"\" data-lazy-src=\"https:\/\/www.europesays.com\/fr\/wp-content\/uploads\/2025\/07\/callaway-e01-apex-v1-1170x275-1.jpg\"\/><\/a><\/p>\n<p>\u00c0 citer \u00e9galement la premi\u00e8re de <strong>Wyndham Clark<\/strong>, vainqueur de l\u2019<strong>U.S. Open<\/strong> en 2023. Il est accompagn\u00e9 pour cette \u00e9preuve dot\u00e9e de 3,25 millions de dollars par deux autres membres du <strong>PGA Tour<\/strong>,<strong> Patrick Rodgers <\/strong>et<strong> Erik Van Rooyen<\/strong>. Multi-vainqueur sur le circuit europ\u00e9en, <strong>Danny Willett<\/strong> est \u00e0 surveiller.<\/p>\n<p>\t\t\t\t\t<a id=\"180462\" href=\"https:\/\/www.makilas-golftour.com\/sejour\/makilas-agadir-2023-2-2\/\" target=\"_blank\" rel=\"sponsorised nofollow noopener\"><img decoding=\"async\" src=\"data:image\/svg+xml,%3Csvg%20xmlns=\" http:=\"\" class=\"img-responsive\" alt=\"\" data-lazy-src=\"https:\/\/www.europesays.com\/fr\/wp-content\/uploads\/2025\/07\/challengeorganisation-e01-rencontres-agadir-1170x275-1.jpeg\"\/><\/a><br \/>\n15 Fran\u00e7ais au d\u00e9part<\/p>\n<p>De nombreux Fran\u00e7ais ont \u00e9galement fait le d\u00e9placement : ils sont quinze au total. Outre <strong>Mike Lorenzo-Vera<\/strong>, <a href=\"https:\/\/www.golfplanete.com\/actualites\/mike-lorenzo-vera-jai-envie-de-dire-au-revoir-de-la-bonne-maniere\/\" rel=\"nofollow noopener\" target=\"_blank\">qui dispute son 285e et dernier tournoi sur le DP World Tour<\/a>, <strong>Antoine Rozner<\/strong> signe <a href=\"https:\/\/www.golfplanete.com\/actualites\/antoine-rozner-le-joueur-moyen-est-beaucoup-plus-fort-sur-le-pga-tour\/\" target=\"_blank\" rel=\"noopener nofollow\">son retour sur le sol europ\u00e9en<\/a>. <strong>Adrien Saddier<\/strong>, qui vit non loin de l\u00e0, et <strong>Martin Couvra<\/strong> veulent gratter des points dans la course aux dix spots promis pour le PGA Tour 2026.<\/p>\n<p><strong>David Ravetto<\/strong>,<strong> Romain Langasque<\/strong>,<strong> Ugo Coussaud<\/strong>,<strong> Tom Vaillant<\/strong>,<strong> Julien Brun<\/strong>,<strong> Martin Trainer<\/strong>,<strong> Alexander Levy<\/strong>,<strong> Benjamin H\u00e9bert<\/strong>,<strong> Pierre Pineau<\/strong>,<strong> Cl\u00e9ment Sordet <\/strong>et <strong>Bastien Amat<\/strong> tenteront de succ\u00e9der \u00e0 <strong>Jean-Fran\u00e7ois Lucquin<\/strong>, unique Tricolore vainqueur (2008) du tournoi dans l\u2019\u00e8re moderne.<\/p>\n<p>Le tout jeune amateur ukrainien <strong>Lev Grinberg<\/strong>, en phase de naturalisation fran\u00e7aise, a obtenu une invitation et disputera, \u00e0 17 ans, son septi\u00e8me tournoi sur le <strong>DP World Tour<\/strong>.<\/p>\n<p>\t\t\t\t\t<a id=\"181426\" href=\"https:\/\/leclub-golf.com\/fr\/green-fees?online=1&amp;utm_source=golf+planete&amp;utm_medium=referral&amp;utm_campaign=green+fee+en+ligne&amp;utm_id=green+fee+en+ligne_golf+planete_referral_banner\" target=\"_blank\" rel=\"sponsorised nofollow noopener\"><img decoding=\"async\" src=\"data:image\/svg+xml,%3Csvg%20xmlns=\" http:=\"\" class=\"img-responsive\" alt=\"\" data-lazy-src=\"https:\/\/www.europesays.com\/fr\/wp-content\/uploads\/2025\/08\/leclubgolf-e09-effet-classique-1170x275png.png\"\/><\/a><\/p>\n<p>\u00a9STUART FRANKLIN \/ GETTY IMAGES EUROPE \/ Getty Images via AFP<\/p>\n<p>\t\t\t<script async src=\"\/\/www.instagram.com\/embed.js\"><\/script><\/p>\n","protected":false},"excerpt":{"rendered":"Partager cet article Partager la publication \u00ab\u00a0Omega European Masters : une 78e \u00e9dition sur fond de Ryder Cup\u00a0\u00bb&hellip;\n","protected":false},"author":2,"featured_media":347617,"comment_status":"","ping_status":"","sticky":false,"template":"","format":"standard","meta":{"footnotes":""},"categories":[1418],"tags":[1011,27,1472,60],"class_list":{"0":"post-347616","1":"post","2":"type-post","3":"status-publish","4":"format-standard","5":"has-post-thumbnail","7":"category-golf","8":"tag-fr","9":"tag-france","10":"tag-golf","11":"tag-sports"},"share_on_mastodon":{"url":"https:\/\/pubeurope.com\/@fr\/115100858644878383","error":""},"_links":{"self":[{"href":"https:\/\/www.europesays.com\/fr\/wp-json\/wp\/v2\/posts\/347616","targetHints":{"allow":["GET"]}}],"collection":[{"href":"https:\/\/www.europesays.com\/fr\/wp-json\/wp\/v2\/posts"}],"about":[{"href":"https:\/\/www.europesays.com\/fr\/wp-json\/wp\/v2\/types\/post"}],"author":[{"embeddable":true,"href":"https:\/\/www.europesays.com\/fr\/wp-json\/wp\/v2\/users\/2"}],"replies":[{"embeddable":true,"href":"https:\/\/www.europesays.com\/fr\/wp-json\/wp\/v2\/comments?post=347616"}],"version-history":[{"count":0,"href":"https:\/\/www.europesays.com\/fr\/wp-json\/wp\/v2\/posts\/347616\/revisions"}],"wp:featuredmedia":[{"embeddable":true,"href":"https:\/\/www.europesays.com\/fr\/wp-json\/wp\/v2\/media\/347617"}],"wp:attachment":[{"href":"https:\/\/www.europesays.com\/fr\/wp-json\/wp\/v2\/media?parent=347616"}],"wp:term":[{"taxonomy":"category","embeddable":true,"href":"https:\/\/www.europesays.com\/fr\/wp-json\/wp\/v2\/categories?post=347616"},{"taxonomy":"post_tag","embeddable":true,"href":"https:\/\/www.europesays.com\/fr\/wp-json\/wp\/v2\/tags?post=347616"}],"curies":[{"name":"wp","href":"https:\/\/api.w.org\/{rel}","templated":true}]}}