{"id":347618,"date":"2025-08-27T13:01:13","date_gmt":"2025-08-27T13:01:13","guid":{"rendered":"https:\/\/www.europesays.com\/fr\/347618\/"},"modified":"2025-08-27T13:01:13","modified_gmt":"2025-08-27T13:01:13","slug":"les-excuses-des-absents-de-la-reprise-de-lalterna-stade-poitevin","status":"publish","type":"post","link":"https:\/\/www.europesays.com\/fr\/347618\/","title":{"rendered":"les excuses des absents de la reprise de l\u2019Alterna Stade Poitevin"},"content":{"rendered":"<p>L\u2019Alterna Stade Poitevin \u00e9tait loin d\u2019\u00eatre au complet pour la reprise de l\u2019entra\u00eenement (1). Mais les absents n\u2019ont pas forc\u00e9ment tort, ou du moins ils ont de tr\u00e8s bonnes excuses. \u00c0 commencer par le coach <strong>Dan Lewis<\/strong>, en pleine pr\u00e9paration avec le Canada pour les championnats du monde qui se d\u00e9rouleront du 12 au 28\u00a0septembre aux Philippines. C\u2019est \u00e9galement le cas de <strong><a target=\"_self\" href=\"https:\/\/www.lanouvellerepublique.fr\/poitiers\/msl-pourquoi-dusan-nikolic-revient-a-l-alterna-stade-poitevin-1749192539\" rel=\"noopener\">Dusan Nikolic<\/a><\/strong> qui devrait logiquement \u00eatre retenu avec la Serbie, contrairement \u00e0 <strong><a target=\"_self\" href=\"https:\/\/www.lanouvellerepublique.fr\/poitiers\/msl-l-alterna-stade-poitevin-s-offre-un-renfort-geant-1750435398\" rel=\"noopener\">Lukas Maase<\/a><\/strong>. Le central allemand a subi une petite intervention chirurgicale \u00e0 un genou ces derni\u00e8res semaines et arrivera dans la Vienne d\u00e9but septembre quand ses co\u00e9quipiers s\u2019envoleront pour l\u2019Asie.<\/p>\n<p><strong>Thomas Pujol<\/strong> et l\u2019adjoint <strong>K\u00e9vin Cerda<\/strong> sont, eux, d\u00e9j\u00e0 en pleine comp\u00e9tition plan\u00e9taire de la cat\u00e9gorie U21 en Chine qui se terminera le 31\u00a0ao\u00fbt. Le r\u00e9ceptionneur-attaquant poitevin a affront\u00e9 l\u2019Ukraine ce lundi avec\u00a0 une victoire (3-1) et 12 points (10 attaques gagnantes, 2 contres gagnants) \u00e0 la cl\u00e9.<\/p>\n<p>Armin Afshin Far attend son visa<\/p>\n<p>M\u00eame s\u2019ils restent jeunes, <strong><a target=\"_self\" href=\"https:\/\/www.lanouvellerepublique.fr\/poitiers\/il-m-a-dit-que-je-pouvais-y-aller-les-yeux-fermes-zachary-hollands-part-en-campagne-avec-l-alterna-stade-poitevin-1751646915\" rel=\"noopener\">Zachary Hollands<\/a><\/strong> (25\u00a0ans) et <strong><a target=\"_self\" href=\"https:\/\/www.lanouvellerepublique.fr\/poitiers\/msl-kevin-kobrine-double-k-et-double-menace-pour-l-alterna-stade-poitevin-1752250249\" rel=\"noopener\">Kevin Kobrine<\/a><\/strong> (25\u00a0ans) sont d\u00e9j\u00e0 un peu trop vieux pour les rendez-vous destin\u00e9s aux U21. Mais cela n\u2019emp\u00eache pas le r\u00e9ceptionneur-attaquant canadien et le pointu am\u00e9ricain de d\u00e9fendre les couleurs de leur pays \u00e0 l\u2019occasion de la Pan American Cup qui se d\u00e9roulera du 26 au 31\u00a0ao\u00fbt au Mexique. Les deux Nord-Am\u00e9ricains devraient donc logiquement d\u00e9barquer d\u00e9but septembre dans la Vienne. Avant <strong><a target=\"_self\" href=\"https:\/\/www.lanouvellerepublique.fr\/poitiers\/msl-armin-afshin-far-le-nouvel-atout-de-l-alterna-stade-poitevin-1754647512\" rel=\"noopener\">Armin Afshin Far<\/a><\/strong>\u00a0? <\/p>\n<p>Le r\u00e9ceptionneur-attaquant iranien attend toujours son visa pour l\u2019Hexagone et l\u2019Alterna SPVB travaille sur ce dossier administratif. Peu importe sa date d\u2019arriv\u00e9e, <strong>Simon Gill<\/strong> sera l\u00e0 pour l\u2019accueillir. Le jeune passeur stadiste est actuellement en rattrapage scolaire et va rejoindre le groupe stadiste mercredi. Un groupe stadiste pas encore d\u00e9finitif puisqu\u2019un passeur devrait le renforcer avant le d\u00e9but de la saison, pour suppl\u00e9er <a target=\"_self\" href=\"https:\/\/www.lanouvellerepublique.fr\/poitiers\/msl-le-gros-coup-dur-pour-l-alterna-stade-poitevin-avec-la-blessure-d-anatole-chaboissant-1755869592\" rel=\"noopener\">Anatole Chaboissant<\/a>.<\/p>\n<\/p>\n<p>(1) : Eshenko, Picard, Magnin, Massimino, Pierrot, Renevot \u00e9taient pr\u00e9sents comme le convalescent Anatole Chaboissant et Tanguy Le Meur, sans club.<\/p>\n<p>\u00a0<\/p>\n","protected":false},"excerpt":{"rendered":"L\u2019Alterna Stade Poitevin \u00e9tait loin d\u2019\u00eatre au complet pour la reprise de l\u2019entra\u00eenement (1). Mais les absents n\u2019ont&hellip;\n","protected":false},"author":2,"featured_media":347619,"comment_status":"","ping_status":"","sticky":false,"template":"","format":"standard","meta":{"footnotes":""},"categories":[1417],"tags":[1654,1011,27,1655,1653,60,1584,1470,1469],"class_list":{"0":"post-347618","1":"post","2":"type-post","3":"status-publish","4":"format-standard","5":"has-post-thumbnail","7":"category-volley","8":"tag-alterna-stade-poitevin-volley-ball","9":"tag-fr","10":"tag-france","11":"tag-ligue-a","12":"tag-poitiers","13":"tag-sports","14":"tag-vienne","15":"tag-volley","16":"tag-volleyball"},"share_on_mastodon":{"url":"","error":""},"_links":{"self":[{"href":"https:\/\/www.europesays.com\/fr\/wp-json\/wp\/v2\/posts\/347618","targetHints":{"allow":["GET"]}}],"collection":[{"href":"https:\/\/www.europesays.com\/fr\/wp-json\/wp\/v2\/posts"}],"about":[{"href":"https:\/\/www.europesays.com\/fr\/wp-json\/wp\/v2\/types\/post"}],"author":[{"embeddable":true,"href":"https:\/\/www.europesays.com\/fr\/wp-json\/wp\/v2\/users\/2"}],"replies":[{"embeddable":true,"href":"https:\/\/www.europesays.com\/fr\/wp-json\/wp\/v2\/comments?post=347618"}],"version-history":[{"count":0,"href":"https:\/\/www.europesays.com\/fr\/wp-json\/wp\/v2\/posts\/347618\/revisions"}],"wp:featuredmedia":[{"embeddable":true,"href":"https:\/\/www.europesays.com\/fr\/wp-json\/wp\/v2\/media\/347619"}],"wp:attachment":[{"href":"https:\/\/www.europesays.com\/fr\/wp-json\/wp\/v2\/media?parent=347618"}],"wp:term":[{"taxonomy":"category","embeddable":true,"href":"https:\/\/www.europesays.com\/fr\/wp-json\/wp\/v2\/categories?post=347618"},{"taxonomy":"post_tag","embeddable":true,"href":"https:\/\/www.europesays.com\/fr\/wp-json\/wp\/v2\/tags?post=347618"}],"curies":[{"name":"wp","href":"https:\/\/api.w.org\/{rel}","templated":true}]}}