{"id":347620,"date":"2025-08-27T13:02:10","date_gmt":"2025-08-27T13:02:10","guid":{"rendered":"https:\/\/www.europesays.com\/fr\/347620\/"},"modified":"2025-08-27T13:02:10","modified_gmt":"2025-08-27T13:02:10","slug":"deces-a-39-ans-dun-ancien-joueur","status":"publish","type":"post","link":"https:\/\/www.europesays.com\/fr\/347620\/","title":{"rendered":"d\u00e9c\u00e8s \u00e0 39 ans d&rsquo;un ancien joueur"},"content":{"rendered":"<p>Le monde du rugby est en deuil. Ce mercredi, <strong>la f\u00e9d\u00e9ration n\u00e9o-z\u00e9landaise a annonc\u00e9 le d\u00e9c\u00e8s de Shane Christie<\/strong>, ancien troisi\u00e8me ligne. <strong>Ce dernier \u00e9tait \u00e2g\u00e9 de 39 ans.<\/strong> Il a notamment fait les beaux jours des Crusaders (2013) puis des Highlanders (2014-2016) en Super Rugby. International <a data-ilj-link-preview=\"true\" data-featured-image=\"\" data-excerpt=\"Les All Blacks, l&#039;\u00e9quipe nationale de rugby de la Nouvelle-Z\u00e9lande, est l&#039;une des \u00e9quipes les plus dominantes de l&#039;histoire du sport. Depuis leur cr\u00e9ation en 1903, ils ont remport\u00e9 de nombreux titres majeurs, notamment la Coupe du Monde de Rugby \u00e0 trois reprises, en 1987, 2011 et 2015. Les n\u00e9o-z\u00e9landais ont une r\u00e9putation mondiale de\u2026\" href=\"https:\/\/www.xvovalie.com\/all-blacks-nouvelle-zelande\/\" rel=\"nofollow noopener\" target=\"_blank\">n\u00e9o-z\u00e9landais<\/a> \u00e0 sept, <strong>il a \u00e9galement \u00e9t\u00e9 s\u00e9lectionn\u00e9 \u00e0 8 reprises avec les Maori All Blacks<\/strong>. <\/p>\n<p>Il voulait l\u00e9guer son cerveau \u00e0 des chercheurs<\/p>\n<p>Selon le New Zealand Herald, les amis de l\u2019ex flanker le soup\u00e7onnent d\u2019avoir mis fin \u00e0 ses jours m\u00eame si la police n\u2019a pour le moment pas confirm\u00e9 les causes exactes du d\u00e9c\u00e8s. <\/p>\n<p><strong>Christie pensait souffrir d\u2019enc\u00e9phalopathie traumatique chronique<\/strong> (ETC), une maladie c\u00e9r\u00e9brale d\u00e9g\u00e9n\u00e9rative li\u00e9e \u00e0 plusieurs traumatismes cr\u00e2niens. Cette maladie <strong>ne peut d\u2019ailleurs \u00eatre diagnostiqu\u00e9e de fa\u00e7on d\u00e9finitive que lors d\u2019une autopsie<\/strong>, en pr\u00e9levant un \u00e9chantillon de tissu c\u00e9r\u00e9bral sur la personne d\u00e9c\u00e9d\u00e9e. L\u2019ancien troisi\u00e8me ligne <strong>souhaitait d\u2019ailleurs l\u00e9guer son cerveau \u00e0 des chercheurs<\/strong>, afin d\u2019alerter davantage sur les risques des commotions c\u00e9r\u00e9brales et lutter pour un rugby plus s\u00fbr : \u201cSans dons de cerveaux, nous ne pourrons pas d\u00e9terminer le temps n\u00e9cessaire \u00e0 l\u2019apparition de cette maladie. Il est important de soutenir la recherche en Nouvelle-Z\u00e9lande\u201c, avait l\u00e2ch\u00e9 Shane Christie lors d\u2019une r\u00e9cente interview. <\/p>\n<p>Ce dernier \u00e9tait d\u2019ailleurs un ami proche de Billy Guyton, qui s\u2019\u00e9tait suicid\u00e9 en 2023 et <strong>premier joueur n\u00e9o-z\u00e9landais \u00e0 avoir re\u00e7u un diagnostic d\u2019ETC<\/strong>. Christie a particip\u00e9 \u00e0 la cr\u00e9ation de la fondation Billy Guyton qui vise \u00e0 mieux comprendre les cons\u00e9quences de ces innombrables chocs cr\u00e2niens sur les terrains. <\/p>\n<p>Shane Christie <strong>souffrait ces derniers temps de violents maux de t\u00eate et de pertes de m\u00e9moire<\/strong> et s\u2019est longtemps battu pour que le rugby prenne au s\u00e9rieux les commotions c\u00e9r\u00e9brales. Il \u00e9tait devenu l\u2019un des portes paroles de cette cause au pays. Nous adressons nos plus sinc\u00e8res condol\u00e9ances \u00e0 sa famille et ses proches. <\/p>\n<p>Biberonn\u00e9 au rugby, tomb\u00e9 malade de ce sport lors de la Coupe du Monde 2003, alors que je savais \u00e0 peine marcher, je suis le seul sudiste ayant reni\u00e9 le Stade Toulousain pour l\u2019autre Stade\u2026 Fran\u00e7ais. Condamn\u00e9 \u00e0 souffrir avec mon club de c\u0153ur, j\u2019esp\u00e8re vous transmettre mon amour pour la balle ovale \u00e0 travers XV Ovalie !<\/p>\n","protected":false},"excerpt":{"rendered":"Le monde du rugby est en deuil. Ce mercredi, la f\u00e9d\u00e9ration n\u00e9o-z\u00e9landaise a annonc\u00e9 le d\u00e9c\u00e8s de Shane&hellip;\n","protected":false},"author":2,"featured_media":347621,"comment_status":"","ping_status":"","sticky":false,"template":"","format":"standard","meta":{"footnotes":""},"categories":[1416],"tags":[48372,1011,27,48373,48374,479,1468,48375,60],"class_list":{"0":"post-347620","1":"post","2":"type-post","3":"status-publish","4":"format-standard","5":"has-post-thumbnail","7":"category-rugby","8":"tag-crusaders","9":"tag-fr","10":"tag-france","11":"tag-highlanders","12":"tag-maori-all-blacks","13":"tag-rugby","14":"tag-rugby-football","15":"tag-shane-christie","16":"tag-sports"},"share_on_mastodon":{"url":"https:\/\/pubeurope.com\/@fr\/115100866598136034","error":""},"_links":{"self":[{"href":"https:\/\/www.europesays.com\/fr\/wp-json\/wp\/v2\/posts\/347620","targetHints":{"allow":["GET"]}}],"collection":[{"href":"https:\/\/www.europesays.com\/fr\/wp-json\/wp\/v2\/posts"}],"about":[{"href":"https:\/\/www.europesays.com\/fr\/wp-json\/wp\/v2\/types\/post"}],"author":[{"embeddable":true,"href":"https:\/\/www.europesays.com\/fr\/wp-json\/wp\/v2\/users\/2"}],"replies":[{"embeddable":true,"href":"https:\/\/www.europesays.com\/fr\/wp-json\/wp\/v2\/comments?post=347620"}],"version-history":[{"count":0,"href":"https:\/\/www.europesays.com\/fr\/wp-json\/wp\/v2\/posts\/347620\/revisions"}],"wp:featuredmedia":[{"embeddable":true,"href":"https:\/\/www.europesays.com\/fr\/wp-json\/wp\/v2\/media\/347621"}],"wp:attachment":[{"href":"https:\/\/www.europesays.com\/fr\/wp-json\/wp\/v2\/media?parent=347620"}],"wp:term":[{"taxonomy":"category","embeddable":true,"href":"https:\/\/www.europesays.com\/fr\/wp-json\/wp\/v2\/categories?post=347620"},{"taxonomy":"post_tag","embeddable":true,"href":"https:\/\/www.europesays.com\/fr\/wp-json\/wp\/v2\/tags?post=347620"}],"curies":[{"name":"wp","href":"https:\/\/api.w.org\/{rel}","templated":true}]}}