{"id":347622,"date":"2025-08-27T13:03:11","date_gmt":"2025-08-27T13:03:11","guid":{"rendered":"https:\/\/www.europesays.com\/fr\/347622\/"},"modified":"2025-08-27T13:03:11","modified_gmt":"2025-08-27T13:03:11","slug":"us-open-bellucci-sur-alcaraz-quil-retrouve-au-2e-tour-un-ami-ma-envoye-un-sms-en-2020-pour-me-dire-ce-gars-va-etre-tres-tres-bon-il-avait-16-ans-moi-18-et-il-ma-battu-6-2-6-1","status":"publish","type":"post","link":"https:\/\/www.europesays.com\/fr\/347622\/","title":{"rendered":"US Open > Bellucci sur Alcaraz, qu&rsquo;il retrouve au 2e tour : \u00ab\u00a0Un ami m&rsquo;a envoy\u00e9 un SMS en 2020 pour me dire : &lsquo;Ce gars va \u00eatre tr\u00e8s, tr\u00e8s bon.&rsquo; Il avait 16 ans, moi 18, et il m&rsquo;a battu 6-2, 6-1\u00a0\u00bb"},"content":{"rendered":"<p>Avant d\u2019affronter Carlos Alcaraz au deuxi\u00e8me tour de l\u2019US Open, l\u2019Italien Mattia Bellucci (65e mondial) s\u2019est rem\u00e9\u00admor\u00e9 au micro de l\u2019<a href=\"https:\/\/www.atptour.com\/en\/news\/bellucci-us-open-2025-feature\" data-wpel-link=\"external\" target=\"_blank\" rel=\"nofollow external noopener\">ATP<\/a> leur unique confron\u00adta\u00adtion, disput\u00e9e en 2020 lors d\u2019un tournoi ITF au sein de l\u2019acad\u00e9mie Rafael Nadal, \u00e0 Majorque.<\/p>\n<p><strong>\u00ab\u202fUn ami m\u2019a envoy\u00e9 un SMS pour me dire\u00a0: \u2018Ce gars va \u00eatre tr\u00e8s, tr\u00e8s bon\u2019. J\u2019ai r\u00e9pondu\u00a0: \u2018Je ne connais pas ce gars\u2019, car il avait deux ans de moins que moi et je n\u2019avais pas beau\u00adcoup jou\u00e9 chez les juniors. \u00c0 l\u2019\u00e9poque, je ne connais\u00adsais donc pas son nom. Il avait 16 ans et moi 18. Je suis entr\u00e9 sur le court et j\u2019ai jou\u00e9 les trois premiers jeux, et je me suis dit\u00a0: \u2018Je ne vais peut\u2010\u00eatre pas gagner, mais je peux \u00eatre comp\u00e9\u00adtitif dans ce match. Puis j\u2019ai perdu 2 et 1. C\u2019\u00e9tait un match tr\u00e8s diffi\u00adcile, et je ne m\u2019y atten\u00addais pas, mais main\u00adte\u00adnant je le connais mieux\u202f!\u202f\u00bb<\/strong><\/p>\n<p class=\"post-published-date\" style=\"color: silver; font-size: 75%; text-align: left;\">Publi\u00e9 le mercredi 27 ao\u00fbt 2025 \u00e0 13:45<\/p>\n","protected":false},"excerpt":{"rendered":"Avant d\u2019affronter Carlos Alcaraz au deuxi\u00e8me tour de l\u2019US Open, l\u2019Italien Mattia Bellucci (65e mondial) s\u2019est rem\u00e9\u00admor\u00e9 au&hellip;\n","protected":false},"author":2,"featured_media":347623,"comment_status":"","ping_status":"","sticky":false,"template":"","format":"standard","meta":{"footnotes":""},"categories":[1415],"tags":[1744,1011,27,1960,60,1467],"class_list":{"0":"post-347622","1":"post","2":"type-post","3":"status-publish","4":"format-standard","5":"has-post-thumbnail","7":"category-tennis","8":"tag-alcaraz","9":"tag-fr","10":"tag-france","11":"tag-nadal","12":"tag-sports","13":"tag-tennis"},"share_on_mastodon":{"url":"https:\/\/pubeurope.com\/@fr\/115100870436629951","error":""},"_links":{"self":[{"href":"https:\/\/www.europesays.com\/fr\/wp-json\/wp\/v2\/posts\/347622","targetHints":{"allow":["GET"]}}],"collection":[{"href":"https:\/\/www.europesays.com\/fr\/wp-json\/wp\/v2\/posts"}],"about":[{"href":"https:\/\/www.europesays.com\/fr\/wp-json\/wp\/v2\/types\/post"}],"author":[{"embeddable":true,"href":"https:\/\/www.europesays.com\/fr\/wp-json\/wp\/v2\/users\/2"}],"replies":[{"embeddable":true,"href":"https:\/\/www.europesays.com\/fr\/wp-json\/wp\/v2\/comments?post=347622"}],"version-history":[{"count":0,"href":"https:\/\/www.europesays.com\/fr\/wp-json\/wp\/v2\/posts\/347622\/revisions"}],"wp:featuredmedia":[{"embeddable":true,"href":"https:\/\/www.europesays.com\/fr\/wp-json\/wp\/v2\/media\/347623"}],"wp:attachment":[{"href":"https:\/\/www.europesays.com\/fr\/wp-json\/wp\/v2\/media?parent=347622"}],"wp:term":[{"taxonomy":"category","embeddable":true,"href":"https:\/\/www.europesays.com\/fr\/wp-json\/wp\/v2\/categories?post=347622"},{"taxonomy":"post_tag","embeddable":true,"href":"https:\/\/www.europesays.com\/fr\/wp-json\/wp\/v2\/tags?post=347622"}],"curies":[{"name":"wp","href":"https:\/\/api.w.org\/{rel}","templated":true}]}}