{"id":347624,"date":"2025-08-27T13:05:11","date_gmt":"2025-08-27T13:05:11","guid":{"rendered":"https:\/\/www.europesays.com\/fr\/347624\/"},"modified":"2025-08-27T13:05:11","modified_gmt":"2025-08-27T13:05:11","slug":"deux-revenants-et-deux-wild-cards-sur-la-liste-des-inscrits-pour-barcelone","status":"publish","type":"post","link":"https:\/\/www.europesays.com\/fr\/347624\/","title":{"rendered":"Deux revenants et deux wild-cards sur la liste des inscrits pour Barcelone"},"content":{"rendered":"<p>La liste des inscrits au prochain Grand Prix MotoGP, qui aura lieu la semaine prochaine \u00e0 Barcelone, contient plusieurs noms qui attirent l&rsquo;\u0153il.<\/p>\n<p>D&rsquo;une part, elle pr\u00e9figure le retour \u00e0 la comp\u00e9tition de deux pilotes bless\u00e9s, <a href=\"https:\/\/fr.motorsport.com\/driver\/maverick-vinales\/96553\/\" target=\"_blank\" rel=\"noopener nofollow\">Maverick Vi\u00f1ales<\/a> (Tech3 KTM) et <a href=\"https:\/\/fr.motorsport.com\/driver\/somkiat-chantra\/823104\/\" target=\"_blank\" rel=\"noopener nofollow\">Somkiat Chantra<\/a> (LCR Honda). L&rsquo;Espagnol est touch\u00e9 \u00e0 l&rsquo;\u00e9paule gauche depuis une lourde chute survenue pendant les qualifications du Sachsenring, il y a un mois et demi. Il a tent\u00e9 un premier retour en Autriche, avant de jeter l&rsquo;\u00e9ponge dans le courant du week-end. Remplac\u00e9 \u00e0 deux reprises par <a href=\"https:\/\/fr.motorsport.com\/driver\/pol-espargaro\/94345\/\" target=\"_blank\" rel=\"noopener nofollow\">Pol Espargar\u00f3<\/a>, il esp\u00e8re cette fois \u00eatre suffisamment remis pour relancer son championnat en commen\u00e7ant donc par son \u00e9preuve \u00e0 domicile.<\/p>\n<p>Somkiat Chantra a quant \u00e0 lui manqu\u00e9 quatre Grands Prix complets depuis qu&rsquo;il s&rsquo;est bless\u00e9 \u00e0 l&rsquo;entra\u00eenement, d\u00e9but juillet. Touch\u00e9 au genou droit, il doit subir un contr\u00f4le m\u00e9dical lundi visant \u00e0 ent\u00e9riner sa capacit\u00e9 \u00e0 reprendre la piste. Un retour sur lequel compte son \u00e9quipe, le team LCR, sachant qu&rsquo;un seul remplacement du Tha\u00eflandais a jusqu&rsquo;ici \u00e9t\u00e9 assur\u00e9, en l&rsquo;occurrence par <a href=\"https:\/\/fr.motorsport.com\/driver\/takaaki-nakagami\/109418\/\" target=\"_blank\" rel=\"noopener nofollow\">Takaaki Nakagami<\/a> \u00e0 Brno.<\/p>\n<p>Enfin, deux pilotes ont \u00e9t\u00e9 inscrits en tant que wild-card pour cette 15e manche de la saison\u00a0:\u00a0<a href=\"https:\/\/fr.motorsport.com\/driver\/aleix-espargaro\/90382\/\" target=\"_blank\" rel=\"noopener nofollow\">Aleix Espargar\u00f3<\/a> (Honda) et <a href=\"https:\/\/fr.motorsport.com\/driver\/lorenzo-savadori\/408147\/\" target=\"_blank\" rel=\"noopener nofollow\">Lorenzo Savadori<\/a> (Aprilia). L&rsquo;Espagnol s&rsquo;est pourtant lui aussi bless\u00e9 tr\u00e8s r\u00e9cemment, victime d&rsquo;une lourde chute \u00e0 v\u00e9lo alors qu&rsquo;il partage aujourd&rsquo;hui son temps entre une carri\u00e8re de cycliste professionnel et le r\u00f4le de pilote essayeur pour le HRC.<\/p>\n<p>Espargar\u00f3 a d\u00e9j\u00e0 \u00e9t\u00e9 align\u00e9 sur trois Grands Prix cette saison et il aurait justement d\u00fb remplacer Chantra pendant les courses du mois d&rsquo;ao\u00fbt, mais a finalement d\u00fb garder le repos pour soigner deux vert\u00e8bres fractur\u00e9es et de multiples abrasions notamment au niveau de la jambe droite.<\/p>\n<p>La situation de Lorenzo Savadori est bien plus simple, pour le plus grand soulagement d&rsquo;Aprilia. Le pilote italien a assur\u00e9 le remplacement de <a href=\"https:\/\/fr.motorsport.com\/driver\/jorge-martin\/109391\/\" target=\"_blank\" rel=\"noopener nofollow\">Jorge Mart\u00edn<\/a> durant la majeure partie de la premi\u00e8re moiti\u00e9 du championnat et il est aujourd&rsquo;hui en capacit\u00e9 de disputer un Grand Prix plus ax\u00e9 sur le d\u00e9veloppement de la RS-GP, en profitant des <a href=\"https:\/\/fr.motorsport.com\/motogp\/news\/concessions-motogp-differences-constructeurs-reglement\/10692129\/\" target=\"_self\" rel=\"noopener nofollow\">concessions<\/a> qui permettent au constructeur d&rsquo;engager une wild-card.<\/p>\n<p>Ces quatre noms portent \u00e0 24 le nombre de pilotes sur la liste provisoire des inscrits au GP de Catalogne, ce qui en fait le maximum observ\u00e9 cette saison. Rendez-vous est pris du 5 au 7 septembre \u00e0 Barcelone, avec \u00e0 la veille des premiers essais les visites m\u00e9dicales officielles auxquelles les bless\u00e9s devront se soumettre afin d&rsquo;obtenir le feu vert final pour reprendre la piste.<\/p>\n<p style=\"text-align: right;\">Avec\u00a0Germ\u00e1n Garcia Casanova<\/p>\n<p>Lire aussi :<\/p>\n<p>Dans cet article<\/p>\n<p>Soyez le premier inform\u00e9 et souscrivez aux alertes mails pour recevoir les infos en temps r\u00e9el<\/p>\n<p>    S&rsquo;abonner aux alertes de news<\/p>\n","protected":false},"excerpt":{"rendered":"La liste des inscrits au prochain Grand Prix MotoGP, qui aura lieu la semaine prochaine \u00e0 Barcelone, contient&hellip;\n","protected":false},"author":2,"featured_media":347625,"comment_status":"","ping_status":"","sticky":false,"template":"","format":"standard","meta":{"footnotes":""},"categories":[1413],"tags":[16819,3563,25466,48376,1011,27,48377,3345,47880,5130,5712,1457,1456,1458,16689,60,3374],"class_list":{"0":"post-347624","1":"post","2":"type-post","3":"status-publish","4":"format-standard","5":"has-post-thumbnail","7":"category-moto","8":"tag-aleix-espargaru00f3","9":"tag-aprilia-racing-team","10":"tag-circuit-de-barcelona-catalunya","11":"tag-deux-revenants-et-deux-wild-cards-sur-la-liste-des-inscrits-pour-barcelone","12":"tag-fr","13":"tag-france","14":"tag-gp-de-catalogne","15":"tag-honda-hrc","16":"tag-lcr-honda","17":"tag-lorenzo-savadori","18":"tag-maverick-viu00f1ales","19":"tag-moto","20":"tag-motocycle","21":"tag-motogp","22":"tag-somkiat-chantra","23":"tag-sports","24":"tag-tech-3"},"share_on_mastodon":{"url":"https:\/\/pubeurope.com\/@fr\/115100878488274338","error":""},"_links":{"self":[{"href":"https:\/\/www.europesays.com\/fr\/wp-json\/wp\/v2\/posts\/347624","targetHints":{"allow":["GET"]}}],"collection":[{"href":"https:\/\/www.europesays.com\/fr\/wp-json\/wp\/v2\/posts"}],"about":[{"href":"https:\/\/www.europesays.com\/fr\/wp-json\/wp\/v2\/types\/post"}],"author":[{"embeddable":true,"href":"https:\/\/www.europesays.com\/fr\/wp-json\/wp\/v2\/users\/2"}],"replies":[{"embeddable":true,"href":"https:\/\/www.europesays.com\/fr\/wp-json\/wp\/v2\/comments?post=347624"}],"version-history":[{"count":0,"href":"https:\/\/www.europesays.com\/fr\/wp-json\/wp\/v2\/posts\/347624\/revisions"}],"wp:featuredmedia":[{"embeddable":true,"href":"https:\/\/www.europesays.com\/fr\/wp-json\/wp\/v2\/media\/347625"}],"wp:attachment":[{"href":"https:\/\/www.europesays.com\/fr\/wp-json\/wp\/v2\/media?parent=347624"}],"wp:term":[{"taxonomy":"category","embeddable":true,"href":"https:\/\/www.europesays.com\/fr\/wp-json\/wp\/v2\/categories?post=347624"},{"taxonomy":"post_tag","embeddable":true,"href":"https:\/\/www.europesays.com\/fr\/wp-json\/wp\/v2\/tags?post=347624"}],"curies":[{"name":"wp","href":"https:\/\/api.w.org\/{rel}","templated":true}]}}