{"id":347630,"date":"2025-08-27T13:08:12","date_gmt":"2025-08-27T13:08:12","guid":{"rendered":"https:\/\/www.europesays.com\/fr\/347630\/"},"modified":"2025-08-27T13:08:12","modified_gmt":"2025-08-27T13:08:12","slug":"georges-mikautadze-lame-dun-leader","status":"publish","type":"post","link":"https:\/\/www.europesays.com\/fr\/347630\/","title":{"rendered":"Georges Mikautadze, l&rsquo;\u00e2me d&rsquo;un leader ?"},"content":{"rendered":"<p>                            <img width=\"770\" height=\"433\" src=\"https:\/\/www.europesays.com\/fr\/wp-content\/uploads\/2025\/06\/AFP__20250313__372A8DZ__v1__HighRes__FblEurC3LyonFscb-770x433.jpg\" class=\"attachment-article size-article wp-post-image\" alt=\"Georges Mikautadze buteur lors d'OL - FCSB\" decoding=\"async\" fetchpriority=\"high\"  \/><\/p>\n<p>Georges Mikautadze buteur lors d\u2019OL \u2013 FCSB (Photo by JEAN-PHILIPPE KSIAZEK \/ AFP)<\/p>\n<p>Apr\u00e8s le d\u00e9part d&rsquo;Alexandre Lacazette, Georges Mikautadze est devenu le nouveau num\u00e9ro 9 de l&rsquo;OL. Un poste \u00e0 responsabilit\u00e9 qu&rsquo;il faut \u00eatre capable d&rsquo;assumer.<\/p>\n<p>C&rsquo;\u00e9tait le r\u00eave d&rsquo;un gamin \u00e0 qui <strong>l&rsquo;OL <\/strong>n&rsquo;a pas su laisser sa chance \u00e0 l&rsquo;Acad\u00e9mie. Aujourd&rsquo;hui, Georges <strong>Mikautadze <\/strong>porte le symbolique num\u00e9ro 69 et occupe le poste de buteur entre Rh\u00f4ne et Sa\u00f4ne. Une belle revanche ? Si l&rsquo;attaquant \u00e9voluait dans l&rsquo;ombre du capitaine Alexandre <strong>Lacazette <\/strong>la saison derni\u00e8re, il est aujourd&rsquo;hui sous la lumi\u00e8re du Parc OL. La passation de pouvoir a eu lieu. <a href=\"https:\/\/www.olympique-et-lyonnais.com\/ol-mikautadze-un-flambeau-a-recuperer-et-a-assumer,375395.html\" target=\"_blank\" rel=\"noopener\">Responsabilit\u00e9<\/a> et efficacit\u00e9 sont les ma\u00eetres-mots que le G\u00e9orgien<strong> <\/strong>doit porter au quotidien.<\/p>\n<p>Le joueur de 24 ans a sign\u00e9 une pr\u00e9paration estivale solide, ponctu\u00e9e de trois buts. Pour <a href=\"https:\/\/www.olympique-et-lyonnais.com\/ol-ligue-1-mikautadze-debloque-son-compteur-des-la-reprise,376166.html\" target=\"_blank\" rel=\"noopener\">la rentr\u00e9e des classes<\/a> \u00e0 Lens (0-1), il d\u00e9livrait m\u00eame son \u00e9quipe sur une offrande de Malick <strong>Fofana<\/strong>. Mais samedi dernier face \u00e0 <strong>Metz<\/strong> (3-0), il s&rsquo;est montr\u00e9 moins en verve, dans un contexte particulier. Lui qui <a href=\"https:\/\/www.olympique-et-lyonnais.com\/ol-metz-mikautadze-retrouve-les-messins,376089.html\" target=\"_blank\" rel=\"noopener\">a retrouv\u00e9 le club<\/a> qui l&rsquo;a lanc\u00e9 dans le monde professionnel. Lundi soir, l&rsquo;\u00e9quipe de <a href=\"https:\/\/www.olympique-et-lyonnais.com\/lol-en-tete-de-la-l1-avant-lom,377091.html\" target=\"_blank\" rel=\"noopener\">Tant qu&rsquo;il y aura des Gones<\/a> s&rsquo;est interrog\u00e9e sur le nouveau r\u00f4le de Georges Mikautadze au sein de l&rsquo;effectif.<\/p>\n<p>Un certain temps d&rsquo;adaptation<\/p>\n<p>Le natif de Lyon a eu les occasions face aux Messins, mais il n&rsquo;est pas parvenu \u00e0 les convertir en but. Cela ne l&rsquo;a pas emp\u00each\u00e9 de participer \u00e0 la communion avec les supporters pour f\u00eater la deuxi\u00e8me victoire en championnat (3-0). Notre consultant Nicolas <strong>Puydebois <\/strong>analysait la situation. \u00ab\u00a0Il faut qu&rsquo;il retrouve du rythme, des automatismes avec certains de ses milieux de terrain. Aujourd&rsquo;hui, il rentre dans les matchs avec la peau du titulaire, avec la pression qu&rsquo;avait Alexandre Lacazette l&rsquo;ann\u00e9e derni\u00e8re. C&rsquo;est lui qu&rsquo;on attend au tournant pour marquer des buts\u00a0\u00bb, a-t-il observ\u00e9.<\/p>\n<p>L&rsquo;ancien gardien et aujourd&rsquo;hui membre du staff du Goal FC poursuit. \u00ab\u00a0Tant qu&rsquo;un avant-centre se cr\u00e9e des occasions, c&rsquo;est la r\u00e9alisation qui reste \u00e0 am\u00e9liorer. Il s&rsquo;en est procur\u00e9. On ne va pas lui demander de faire du Lacazette et de venir dans le c\u0153ur du jeu\u00a0\u00bb, a pr\u00e9cis\u00e9 le triple champion de France. Ex-milieu offensif lyonnais, Enzo <strong>Reale<\/strong>, s&rsquo;est concentr\u00e9 sur son placement sur le terrain. \u00ab\u00a0Je l&rsquo;ai trouv\u00e9 assez esseul\u00e9 donc il avait tendance \u00e0 d\u00e9zoner, a-t-il soulign\u00e9. Ce n&rsquo;est pas sa mission, il est l\u00e0 pour \u00e9tirer les lignes et pour combiner. Je pense qu&rsquo;il va trouver ses marques progressivement, ce sont des automatismes \u00e0 prendre.\u00a0\u00bb<\/p>\n<p>A lui de prendre le costume<\/p>\n<p>Form\u00e9 \u00e0 l&rsquo;OL, mais pas conserv\u00e9 en raison d&rsquo;un physique jug\u00e9 trop fr\u00eale, Georges Mikautadze a continu\u00e9 \u00e0 travailler \u00e0 <strong>Saint-Priest<\/strong> avant d&rsquo;int\u00e9grer le FC Metz. Amaury <strong>Barlet<\/strong>, historique formateur de l&rsquo;Acad\u00e9mie parti cet \u00e9t\u00e9 <a href=\"https:\/\/www.olympique-et-lyonnais.com\/amaury-barlet-ex-ol-nouveau-directeur-sportif-du-cascol,376245.html\" target=\"_blank\" rel=\"noopener\">au Cascol<\/a>, conna\u00eet bien le buteur. Invit\u00e9 de TKYDG, il est revenu sur son parcours. \u00ab\u00a0C&rsquo;est un gar\u00e7on que l&rsquo;on a eu \u00e0 l&rsquo;\u00e9cole de foot \u00e0 la pr\u00e9formation. J&rsquo;avais un \u0153il tr\u00e8s attentif \u00e0 la suite de sa carri\u00e8re, notamment \u00e0 Saint-Priest\u00a0\u00bb, a confi\u00e9 le dirigeant.<\/p>\n<p>Son ancien entra\u00eeneur ne se fait d&rsquo;ailleurs aucun souci pour lui. \u00ab\u00a0Georges est un footballeur qui a besoin d&rsquo;avoir des occasions, a-t-il insist\u00e9. Il a d\u00e9sormais un autre costume, celui qu&rsquo;il voulait. C&rsquo;est un gar\u00e7on qui est passionn\u00e9 de Lyon. Il veut y briller, et malgr\u00e9 la frustration de la rencontre (face \u00e0 Metz), il n&rsquo;a pas montr\u00e9 qu&rsquo;il \u00e9tait d\u00e9\u00e7u et a particip\u00e9 au cri de guerre. C&rsquo;est rare pour un attaquant\u00a0\u00bb. Le Rhodanien dispose maintenant d&rsquo;un nouveau r\u00f4le. Celui d&rsquo;un leader pour une \u00e9quipe en transition, entre jeunesse et \u00e9l\u00e9ments d&rsquo;exp\u00e9rience.<\/p><\/p>\n","protected":false},"excerpt":{"rendered":"Georges Mikautadze buteur lors d\u2019OL \u2013 FCSB (Photo by JEAN-PHILIPPE KSIAZEK \/ AFP) Apr\u00e8s le d\u00e9part d&rsquo;Alexandre Lacazette,&hellip;\n","protected":false},"author":2,"featured_media":213119,"comment_status":"","ping_status":"","sticky":false,"template":"","format":"standard","meta":{"footnotes":""},"categories":[1410],"tags":[63,1011,27,4677,241,60],"class_list":{"0":"post-347630","1":"post","2":"type-post","3":"status-publish","4":"format-standard","5":"has-post-thumbnail","7":"category-football","8":"tag-football","9":"tag-fr","10":"tag-france","11":"tag-georges-mikautadze","12":"tag-ol","13":"tag-sports"},"share_on_mastodon":{"url":"https:\/\/pubeurope.com\/@fr\/115100890465542016","error":""},"_links":{"self":[{"href":"https:\/\/www.europesays.com\/fr\/wp-json\/wp\/v2\/posts\/347630","targetHints":{"allow":["GET"]}}],"collection":[{"href":"https:\/\/www.europesays.com\/fr\/wp-json\/wp\/v2\/posts"}],"about":[{"href":"https:\/\/www.europesays.com\/fr\/wp-json\/wp\/v2\/types\/post"}],"author":[{"embeddable":true,"href":"https:\/\/www.europesays.com\/fr\/wp-json\/wp\/v2\/users\/2"}],"replies":[{"embeddable":true,"href":"https:\/\/www.europesays.com\/fr\/wp-json\/wp\/v2\/comments?post=347630"}],"version-history":[{"count":0,"href":"https:\/\/www.europesays.com\/fr\/wp-json\/wp\/v2\/posts\/347630\/revisions"}],"wp:featuredmedia":[{"embeddable":true,"href":"https:\/\/www.europesays.com\/fr\/wp-json\/wp\/v2\/media\/213119"}],"wp:attachment":[{"href":"https:\/\/www.europesays.com\/fr\/wp-json\/wp\/v2\/media?parent=347630"}],"wp:term":[{"taxonomy":"category","embeddable":true,"href":"https:\/\/www.europesays.com\/fr\/wp-json\/wp\/v2\/categories?post=347630"},{"taxonomy":"post_tag","embeddable":true,"href":"https:\/\/www.europesays.com\/fr\/wp-json\/wp\/v2\/tags?post=347630"}],"curies":[{"name":"wp","href":"https:\/\/api.w.org\/{rel}","templated":true}]}}